{"id":32663,"date":"2025-03-24T22:02:20","date_gmt":"2025-03-25T01:02:20","guid":{"rendered":"https:\/\/pcb.org.br\/portal2\/?p=32663"},"modified":"2025-03-24T22:02:20","modified_gmt":"2025-03-25T01:02:20","slug":"pcb-103-anos-uma-historia-de-lutas","status":"publish","type":"post","link":"https:\/\/pcb.org.br\/portal2\/32663","title":{"rendered":"PCB 103 anos: uma hist\u00f3ria de lutas"},"content":{"rendered":"<p><img data-recalc-dims=\"1\" loading=\"lazy\" decoding=\"async\" data-attachment-id=\"32664\" data-permalink=\"https:\/\/pcb.org.br\/portal2\/32663\/image-4-12\" data-orig-file=\"https:\/\/i0.wp.com\/pcb.org.br\/portal2\/wp-content\/uploads\/2025\/03\/image-4.png?fit=1280%2C1280&amp;ssl=1\" data-orig-size=\"1280,1280\" data-comments-opened=\"0\" data-image-meta=\"{&quot;aperture&quot;:&quot;0&quot;,&quot;credit&quot;:&quot;&quot;,&quot;camera&quot;:&quot;&quot;,&quot;caption&quot;:&quot;&quot;,&quot;created_timestamp&quot;:&quot;0&quot;,&quot;copyright&quot;:&quot;&quot;,&quot;focal_length&quot;:&quot;0&quot;,&quot;iso&quot;:&quot;0&quot;,&quot;shutter_speed&quot;:&quot;0&quot;,&quot;title&quot;:&quot;&quot;,&quot;orientation&quot;:&quot;0&quot;}\" data-image-title=\"image (4)\" data-image-description=\"\" data-image-caption=\"\" data-large-file=\"https:\/\/i0.wp.com\/pcb.org.br\/portal2\/wp-content\/uploads\/2025\/03\/image-4.png?fit=747%2C747&amp;ssl=1\" class=\"alignnone size-large wp-image-32664\" src=\"https:\/\/i0.wp.com\/pcb.org.br\/portal2\/wp-content\/uploads\/2025\/03\/image-4.png?resize=747%2C747&#038;ssl=1\" alt=\"\" width=\"747\" height=\"747\" srcset=\"https:\/\/i0.wp.com\/pcb.org.br\/portal2\/wp-content\/uploads\/2025\/03\/image-4.png?resize=900%2C900&amp;ssl=1 900w, https:\/\/i0.wp.com\/pcb.org.br\/portal2\/wp-content\/uploads\/2025\/03\/image-4.png?resize=300%2C300&amp;ssl=1 300w, https:\/\/i0.wp.com\/pcb.org.br\/portal2\/wp-content\/uploads\/2025\/03\/image-4.png?resize=150%2C150&amp;ssl=1 150w, https:\/\/i0.wp.com\/pcb.org.br\/portal2\/wp-content\/uploads\/2025\/03\/image-4.png?resize=768%2C768&amp;ssl=1 768w, https:\/\/i0.wp.com\/pcb.org.br\/portal2\/wp-content\/uploads\/2025\/03\/image-4.png?w=1280&amp;ssl=1 1280w\" sizes=\"auto, (max-width: 747px) 100vw, 747px\" \/><!--more--><\/p>\n<p><strong>Fomos, Somos e Seremos Comunistas!<\/strong><\/p>\n<p>O Partido Comunista Brasileiro comemora, no dia 25 de mar\u00e7o, 103 anos de exist\u00eancia, na mais longeva trajet\u00f3ria de vida de um partido no Brasil, marcada pelas lutas em defesa da classe trabalhadora, pela supera\u00e7\u00e3o do capitalismo e pela constru\u00e7\u00e3o da revolu\u00e7\u00e3o socialista em nosso pa\u00eds.<\/p>\n<p>Os e as comunistas brasileiros\/as desenvolveram uma an\u00e1lise marxista da realidade brasileira, tomando por base a luta de classes em nossa sociedade. Foram importantes contribui\u00e7\u00f5es feitas, dentre muitos outros, por Astrojildo Pereira, Oct\u00e1vio Brand\u00e3o, Ana Montenegro, Caio Prado J\u00fanior.<\/p>\n<p>O Partido teve, e tem, uma significativa contribui\u00e7\u00e3o no campo da cultura, agregando em suas fileiras grandes artistas pl\u00e1sticos, arquitetos, poetas, escritores, dramaturgos, cineastas, m\u00fasicos, compositores, sambistas, cantores e tantos outros expoentes da cultura brasileira, tais como Laura Brand\u00e3o, Edison Carneiro, Solano Trindade, Vianinha, Oscar Niemeyer, Lila Ripol, Graciliano Ramos, Jorge Amado, Paulo da Portela, Nelson Pereira dos Santos, Leon Hirszman.<\/p>\n<p>A luta das mulheres trabalhadoras, iniciada no come\u00e7o do s\u00e9culo XX, teve uma intensa participa\u00e7\u00e3o das comunistas. Foram criadas entidades nacionais e v\u00e1rias organiza\u00e7\u00f5es estaduais. O jornal Momento Feminino foi um marco do feminismo classista.<\/p>\n<p>Por ser um partido voltado para a luta oper\u00e1ria, o PCB sempre teve, desde sua funda\u00e7\u00e3o, um n\u00famero significativo de negros e negras em suas fileiras e nas suas dire\u00e7\u00f5es.<\/p>\n<p>Apresentou o primeiro candidato negro \u00e0 presid\u00eancia da Rep\u00fablica. Defendeu a liberdade de cultos, em especial, os de matriz africana, garantida na Constituinte de 1946, por meio de projeto dos comunistas.<\/p>\n<p>Podemos destacar a participa\u00e7\u00e3o dos\/as comunistas no combate ao fascismo, pela entrada do pa\u00eds na II Guerra Mundial, na luta pelo Petr\u00f3leo \u00e9 Nosso, pelo n\u00e3o envio de soldados \u00e0 Coreia, por v\u00e1rias anistias de presos pol\u00edticos, pelo fim da censura, pelas liberdades democr\u00e1ticas e tantas outras lutas. Em todos esses momentos, \u00e9 preciso destacar figuras como Luiz Carlos Prestes, Greg\u00f3rio Bezerra, Jo\u00e3o Saldanha, Elisa Branco, Maria Brand\u00e3o dos Reis, Nise da Silveira, Carlos Marighella.<\/p>\n<p>O PCB passou a maior parte de sua vida na clandestinidade, com poucos per\u00edodos de legalidade, como de 1945 a 1947. Enfrentou duas ditaduras, a de Get\u00falio Vargas e a imposta pelo golpe de 64. Sofreu inclemente persegui\u00e7\u00e3o durante todo esse per\u00edodo, at\u00e9 voltar \u00e0 legalidade em 1985. Diversos militantes foram presos, v\u00e1rios foram para o ex\u00edlio e muitos foram assassinados, a exemplo de Olga Ben\u00e1rio (entregue aos nazistas por Vargas), Nestor Veras, Jos\u00e9 Montenegro de Lima, Jaime Miranda, Vlado Herzog, Manoel Fiel Filho (v\u00edtimas da Opera\u00e7\u00e3o Radar, durante a ditadura de 1964-1985).<\/p>\n<p><strong>Aos nossos her\u00f3is, dedicamos nossa hist\u00f3ria de lutas!<\/strong><\/p>\n<p>Enfrentamos, em 1992, aqueles que tentaram acabar com o PCB. O Partido n\u00e3o deixou de existir um segundo sequer, pois foi mantido na Confer\u00eancia de Reorganiza\u00e7\u00e3o do PCB, que reuniu cerca de 500 militantes de todo o pa\u00eds, no mesmo dia da tentativa de extin\u00e7\u00e3o do partido.<\/p>\n<p>Nesses \u00faltimos 33 anos, o PCB vem se estruturando em todo o pa\u00eds, organizado em todos os estados e no Distrito Federal. Os coletivos partid\u00e1rios, a Unidade Classista, a Uni\u00e3o da Juventude Comunista, o Coletivo Feminista Classista Ana Montenegro, o Coletivo Negro Minervino e o LGBT Comunista se espalham pelo pa\u00eds, organizando as lutas da classe trabalhadora, pelo poder popular e o socialismo.<\/p>\n<p>Nossas homenagens a esta aguerrida milit\u00e2ncia que jamais deixar\u00e1 nosso partido acabar.<\/p>\n<p>\u201cN\u00e3o \u00e9 mole n\u00e3o! \u00c9 imposs\u00edvel acabar com o Partid\u00e3o!\u201d<\/p>\n<p>Marta Bar\u00e7ante &#8211; Presidente da Funda\u00e7\u00e3o Dinarco Reis (texto adaptado da Agenda FDR-PCB de 2022)<\/p>\n","protected":false},"excerpt":{"rendered":"<a class=\"moretag\" href=\"https:\/\/pcb.org.br\/portal2\/32663\"> <\/a>","protected":false},"author":8,"featured_media":0,"comment_status":"closed","ping_status":"closed","sticky":false,"template":"","format":"standard","meta":{"jetpack_post_was_ever_published":false,"_jetpack_newsletter_access":"","_jetpack_dont_email_post_to_subs":false,"_jetpack_newsletter_tier_id":0,"_jetpack_memberships_contains_paywalled_content":false,"_jetpack_memberships_contains_paid_content":false,"footnotes":"","jetpack_publicize_message":"","jetpack_publicize_feature_enabled":true,"jetpack_social_post_already_shared":true,"jetpack_social_options":{"image_generator_settings":{"template":"highway","default_image_id":0,"font":"","enabled":false},"version":2}},"categories":[365,93,46,26,5],"tags":[219,246],"class_list":["post-32663","post","type-post","status-publish","format-standard","hentry","category-centenario-do-pcb","category-c106-comemoracoes","category-c56-memoria","category-c25-notas-politicas-do-pcb","category-s4-pcb","tag-manchete","tag-np"],"jetpack_publicize_connections":[],"jetpack_featured_media_url":"","jetpack_shortlink":"https:\/\/wp.me\/p659gw-8uP","jetpack-related-posts":[],"jetpack_likes_enabled":true,"jetpack_sharing_enabled":true,"_links":{"self":[{"href":"https:\/\/pcb.org.br\/portal2\/wp-json\/wp\/v2\/posts\/32663","targetHints":{"allow":["GET"]}}],"collection":[{"href":"https:\/\/pcb.org.br\/portal2\/wp-json\/wp\/v2\/posts"}],"about":[{"href":"https:\/\/pcb.org.br\/portal2\/wp-json\/wp\/v2\/types\/post"}],"author":[{"embeddable":true,"href":"https:\/\/pcb.org.br\/portal2\/wp-json\/wp\/v2\/users\/8"}],"replies":[{"embeddable":true,"href":"https:\/\/pcb.org.br\/portal2\/wp-json\/wp\/v2\/comments?post=32663"}],"version-history":[{"count":1,"href":"https:\/\/pcb.org.br\/portal2\/wp-json\/wp\/v2\/posts\/32663\/revisions"}],"predecessor-version":[{"id":32665,"href":"https:\/\/pcb.org.br\/portal2\/wp-json\/wp\/v2\/posts\/32663\/revisions\/32665"}],"wp:attachment":[{"href":"https:\/\/pcb.org.br\/portal2\/wp-json\/wp\/v2\/media?parent=32663"}],"wp:term":[{"taxonomy":"category","embeddable":true,"href":"https:\/\/pcb.org.br\/portal2\/wp-json\/wp\/v2\/categories?post=32663"},{"taxonomy":"post_tag","embeddable":true,"href":"https:\/\/pcb.org.br\/portal2\/wp-json\/wp\/v2\/tags?post=32663"}],"curies":[{"name":"wp","href":"https:\/\/api.w.org\/{rel}","templated":true}]}}