{"id":32782,"date":"2025-04-30T19:08:37","date_gmt":"2025-04-30T22:08:37","guid":{"rendered":"https:\/\/pcb.org.br\/portal2\/?p=32782"},"modified":"2025-04-30T19:08:37","modified_gmt":"2025-04-30T22:08:37","slug":"indigenas-quilombolas-e-populacoes-tradicionais","status":"publish","type":"post","link":"https:\/\/pcb.org.br\/portal2\/32782","title":{"rendered":"Ind\u00edgenas, quilombolas e popula\u00e7\u00f5es tradicionais"},"content":{"rendered":"<p><img data-recalc-dims=\"1\" loading=\"lazy\" decoding=\"async\" data-attachment-id=\"32783\" data-permalink=\"https:\/\/pcb.org.br\/portal2\/32782\/sem-titulo-17\" data-orig-file=\"https:\/\/i0.wp.com\/pcb.org.br\/portal2\/wp-content\/uploads\/2025\/04\/Sem-titulo.jpg?fit=1101%2C1280&amp;ssl=1\" data-orig-size=\"1101,1280\" data-comments-opened=\"0\" data-image-meta=\"{&quot;aperture&quot;:&quot;0&quot;,&quot;credit&quot;:&quot;&quot;,&quot;camera&quot;:&quot;&quot;,&quot;caption&quot;:&quot;&quot;,&quot;created_timestamp&quot;:&quot;0&quot;,&quot;copyright&quot;:&quot;&quot;,&quot;focal_length&quot;:&quot;0&quot;,&quot;iso&quot;:&quot;0&quot;,&quot;shutter_speed&quot;:&quot;0&quot;,&quot;title&quot;:&quot;&quot;,&quot;orientation&quot;:&quot;0&quot;}\" data-image-title=\"Sem t\u00edtulo\" data-image-description=\"\" data-image-caption=\"\" data-large-file=\"https:\/\/i0.wp.com\/pcb.org.br\/portal2\/wp-content\/uploads\/2025\/04\/Sem-titulo.jpg?fit=747%2C869&amp;ssl=1\" class=\"alignnone size-large wp-image-32783\" src=\"https:\/\/i0.wp.com\/pcb.org.br\/portal2\/wp-content\/uploads\/2025\/04\/Sem-titulo.jpg?resize=747%2C869&#038;ssl=1\" alt=\"\" width=\"747\" height=\"869\" srcset=\"https:\/\/i0.wp.com\/pcb.org.br\/portal2\/wp-content\/uploads\/2025\/04\/Sem-titulo.jpg?resize=774%2C900&amp;ssl=1 774w, https:\/\/i0.wp.com\/pcb.org.br\/portal2\/wp-content\/uploads\/2025\/04\/Sem-titulo.jpg?resize=258%2C300&amp;ssl=1 258w, https:\/\/i0.wp.com\/pcb.org.br\/portal2\/wp-content\/uploads\/2025\/04\/Sem-titulo.jpg?resize=768%2C893&amp;ssl=1 768w, https:\/\/i0.wp.com\/pcb.org.br\/portal2\/wp-content\/uploads\/2025\/04\/Sem-titulo.jpg?w=1101&amp;ssl=1 1101w\" sizes=\"auto, (max-width: 747px) 100vw, 747px\" \/><!--more--><\/p>\n<p>Semin\u00e1rio da Rede Modesto da Silveira<\/p>\n<p>Apoio: Funda\u00e7\u00e3o Dinarco Reis<\/p>\n<p>N\u00e3o de hoje o PCB vem atuando junto a segmentos sociais em situa\u00e7\u00e3o de grande vulnerabilidade social, em particular ind\u00edgenas, quilombolas e popula\u00e7\u00f5es tradicionais (pescadores\/as artesanais, marisqueiras\/os, povos da floresta, quebradeiras de cocos de baba\u00e7u, vazanteiras\/os, catingueiras\/os e outros).<\/p>\n<p>O tema avulta num momento em que o pa\u00eds se prepara para a receber a COP 30, ante o fato de que muitas e muitos que comp\u00f5em esse universo s\u00e3o, n\u00e3o s\u00f3 pe\u00e7as-chave para uma rela\u00e7\u00e3o com um meio ambiente equilibrado e onde pr\u00e1ticas de conviv\u00eancia n\u00e3o destrutiva se desenrolam em alguns casos h\u00e1 centenas e centenas de anos.<\/p>\n<p>Na constru\u00e7\u00e3o dessa atividade, buscamos reunir, nos seus tr\u00eas m\u00f3dulos, algu\u00e9m que conhe\u00e7a e domine procedimentos, ritos legais e administrativos de reconhecimento, demarca\u00e7\u00e3o e titula\u00e7\u00e3o dos territ\u00f3rios desses povos, o que \u00e9 fundamental para uma vis\u00e3o de como o Estado brasileiro lida com as demandas de tais agrupamentos sociais, implicado que est\u00e1 no modo de produ\u00e7\u00e3o capitalista, assim como um camarada e\/ou companheira\/o que tem a viv\u00eancia, a pr\u00e1tica, a cotidianidade das v\u00e1rias e diferentes frentes dessas lutas, os anseios e as expectativas dessas agrupa\u00e7\u00f5es. Uma mescla que combina teoria e pr\u00e1tica, que, assim o sabemos, \u00e9 fundamental na linha da constru\u00e7\u00e3o do poder popular e da revolu\u00e7\u00e3o socialista.<\/p>\n<p>Estamos destacando, para esta tarefa, camaradas, companheiras\/os de v\u00e1rios estados, como Acre, Cear\u00e1, Rio Grande do Norte, Bras\u00edlia, Rio de Janeiro e Goi\u00e1s, isso tamb\u00e9m como forma de aportar realidades distintas que se p\u00f5em em nosso pa\u00eds.<\/p>\n<p>A Rede Modesto da Silveira, espera, assim, contribuir para que possamos acumular em conhecimento e informa\u00e7\u00f5es de ordem pr\u00e1tica que s\u00e3o essenciais para que possamos mais e mais somar, interagir e ser part\u00edcipes diretos das lutas das nossas gentes do campo e da cidade.<\/p>\n<p>Como forma tamb\u00e9m de contribuir com a constru\u00e7\u00e3o da Funda\u00e7\u00e3o de Estudos Pol\u00edticos, Sociais e Econ\u00f4micos do Partido Comunista Brasileiro (PCB), ser\u00e1 cobrada a taxa de 40,00 para inscri\u00e7\u00e3o no Semin\u00e1rio, a ser transmitido pela Plataforma Even3. Os m\u00f3dulos ficam gravados, ser\u00e3o expedidos certificados de participa\u00e7\u00e3o e haver\u00e1 inscri\u00e7\u00f5es para bolsistas.<\/p>\n<p>PROGRAMA\u00c7\u00c3O:<\/p>\n<p>Aos s\u00e1bados (10 e 24 de maio, e 7 de junho), das 10h \u00e0s 12h.<\/p>\n<p>Temas dos m\u00f3dulos:<\/p>\n<p>1) 10 de maio \u2013 Quilombolas<\/p>\n<p>Thiago Coqueiro (Militante do Minervino de Oliveira \/ RJ, trabalhos com quilombo regi\u00e3o Serrana Sul \/ RJ) e Helga Martins (Comit\u00ea Central do PCB \/ Prof\u00aa da Universidade Federal de Jata\u00ed \/ GO)<\/p>\n<p>2) 24 de maio \u2013 Ind\u00edgenas<\/p>\n<p>Bruno (CR &#8211; PCB \/ DF, Fra\u00e7\u00e3o Ind\u00edgena, funcion\u00e1rio FUNAI) e Lu\u00eds Katu (Cacique Potiguar \/ RN)<\/p>\n<p>3) 07 de junho \u2013 Popula\u00e7\u00f5es tradicionais<\/p>\n<p>Elis\u00e2ngela (Coordenadora da OPA \/ CE) e Manoel Est\u00e9bio (CR &#8211; PCB \/ AC, Prof. da Universidade Federal do Acre)<\/p>\n<p>Como mediadores, teremos camaradas da coordena\u00e7\u00e3o da RMS.<\/p>\n<p>Link para inscri\u00e7\u00e3o no Semin\u00e1rio:\u00a0<a href=\"https:\/\/www.even3.com.br\/indigenas-quilombolas-e-populacoes-tradicionais-561306\/\"> https:\/\/www.even3.com.br\/indigenas-quilombolas-e-populacoes-tradicionais-561306\/<\/a><\/p>\n<p><span style=\"font-family: Arial, sans-serif;\"><span style=\"font-size: large;\"><b><br \/>\nAPOIE A FUNDA\u00c7\u00c3O DINARCO REIS:<\/b><\/span><\/span><\/p>\n<h6><span style=\"color: #000080;\"><u><a href=\"https:\/\/apoia.se\/fundacaodinarcoreis\" target=\"_blank\" rel=\"noopener\" data-saferedirecturl=\"https:\/\/www.google.com\/url?q=https:\/\/apoia.se\/fundacaodinarcoreis&amp;source=gmail&amp;ust=1746135263507000&amp;usg=AOvVaw3rnL-R1fruOw1omOs3aCBs\"><span style=\"font-family: Arial, sans-serif;\"><span style=\"font-size: large;\"><b>https:\/\/apoia.se\/<wbr \/>fundacaodinarcoreis<\/b><\/span><\/span><\/a><\/u><\/span><\/h6>\n<p><span style=\"color: #000080;\"><u><a href=\"https:\/\/fdinarcoreis.org.br\/\" target=\"_blank\" rel=\"noopener\" data-saferedirecturl=\"https:\/\/www.google.com\/url?q=https:\/\/fdinarcoreis.org.br\/&amp;source=gmail&amp;ust=1746135263507000&amp;usg=AOvVaw06mdnDUQdr82-_vNsy-0pv\"><span style=\"font-family: Arial, sans-serif;\"><span style=\"font-size: large;\"><b>https:\/\/fdinarcoreis.org.br\/<\/b><\/span><\/span><\/a><\/u><\/span><\/p>\n<p><span style=\"color: #000080;\"><u><a href=\"https:\/\/l.facebook.com\/l.php?u=https%3A%2F%2Flinktr.ee%2Ffundacaodinarcoreis%3Ffbclid%3DIwZXh0bgNhZW0CMTAAAR3vxcQQNyeUIi8DuRv640lhsw1BCTpGFYXvYvZ4R07l3BCwgwQoBXfM6mc_aem_R7Jt8zP2CtBHNCEn-hcCEQ&amp;h=AT0zGs-k9cKDtun6WISgp9Ja2gCpp33nshOW5ZWcZ_g62Q0IhiqG0CqGzsBL5jsLz2H0bcyJln9OwLy0o7OQkcdwmjZLT2g-gapk7bs4ha3O7sej5pmzZjFiPygoNvX70-IHJn5lWs8jcwSGThar\" target=\"_blank\" rel=\"noopener\" data-saferedirecturl=\"https:\/\/www.google.com\/url?q=https:\/\/l.facebook.com\/l.php?u%3Dhttps%253A%252F%252Flinktr.ee%252Ffundacaodinarcoreis%253Ffbclid%253DIwZXh0bgNhZW0CMTAAAR3vxcQQNyeUIi8DuRv640lhsw1BCTpGFYXvYvZ4R07l3BCwgwQoBXfM6mc_aem_R7Jt8zP2CtBHNCEn-hcCEQ%26h%3DAT0zGs-k9cKDtun6WISgp9Ja2gCpp33nshOW5ZWcZ_g62Q0IhiqG0CqGzsBL5jsLz2H0bcyJln9OwLy0o7OQkcdwmjZLT2g-gapk7bs4ha3O7sej5pmzZjFiPygoNvX70-IHJn5lWs8jcwSGThar&amp;source=gmail&amp;ust=1746135263507000&amp;usg=AOvVaw12tU1cLC6lWIfybSPJl3p-\"><span style=\"font-family: Arial, sans-serif;\"><span style=\"font-size: large;\"><b>https:\/\/linktr.ee\/<wbr \/>fundacaodinarcoreis<\/b><\/span><\/span><\/a><\/u><\/span><\/p>\n<p>&nbsp;<\/p>\n<p><span style=\"font-family: Arial, sans-serif;\"><span style=\"font-size: large;\"><b>Acompanhe as m\u00eddias do Jornal O Poder Popular:<\/b><\/span><\/span><\/p>\n<p><span style=\"color: #000080;\"><u><a href=\"https:\/\/linktr.ee\/jornalopoderpopular\" target=\"_blank\" rel=\"noopener\" data-saferedirecturl=\"https:\/\/www.google.com\/url?q=https:\/\/linktr.ee\/jornalopoderpopular&amp;source=gmail&amp;ust=1746135263507000&amp;usg=AOvVaw1naIN6OxT91ZyL_Y3yz203\"><span style=\"font-family: Arial, sans-serif;\"><span style=\"font-size: large;\"><b>https:\/\/linktr.ee\/<wbr \/>jornalopoderpopular<\/b><\/span><\/span><\/a><\/u><\/span><span style=\"font-family: Arial, sans-serif;\"><span style=\"font-size: large;\"><b>\u00a0e contribua pelo Pix\u00a0<\/b><\/span><\/span><span style=\"color: #000080;\"><u><a href=\"mailto:jornalpoderpopular@gmail.com\" target=\"_blank\" rel=\"noopener\"><span style=\"font-family: Arial, sans-serif;\"><span style=\"font-size: large;\"><b>jornalopoderpopular@gmail.com<\/b><\/span><\/span><\/a><\/u><\/span><\/p>\n<p><span style=\"font-family: Arial, sans-serif;\"><span style=\"font-size: large;\">______________________________<wbr \/>______________________________<wbr \/>_<\/span><\/span><\/p>\n<p align=\"left\"><span style=\"font-family: Arial, sans-serif;\"><span style=\"font-size: large;\"><b>Acesse as m\u00eddias do Partido Comunista Brasileiro (PCB):<\/b><\/span><\/span><\/p>\n<p align=\"left\"><span style=\"color: #467886;\"><u><span style=\"color: #000000;\"><span style=\"font-family: Arial, sans-serif;\"><span style=\"font-size: large;\"><b><a href=\"https:\/\/pcb.org.br\/portal2\/\" target=\"_blank\" rel=\"noopener\" data-saferedirecturl=\"https:\/\/www.google.com\/url?q=https:\/\/pcb.org.br\/portal2\/&amp;source=gmail&amp;ust=1746135263507000&amp;usg=AOvVaw2_gAKht4Av1KI8PZwV7sZG\">https:\/\/pcb.org.br\/portal2\/<\/a><\/b><\/span><\/span><\/span><\/u><\/span><\/p>\n<p align=\"left\"><span style=\"color: #467886;\"><u><span style=\"color: #000000;\"><span style=\"font-family: Arial, sans-serif;\"><span style=\"font-size: large;\"><b><a href=\"https:\/\/www.facebook.com\/PartidoComunistaBrasileiroPcb\/\" target=\"_blank\" rel=\"noopener\" data-saferedirecturl=\"https:\/\/www.google.com\/url?q=https:\/\/www.facebook.com\/PartidoComunistaBrasileiroPcb\/&amp;source=gmail&amp;ust=1746135263507000&amp;usg=AOvVaw3ARtHtWZlgtrynCR4SBKQv\">https:\/\/www.facebook.com\/<wbr \/>PartidoComunistaBrasileiroPcb\/<\/a><\/b><\/span><\/span><\/span><\/u><\/span><\/p>\n<p align=\"left\"><span style=\"color: #467886;\"><u><span style=\"color: #000000;\"><span style=\"font-family: Arial, sans-serif;\"><span style=\"font-size: large;\"><b><a href=\"https:\/\/www.instagram.com\/pcbpartidao\/\" target=\"_blank\" rel=\"noopener\" data-saferedirecturl=\"https:\/\/www.google.com\/url?q=https:\/\/www.instagram.com\/pcbpartidao\/&amp;source=gmail&amp;ust=1746135263507000&amp;usg=AOvVaw1Ly_IaUxjaLnfF8yW1EpM4\">https:\/\/www.instagram.com\/<wbr \/>pcbpartidao\/<\/a><\/b><\/span><\/span><\/span><\/u><\/span><\/p>\n<p align=\"left\"><span style=\"color: #000080;\"><u><a href=\"https:\/\/t.me\/canalpcbnoticias\" target=\"_blank\" rel=\"noopener\" data-saferedirecturl=\"https:\/\/www.google.com\/url?q=https:\/\/t.me\/canalpcbnoticias&amp;source=gmail&amp;ust=1746135263507000&amp;usg=AOvVaw3KxBE3paupdODhLR_rS_BV\"><span style=\"color: #000000;\"><span style=\"font-family: Arial, sans-serif;\"><span style=\"font-size: large;\"><b>https:\/\/t.me\/canalpcbnoticias<\/b><\/span><\/span><\/span><\/a><\/u><\/span><\/p>\n","protected":false},"excerpt":{"rendered":"<a class=\"moretag\" href=\"https:\/\/pcb.org.br\/portal2\/32782\"> <\/a>","protected":false},"author":8,"featured_media":0,"comment_status":"closed","ping_status":"closed","sticky":false,"template":"","format":"standard","meta":{"jetpack_post_was_ever_published":false,"_jetpack_newsletter_access":"","_jetpack_dont_email_post_to_subs":false,"_jetpack_newsletter_tier_id":0,"_jetpack_memberships_contains_paywalled_content":false,"_jetpack_memberships_contains_paid_content":false,"footnotes":"","jetpack_publicize_message":"","jetpack_publicize_feature_enabled":true,"jetpack_social_post_already_shared":true,"jetpack_social_options":{"image_generator_settings":{"template":"highway","default_image_id":0,"font":"","enabled":false},"version":2}},"categories":[231],"tags":[233],"class_list":["post-32782","post","type-post","status-publish","format-standard","hentry","category-fdr","tag-6a"],"jetpack_publicize_connections":[],"jetpack_featured_media_url":"","jetpack_shortlink":"https:\/\/wp.me\/p659gw-8wK","jetpack-related-posts":[],"jetpack_likes_enabled":true,"jetpack_sharing_enabled":true,"_links":{"self":[{"href":"https:\/\/pcb.org.br\/portal2\/wp-json\/wp\/v2\/posts\/32782","targetHints":{"allow":["GET"]}}],"collection":[{"href":"https:\/\/pcb.org.br\/portal2\/wp-json\/wp\/v2\/posts"}],"about":[{"href":"https:\/\/pcb.org.br\/portal2\/wp-json\/wp\/v2\/types\/post"}],"author":[{"embeddable":true,"href":"https:\/\/pcb.org.br\/portal2\/wp-json\/wp\/v2\/users\/8"}],"replies":[{"embeddable":true,"href":"https:\/\/pcb.org.br\/portal2\/wp-json\/wp\/v2\/comments?post=32782"}],"version-history":[{"count":1,"href":"https:\/\/pcb.org.br\/portal2\/wp-json\/wp\/v2\/posts\/32782\/revisions"}],"predecessor-version":[{"id":32784,"href":"https:\/\/pcb.org.br\/portal2\/wp-json\/wp\/v2\/posts\/32782\/revisions\/32784"}],"wp:attachment":[{"href":"https:\/\/pcb.org.br\/portal2\/wp-json\/wp\/v2\/media?parent=32782"}],"wp:term":[{"taxonomy":"category","embeddable":true,"href":"https:\/\/pcb.org.br\/portal2\/wp-json\/wp\/v2\/categories?post=32782"},{"taxonomy":"post_tag","embeddable":true,"href":"https:\/\/pcb.org.br\/portal2\/wp-json\/wp\/v2\/tags?post=32782"}],"curies":[{"name":"wp","href":"https:\/\/api.w.org\/{rel}","templated":true}]}}