{"id":328,"date":"2010-03-13T02:41:20","date_gmt":"2010-03-13T02:41:20","guid":{"rendered":"http:\/\/pcb.org.br\/portal2\/?p=328"},"modified":"2010-03-13T02:41:20","modified_gmt":"2010-03-13T02:41:20","slug":"equador-contradicoes-nas-elites","status":"publish","type":"post","link":"https:\/\/pcb.org.br\/portal2\/328","title":{"rendered":"EQUADOR: Contradi\u00e7\u00f5es nas elites"},"content":{"rendered":"\n<p>Dos pronunciamentos verbais, at\u00e9 estridentes, que alguns de seus expoentes vem efetuando no interior da Assembl\u00e9ia Nacional, agora passaram a defender a constru\u00e7\u00e3o de uma oposi\u00e7\u00e3o de massas alienada. Isto n\u00e3o \u00e9 casual nem um ensaio. A direita considera que \u00e9 o momento prop\u00edcio para estes tipos de a\u00e7\u00f5es, devido ao fato de que a rejei\u00e7\u00e3o ao governo \u00e9 superior ao respaldo popular.<\/p>\n<p>A oligarquia quer agir em meio ao descontentamento social que cresce como consequ\u00eancia do distanciamento de Rafael Correa do projeto pol\u00edtico inicial e dos erros cometidos em sua gest\u00e3o. Pesa agora no governo o distanciamento das organiza\u00e7\u00f5es populares como a CONAIE e dos integrantes da Frente Popular que, como assinalamos em ocasi\u00f5es anteriores, possuem uma importante capacidade de mobiliza\u00e7\u00e3o que poderia respaldar o governo se este fosse coerente com o projeto.<\/p>\n<p>O prop\u00f3sito da direita &#8211; nesta etapa &#8211; seria acelerar o desgaste de Correa, projetar figuras que desempenhem o papel de l\u00edderes da oposi\u00e7\u00e3o, apresentar uma frente de massas de oposi\u00e7\u00e3o e acumular for\u00e7as a seu favor. Geralmente, a direita repudia estes tipos de movimenta\u00e7\u00f5es, seja como forma de express\u00e3o de seu descontentamento, seja como mecanismo de press\u00e3o. Por\u00e9m, agora os utilizam. Apontamos o termo exato de seu significado: querem aproveitar-se delas.<\/p>\n<p>A direita objetiva manipular os setores populares e encobrir um movimento reacion\u00e1rio que desemboque no restabelecimento de um regime abertamente neoliberal. Sabe que a for\u00e7a dos movimentos pol\u00edtico-sociais radica na a\u00e7\u00e3o de massas, aspecto que Rafael Correa n\u00e3o entende ou subestima. N\u00e3o existe outra maneira de explicar seus repetidos ataques \u00e0s organiza\u00e7\u00f5es populares e seus dirigentes.<\/p>\n<p>Subestimar e, mais ainda, limitar a a\u00e7\u00e3o pol\u00edtica das massas s\u00f3 pode levar ao fracasso de um movimento pol\u00edtico-social. Esse \u00e9 o calcanhar de Aquiles da denominada &#8220;revolu\u00e7\u00e3o cidad\u00e3&#8221;, na qual a figura de Rafael Correa cumpre um papel determinante e, na sua vis\u00e3o, at\u00e9 messi\u00e2nico. N\u00e3o se trata de um erro de aprecia\u00e7\u00e3o t\u00e1tica do governo. Essa vis\u00e3o expressa sua concep\u00e7\u00e3o a respeito da natureza e dos fins de seu projeto. O desenvolvimento reformista encarna a gest\u00e3o governamental (bastante funcional ao sistema imperante). \u00c9, na verdade, um projeto concebido para ser aplicado desde &#8220;cima&#8221;, no que o protagonismo das massas poderia desvirtuar os prop\u00f3sitos e limites da &#8220;revolu\u00e7\u00e3o&#8221;.<\/p>\n<p>A proposta que se levanta nas organiza\u00e7\u00f5es populares e na esquerda reivindica o protagonismo popular no processo pol\u00edtico. Um projeto libertador s\u00f3 pode sustentar-se na a\u00e7\u00e3o e na for\u00e7a das classes e camadas trabalhadoras. \u00c9 um projeto que vai mais al\u00e9m do que Correa pretende como objetivo final. Nele n\u00e3o se apela aos povos circunstancialmente: estes s\u00e3o a ess\u00eancia e a raz\u00e3o de ser do movimento.<\/p>\n<p>Tradu\u00e7\u00e3o: Maria Fernanda M. Scelza<\/p>\n<div><\/div>\n","protected":false},"excerpt":{"rendered":"\n\n\nCr\u00e9dito: TeleSUR\n\n\n\n\nPor: Guido Proa\u00f1o A. &#8211; Opci\u00f3n\nO cen\u00e1rio pol\u00edtico do Equador experimenta uma leve, por\u00e9m importante mudan\u00e7a. Por conta de uma situa\u00e7\u00e3o de encurralamento e car\u00eancia de iniciativas, a direita esfor\u00e7a-se para se sobrepor. As reuni\u00f5es convocadas por Jaime Nebot e Carlos Vera, em Guayaquil e Quito, respectivamente, s\u00e3o uma demonstra\u00e7\u00e3o disso. No debate estabelecido com o prop\u00f3sito da aprova\u00e7\u00e3o da Lei de Comunica\u00e7\u00e3o, j\u00e1 se observou &#8211; e se observa porque isso ainda n\u00e3o est\u00e1 resolvido &#8211; a beliger\u00e2ncia com que a direita atua.\n<a class=\"moretag\" href=\"https:\/\/pcb.org.br\/portal2\/328\"> <\/a>","protected":false},"author":1,"featured_media":0,"comment_status":"open","ping_status":"open","sticky":false,"template":"","format":"standard","meta":{"jetpack_post_was_ever_published":false,"_jetpack_newsletter_access":"","_jetpack_dont_email_post_to_subs":false,"_jetpack_newsletter_tier_id":0,"_jetpack_memberships_contains_paywalled_content":false,"_jetpack_memberships_contains_paid_content":false,"footnotes":"","jetpack_publicize_message":"","jetpack_publicize_feature_enabled":true,"jetpack_social_post_already_shared":false,"jetpack_social_options":{"image_generator_settings":{"template":"highway","default_image_id":0,"font":"","enabled":false},"version":2}},"categories":[39],"tags":[],"class_list":["post-328","post","type-post","status-publish","format-standard","hentry","category-c76-equador"],"jetpack_publicize_connections":[],"jetpack_featured_media_url":"","jetpack_shortlink":"https:\/\/wp.me\/p659gw-5i","jetpack-related-posts":[],"jetpack_likes_enabled":true,"jetpack_sharing_enabled":true,"_links":{"self":[{"href":"https:\/\/pcb.org.br\/portal2\/wp-json\/wp\/v2\/posts\/328","targetHints":{"allow":["GET"]}}],"collection":[{"href":"https:\/\/pcb.org.br\/portal2\/wp-json\/wp\/v2\/posts"}],"about":[{"href":"https:\/\/pcb.org.br\/portal2\/wp-json\/wp\/v2\/types\/post"}],"author":[{"embeddable":true,"href":"https:\/\/pcb.org.br\/portal2\/wp-json\/wp\/v2\/users\/1"}],"replies":[{"embeddable":true,"href":"https:\/\/pcb.org.br\/portal2\/wp-json\/wp\/v2\/comments?post=328"}],"version-history":[{"count":0,"href":"https:\/\/pcb.org.br\/portal2\/wp-json\/wp\/v2\/posts\/328\/revisions"}],"wp:attachment":[{"href":"https:\/\/pcb.org.br\/portal2\/wp-json\/wp\/v2\/media?parent=328"}],"wp:term":[{"taxonomy":"category","embeddable":true,"href":"https:\/\/pcb.org.br\/portal2\/wp-json\/wp\/v2\/categories?post=328"},{"taxonomy":"post_tag","embeddable":true,"href":"https:\/\/pcb.org.br\/portal2\/wp-json\/wp\/v2\/tags?post=328"}],"curies":[{"name":"wp","href":"https:\/\/api.w.org\/{rel}","templated":true}]}}