{"id":32817,"date":"2025-05-08T10:07:56","date_gmt":"2025-05-08T13:07:56","guid":{"rendered":"https:\/\/pcb.org.br\/portal2\/?p=32817"},"modified":"2025-05-08T10:07:56","modified_gmt":"2025-05-08T13:07:56","slug":"nota-publica-da-ujc-repudio-ao-pcbr","status":"publish","type":"post","link":"https:\/\/pcb.org.br\/portal2\/32817","title":{"rendered":"Nota p\u00fablica da UJC: rep\u00fadio ao PCBR"},"content":{"rendered":"<p><img data-recalc-dims=\"1\" loading=\"lazy\" decoding=\"async\" data-attachment-id=\"32818\" data-permalink=\"https:\/\/pcb.org.br\/portal2\/32817\/attachment\/1000236526\" data-orig-file=\"https:\/\/i0.wp.com\/pcb.org.br\/portal2\/wp-content\/uploads\/2025\/05\/1000236526.jpg?fit=1080%2C1351&amp;ssl=1\" data-orig-size=\"1080,1351\" data-comments-opened=\"0\" data-image-meta=\"{&quot;aperture&quot;:&quot;0&quot;,&quot;credit&quot;:&quot;&quot;,&quot;camera&quot;:&quot;&quot;,&quot;caption&quot;:&quot;&quot;,&quot;created_timestamp&quot;:&quot;0&quot;,&quot;copyright&quot;:&quot;&quot;,&quot;focal_length&quot;:&quot;0&quot;,&quot;iso&quot;:&quot;0&quot;,&quot;shutter_speed&quot;:&quot;0&quot;,&quot;title&quot;:&quot;&quot;,&quot;orientation&quot;:&quot;0&quot;}\" data-image-title=\"1000236526\" data-image-description=\"\" data-image-caption=\"\" data-large-file=\"https:\/\/i0.wp.com\/pcb.org.br\/portal2\/wp-content\/uploads\/2025\/05\/1000236526.jpg?fit=719%2C900&amp;ssl=1\" class=\"alignnone size-large wp-image-32818\" src=\"https:\/\/i0.wp.com\/pcb.org.br\/portal2\/wp-content\/uploads\/2025\/05\/1000236526.jpg?resize=719%2C900&#038;ssl=1\" alt=\"\" width=\"719\" height=\"900\" srcset=\"https:\/\/i0.wp.com\/pcb.org.br\/portal2\/wp-content\/uploads\/2025\/05\/1000236526.jpg?resize=719%2C900&amp;ssl=1 719w, https:\/\/i0.wp.com\/pcb.org.br\/portal2\/wp-content\/uploads\/2025\/05\/1000236526.jpg?resize=240%2C300&amp;ssl=1 240w, https:\/\/i0.wp.com\/pcb.org.br\/portal2\/wp-content\/uploads\/2025\/05\/1000236526.jpg?resize=768%2C961&amp;ssl=1 768w, https:\/\/i0.wp.com\/pcb.org.br\/portal2\/wp-content\/uploads\/2025\/05\/1000236526.jpg?w=1080&amp;ssl=1 1080w\" sizes=\"auto, (max-width: 719px) 100vw, 719px\" \/><!--more--><\/p>\n<p><strong>UJC repudia uso indevido de seu nome pelo PCBR em pr\u00e1ticas fraudulentas<\/strong><\/p>\n<p>Na \u00faltima sexta-feira, dia 2 de maio, foi divulgado um documento interno atribu\u00eddo \u00e0 juventude do PCBR-SP \u2014 se\u00e7\u00e3o paulista de um grupo formado por ex-integrantes do PCB que organizaram um racha em 2023. O texto registra di\u00e1logos de uma reuni\u00e3o preparat\u00f3ria para o Congresso da Uni\u00e3o Nacional dos Estudantes (CONUNE), respons\u00e1vel por eleger a dire\u00e7\u00e3o da entidade. Entre as propostas discutidas, constam pr\u00e1ticas antidemocr\u00e1ticas, desonestas e criminosas, que ser\u00e3o detalhadas a seguir.<\/p>\n<p>Segundo o <a href=\"https:\/\/drive.google.com\/file\/d\/1eR-JMpIVVDv-hI6Zy2hh3b-tBa-42TAh\/view\">documento<\/a>, a juventude do PCBR planeja apresentar-se publicamente como Uni\u00e3o da Juventude Comunista (UJC) \u2014 nomenclatura que historicamente pertence \u00e0 juventude do Partido Comunista Brasileiro (PCB). Essa apropria\u00e7\u00e3o indevida pode gerar confus\u00e3o, j\u00e1 que a UJC \u00e9 oficial e organicamente vinculada ao PCB, n\u00e3o ao PCBR. Desde 2023, o PCBR vem tentando usurpar o legado hist\u00f3rico, os s\u00edmbolos e o nome da nossa juventude, <a href=\"https:\/\/ujc.org.br\/sobre-o-racha\/\">conforme j\u00e1 denunciado anteriormente por n\u00f3s<\/a>[1].<\/p>\n<p>Entre as propostas e encaminhamentos debatidos no documento, cabe destacar:<\/p>\n<p>Arrecada\u00e7\u00e3o fraudulenta: Venda de rifas com falsos vencedores e pr\u00eamios inexistentes, sob o argumento de que \u201cningu\u00e9m vai atr\u00e1s de ver quem ganhou\u201d;<\/p>\n<p>Aparelhamento de comit\u00eas: Utilizar o Comit\u00ea de Estudantes em Solidariedade ao Povo Palestino (EESPP-USP) e outras campanhas para obter lucros privados;<\/p>\n<p>Indu\u00e7\u00e3o ao voto antipol\u00edtico: Mentir para estudantes a fim de influenciar suas escolhas eleitorais;<\/p>\n<p>Censura ao direito de voto: Impedir que estudantes votem em chapas opositoras;<\/p>\n<p>Falsas acusa\u00e7\u00f5es: Forjar situa\u00e7\u00f5es de opress\u00e3o (como homofobia) para se colocar no lugar de v\u00edtima e ganhar vantagem pol\u00edtica;<\/p>\n<p>Uso indevido da marca e sigla \u201cUJC\u201d: Associar nossa identidade a a\u00e7\u00f5es que repudiamos.<\/p>\n<p>Sabemos que pr\u00e1ticas oportunistas n\u00e3o s\u00e3o novidade no movimento estudantil. Contudo, \u00e9 nosso dever denunci\u00e1-las com responsabilidade. Nosso compromisso \u00e9 construir um espa\u00e7o seguro e democr\u00e1tico para todos os estudantes, e essas t\u00e1ticas criminosas s\u00f3 afastam essa possibilidade.<\/p>\n<p><strong>A UJC n\u00e3o compactua com o oportunismo do PCBR<\/strong><\/p>\n<p>Repudiamos duramente as a\u00e7\u00f5es descritas e fazemos um alerta p\u00fablico contra o uso ileg\u00edtimo de nosso nome e s\u00edmbolos. A UJC disputar\u00e1 o CONUNE pautada pela honestidade, pelo respeito e pela responsabilidade hist\u00f3rica que temos com a constru\u00e7\u00e3o da UNE e a juventude brasileira.<\/p>\n<p>O s\u00edmbolo e o nome da UJC representam d\u00e9cadas de luta pelo socialismo junto \u00e0 classe trabalhadora e sua juventude. Jamais recorrer\u00edamos a fraudes, censura ou apropria\u00e7\u00e3o de recursos (como os do EESPP) para obter vantagens. Enganar estudantes, violar seu direito de voto e explorar causas leg\u00edtimas (como a solidariedade \u00e0 Palestina) s\u00e3o atos contrarrevolucion\u00e1rios.<\/p>\n<p>Convidamos todos os estudantes a ficarem alertas frente aos impostores que tentam se passar pela UJC e a denunciarem suas pr\u00e1ticas oportunistas. A UJC \u00e9 a juventude do Partido Comunista Brasileiro (PCB) e segue firme na luta pelo Poder Popular, rumo \u00e0 revolu\u00e7\u00e3o brasileira e ao socialismo na perspectiva do comunismo.<\/p>\n<p>Viva a Uni\u00e3o da Juventude Comunista!<\/p>\n<p>Uni\u00e3o da Juventude Comunista (UJC)<br \/>\n7 de maio de 2025<\/p>\n<p>Quebra de princ\u00edpios e posicionamentos contr\u00e1rios \u00e0 nossa forma organizativa culminaram no desligamento desses indiv\u00edduos do nosso partido h\u00e1 cerca de dois anos. Estes, ent\u00e3o, formaram outra organiza\u00e7\u00e3o partid\u00e1ria. Para saber mais, leia nossa nota p\u00fablica sobre o racha de 2023.<\/p>\n","protected":false},"excerpt":{"rendered":"<a class=\"moretag\" href=\"https:\/\/pcb.org.br\/portal2\/32817\"> <\/a>","protected":false},"author":8,"featured_media":0,"comment_status":"closed","ping_status":"closed","sticky":false,"template":"","format":"standard","meta":{"jetpack_post_was_ever_published":false,"_jetpack_newsletter_access":"","_jetpack_dont_email_post_to_subs":false,"_jetpack_newsletter_tier_id":0,"_jetpack_memberships_contains_paywalled_content":false,"_jetpack_memberships_contains_paid_content":false,"footnotes":"","jetpack_publicize_message":"","jetpack_publicize_feature_enabled":true,"jetpack_social_post_already_shared":true,"jetpack_social_options":{"image_generator_settings":{"template":"highway","default_image_id":0,"font":"","enabled":false},"version":2}},"categories":[6,27],"tags":[224,247],"class_list":["post-32817","post","type-post","status-publish","format-standard","hentry","category-s5-juventude","category-c27-ujc","tag-3b","tag-jd"],"jetpack_publicize_connections":[],"jetpack_featured_media_url":"","jetpack_shortlink":"https:\/\/wp.me\/p659gw-8xj","jetpack-related-posts":[],"jetpack_likes_enabled":true,"jetpack_sharing_enabled":true,"_links":{"self":[{"href":"https:\/\/pcb.org.br\/portal2\/wp-json\/wp\/v2\/posts\/32817","targetHints":{"allow":["GET"]}}],"collection":[{"href":"https:\/\/pcb.org.br\/portal2\/wp-json\/wp\/v2\/posts"}],"about":[{"href":"https:\/\/pcb.org.br\/portal2\/wp-json\/wp\/v2\/types\/post"}],"author":[{"embeddable":true,"href":"https:\/\/pcb.org.br\/portal2\/wp-json\/wp\/v2\/users\/8"}],"replies":[{"embeddable":true,"href":"https:\/\/pcb.org.br\/portal2\/wp-json\/wp\/v2\/comments?post=32817"}],"version-history":[{"count":1,"href":"https:\/\/pcb.org.br\/portal2\/wp-json\/wp\/v2\/posts\/32817\/revisions"}],"predecessor-version":[{"id":32819,"href":"https:\/\/pcb.org.br\/portal2\/wp-json\/wp\/v2\/posts\/32817\/revisions\/32819"}],"wp:attachment":[{"href":"https:\/\/pcb.org.br\/portal2\/wp-json\/wp\/v2\/media?parent=32817"}],"wp:term":[{"taxonomy":"category","embeddable":true,"href":"https:\/\/pcb.org.br\/portal2\/wp-json\/wp\/v2\/categories?post=32817"},{"taxonomy":"post_tag","embeddable":true,"href":"https:\/\/pcb.org.br\/portal2\/wp-json\/wp\/v2\/tags?post=32817"}],"curies":[{"name":"wp","href":"https:\/\/api.w.org\/{rel}","templated":true}]}}