{"id":32885,"date":"2025-06-04T06:39:57","date_gmt":"2025-06-04T09:39:57","guid":{"rendered":"https:\/\/pcb.org.br\/portal2\/?p=32885"},"modified":"2025-06-04T06:39:57","modified_gmt":"2025-06-04T09:39:57","slug":"opp-94-nao-a-devastacao-ambiental","status":"publish","type":"post","link":"https:\/\/pcb.org.br\/portal2\/32885","title":{"rendered":"OPP 94: N\u00c3O \u00e0 devasta\u00e7\u00e3o ambiental!"},"content":{"rendered":"<p><img decoding=\"async\" class=\"imagem\" title=\"imagem\" src=\"https:\/\/lh3.googleusercontent.com\/pw\/AP1GczOPAavbsEk6RikxxbjaZiA9msnxxabGAu9265eaMCdZ89JsRshm8Q277f2Q2nzWOn2xgoGWfKDe_HLcUO3wD8KXEYklaBo9IYmdtqKmxbviS6iKVQDRALFUdkdD-1Eo1Ok0sGn_qMaye3ENdltKXupPRA=w822-h1160-s-no?authuser=0\" alt=\"\" \/><!--more-->Mat\u00e9rias:<\/p>\n<p>P\u00e1gina 2: EDITORIAL \u2013 N\u00e3o \u00e0 devasta\u00e7\u00e3o ambiental!<\/p>\n<p>P\u00e1gina 3: CHUVA DE VENENO NUNCA MAIS! (OPA)<\/p>\n<p>P\u00e1gina 4: Unidade Classista contra os cortes na Educa\u00e7\u00e3o e em defesa da UEMG<\/p>\n<p>P\u00e1gina 5: UJC \u2013 UNE Volante pela Universidade Popular<\/p>\n<p>P\u00e1ginas 6 e 7: 50 anos do massacre da ditadura contra o PCB<\/p>\n<p>P\u00e1gina 8: Movimento Oper\u00e1rio \u2013 apoio \u00e0 greve da constru\u00e7\u00e3o civil de Fortaleza<\/p>\n<p>P\u00e1gina 9: Mem\u00f3ria Viva Cultura \u2013 O PCB e o Cinema Brasileiro parte 3<\/p>\n<p>P\u00e1gina 10: Caravana Glauber Fica &#8211; pr\u00f3ximos passos da luta<\/p>\n<p>P\u00e1gina 11: Parem o genoc\u00eddio contra os palestinos! (Solidnet)<\/p>\n<p>P\u00e1gina 12: Homenagem a Zuleide Faria de Mello<\/p>\n<p>Conselho Editorial (Comiss\u00e3o Nacional de Comunica\u00e7\u00e3o do PCB): Edmilson Costa, Ant\u00f4nio Lima Jr., Fabio Bezerra, Lucas Silva MTB 0092795, Nath\u00e1lia Mozer, Renata Regina, Ricardo Costa, Roberto Arrais (jornalista respons\u00e1vel \u2013 985\/DRT \u2013 FENAJ).<\/p>\n<p>Colaboradores desta edi\u00e7\u00e3o: Coordena\u00e7\u00f5es Nacionais da Unidade Classista e da UJC, Edmilson Costa, Eduardo Serra, Fabio Bezerra, Lucas Silva, Milton Pinheiro, PCB do Cear\u00e1, Thales Emmanuel, Solidnet Unidade Classista MG.<\/p>\n<hr \/>\n<div align=\"center\">\n<p>Leitura:<\/p>\n<p><a href=\"https:\/\/drive.google.com\/file\/d\/1rNvunSjzrxAuGLij9Lx76JLvpjeWPQXr\" target=\"_blank\" rel=\"noopener noreferrer\"><img loading=\"lazy\" decoding=\"async\" class=\"\" src=\"https:\/\/i0.wp.com\/pcb.org.br\/portal\/images\/stories\/download1.png?resize=48%2C48\" width=\"48\" height=\"48\" \/><\/a><\/p>\n<hr \/>\n<p>Impress\u00e3o:<\/p>\n<p><a href=\"https:\/\/drive.google.com\/file\/d\/1fvX1jd1Onlo-JqQZvgeaogaFDgKfc_--\" target=\" rel=\" rel=\"noopener\"><img loading=\"lazy\" decoding=\"async\" class=\"\" src=\"https:\/\/i0.wp.com\/pcb.org.br\/portal\/images\/stories\/download1.png?resize=48%2C48\" width=\"48\" height=\"48\" \/><\/a><\/p>\n<\/div>\n","protected":false},"excerpt":{"rendered":"<a class=\"moretag\" href=\"https:\/\/pcb.org.br\/portal2\/32885\"> <\/a>","protected":false},"author":1,"featured_media":0,"comment_status":"closed","ping_status":"closed","sticky":false,"template":"","format":"standard","meta":{"jetpack_post_was_ever_published":false,"_jetpack_newsletter_access":"","_jetpack_dont_email_post_to_subs":false,"_jetpack_newsletter_tier_id":0,"_jetpack_memberships_contains_paywalled_content":false,"_jetpack_memberships_contains_paid_content":false,"footnotes":"","jetpack_publicize_message":"","jetpack_publicize_feature_enabled":true,"jetpack_social_post_already_shared":true,"jetpack_social_options":{"image_generator_settings":{"template":"highway","default_image_id":0,"font":"","enabled":false},"version":2}},"categories":[140],"tags":[225,229],"class_list":["post-32885","post","type-post","status-publish","format-standard","hentry","category-c140-jornal-o-poder-popular","tag-4a","tag-opprecente"],"jetpack_publicize_connections":[],"jetpack_featured_media_url":"","jetpack_shortlink":"https:\/\/wp.me\/p659gw-8yp","jetpack-related-posts":[],"jetpack_likes_enabled":true,"jetpack_sharing_enabled":true,"_links":{"self":[{"href":"https:\/\/pcb.org.br\/portal2\/wp-json\/wp\/v2\/posts\/32885","targetHints":{"allow":["GET"]}}],"collection":[{"href":"https:\/\/pcb.org.br\/portal2\/wp-json\/wp\/v2\/posts"}],"about":[{"href":"https:\/\/pcb.org.br\/portal2\/wp-json\/wp\/v2\/types\/post"}],"author":[{"embeddable":true,"href":"https:\/\/pcb.org.br\/portal2\/wp-json\/wp\/v2\/users\/1"}],"replies":[{"embeddable":true,"href":"https:\/\/pcb.org.br\/portal2\/wp-json\/wp\/v2\/comments?post=32885"}],"version-history":[{"count":1,"href":"https:\/\/pcb.org.br\/portal2\/wp-json\/wp\/v2\/posts\/32885\/revisions"}],"predecessor-version":[{"id":32886,"href":"https:\/\/pcb.org.br\/portal2\/wp-json\/wp\/v2\/posts\/32885\/revisions\/32886"}],"wp:attachment":[{"href":"https:\/\/pcb.org.br\/portal2\/wp-json\/wp\/v2\/media?parent=32885"}],"wp:term":[{"taxonomy":"category","embeddable":true,"href":"https:\/\/pcb.org.br\/portal2\/wp-json\/wp\/v2\/categories?post=32885"},{"taxonomy":"post_tag","embeddable":true,"href":"https:\/\/pcb.org.br\/portal2\/wp-json\/wp\/v2\/tags?post=32885"}],"curies":[{"name":"wp","href":"https:\/\/api.w.org\/{rel}","templated":true}]}}