{"id":329,"date":"2010-03-13T02:42:46","date_gmt":"2010-03-13T02:42:46","guid":{"rendered":"http:\/\/pcb.org.br\/portal2\/?p=329"},"modified":"2010-03-13T02:42:46","modified_gmt":"2010-03-13T02:42:46","slug":"recordando-o-filme-qavatarq","status":"publish","type":"post","link":"https:\/\/pcb.org.br\/portal2\/329","title":{"rendered":"Recordando o filme &#8220;Avatar&#8221;"},"content":{"rendered":"\n<p>A super produ\u00e7\u00e3o de James Cameron &#8220;Avatar&#8221; n\u00e3o \u00e9 t\u00e3o original como parece: de fato, ela vem sendo reproduzida h\u00e1 d\u00e9cadas e s\u00e9culos. Normalmente s\u00e3o as grandes pot\u00eancias mundiais que exploram territ\u00f3rios ricos em recursos naturais sem levar em conta as popula\u00e7\u00f5es que ali se encontram estabelecidas. Frequentemente este choque de inten\u00e7\u00f5es leva a sangrentas guerras: os habitantes destes territ\u00f3rios resistem a perder sua p\u00e1tria ou a entreg\u00e1-la sem motivos ao inimigo.<\/p>\n<p>Algo similar vem acontecendo com a Palestina h\u00e1 d\u00e9cadas, durante as quais os colonos sionistas v\u00eam se estabelecendo em distintas zonas da Palestina ocupada contra a vontade dos aut\u00f3ctones. O epis\u00f3dio mais extremo, passada a Guerra de 1967, acontece na Cisjord\u00e2nia, onde os militares israelenses sob o argumento de evitar supostos atentados constru\u00edram um muro&#8230; DENTRO dos territ\u00f3rios palestinos (e n\u00e3o na fronteira internacionalmente reconhecida). De forma muito clara o objetivo deste muro \u00e9 confiscar mais terras e ampliar as col\u00f4nias e assentamentos ilegais dentro dos territ\u00f3rios militarmente ocupados.<\/p>\n<p>N\u00e3o \u00e9 por acaso, portanto, que, toda sexta-feira, na cidade de Bilin na Cisjord\u00e2nia concentram-se numerosos ativistas palestinos caracterizados como a tribo dos &#8220;Na-vi&#8221;, que no filme &#8220;Avatar&#8221; defende-se dos invasores terr\u00e1queos. Uma luta que dura muito tempo e que foi conclu\u00edda com uma senten\u00e7a judicial favor\u00e1vel: h\u00e1 tr\u00eas anos, o Tribunal Supremo de Israel ordenou o seu Governo a mudar o tra\u00e7ado do muro. Mesmo assim as autoridades sionistas ainda n\u00e3o fizeram nenhum movimento. \u00c9 de se esperar que este sinal de esperan\u00e7a contribua para reavivar a pac\u00edfica resist\u00eancia destes cidad\u00e3os palestinos que, em algumas ocasi\u00f5es, preferem recriar a fic\u00e7\u00e3o para ver de outro modo a realidade.<\/p>\n<p>ASSISTA AO V\u00cdDEO DO PROTESTO:<\/p>\n<p>http:\/\/www.palestinalibre.org\/boletin.php?a=21026<\/p>\n<p>Traduzido por Roberta Moratori<\/p>\n<p>Fonte original http:\/\/www.palestinalibre.org<\/p>\n<div><\/div>\n","protected":false},"excerpt":{"rendered":"\n\n\nCr\u00e9dito: http:\/\/www.palestinalibre.org\n\n\n\n\n\nOs palestinos da Cisjord\u00e2nia organizam uma &#8220;intifada azul&#8221; para protestar contra o muro israelense\nA pequena cidade de Bilin na regi\u00e3o da Cisjord\u00e2nia parece, toda sexta-feira, um est\u00fadio de Hollywood: cidad\u00e3os palestinos caracterizados como os protagonistas de &#8220;Avatar&#8221; recriam semanalmente um protesto pac\u00edfico em frente aos militares israelenses, que mant\u00eam a Cisjord\u00e2nia cercada por um poderoso muro de arame e concreto localizado DENTRO das terras palestinas. A sorte n\u00e3o lhes sorriu, mas pode haver algumas esperan\u00e7as a m\u00e9dio prazo. Por enquanto, os palestinos abra\u00e7am a via do protesto e da fic\u00e7\u00e3o como consolo, esperando que sejam escutados.\n<a class=\"moretag\" href=\"https:\/\/pcb.org.br\/portal2\/329\"> <\/a>","protected":false},"author":1,"featured_media":0,"comment_status":"open","ping_status":"open","sticky":false,"template":"","format":"standard","meta":{"jetpack_post_was_ever_published":false,"_jetpack_newsletter_access":"","_jetpack_dont_email_post_to_subs":false,"_jetpack_newsletter_tier_id":0,"_jetpack_memberships_contains_paywalled_content":false,"_jetpack_memberships_contains_paid_content":false,"footnotes":"","jetpack_publicize_message":"","jetpack_publicize_feature_enabled":true,"jetpack_social_post_already_shared":false,"jetpack_social_options":{"image_generator_settings":{"template":"highway","default_image_id":0,"font":"","enabled":false},"version":2}},"categories":[78],"tags":[],"class_list":["post-329","post","type-post","status-publish","format-standard","hentry","category-c91-solidariedade-a-palestina"],"jetpack_publicize_connections":[],"jetpack_featured_media_url":"","jetpack_shortlink":"https:\/\/wp.me\/p659gw-5j","jetpack-related-posts":[],"jetpack_likes_enabled":true,"jetpack_sharing_enabled":true,"_links":{"self":[{"href":"https:\/\/pcb.org.br\/portal2\/wp-json\/wp\/v2\/posts\/329","targetHints":{"allow":["GET"]}}],"collection":[{"href":"https:\/\/pcb.org.br\/portal2\/wp-json\/wp\/v2\/posts"}],"about":[{"href":"https:\/\/pcb.org.br\/portal2\/wp-json\/wp\/v2\/types\/post"}],"author":[{"embeddable":true,"href":"https:\/\/pcb.org.br\/portal2\/wp-json\/wp\/v2\/users\/1"}],"replies":[{"embeddable":true,"href":"https:\/\/pcb.org.br\/portal2\/wp-json\/wp\/v2\/comments?post=329"}],"version-history":[{"count":0,"href":"https:\/\/pcb.org.br\/portal2\/wp-json\/wp\/v2\/posts\/329\/revisions"}],"wp:attachment":[{"href":"https:\/\/pcb.org.br\/portal2\/wp-json\/wp\/v2\/media?parent=329"}],"wp:term":[{"taxonomy":"category","embeddable":true,"href":"https:\/\/pcb.org.br\/portal2\/wp-json\/wp\/v2\/categories?post=329"},{"taxonomy":"post_tag","embeddable":true,"href":"https:\/\/pcb.org.br\/portal2\/wp-json\/wp\/v2\/tags?post=329"}],"curies":[{"name":"wp","href":"https:\/\/api.w.org\/{rel}","templated":true}]}}