{"id":32926,"date":"2025-06-16T20:44:05","date_gmt":"2025-06-16T23:44:05","guid":{"rendered":"https:\/\/pcb.org.br\/portal2\/?p=32926"},"modified":"2025-06-16T20:44:05","modified_gmt":"2025-06-16T23:44:05","slug":"pc-de-israel-protesta-contra-agressao-ao-ira","status":"publish","type":"post","link":"https:\/\/pcb.org.br\/portal2\/32926","title":{"rendered":"PC de Israel protesta contra agress\u00e3o ao Ir\u00e3"},"content":{"rendered":"<p><img data-recalc-dims=\"1\" loading=\"lazy\" decoding=\"async\" data-attachment-id=\"32927\" data-permalink=\"https:\/\/pcb.org.br\/portal2\/32926\/unnamed-2-11\" data-orig-file=\"https:\/\/i0.wp.com\/pcb.org.br\/portal2\/wp-content\/uploads\/2025\/06\/unnamed-2-1.jpg?fit=705%2C470&amp;ssl=1\" data-orig-size=\"705,470\" data-comments-opened=\"0\" data-image-meta=\"{&quot;aperture&quot;:&quot;0&quot;,&quot;credit&quot;:&quot;&quot;,&quot;camera&quot;:&quot;&quot;,&quot;caption&quot;:&quot;&quot;,&quot;created_timestamp&quot;:&quot;0&quot;,&quot;copyright&quot;:&quot;&quot;,&quot;focal_length&quot;:&quot;0&quot;,&quot;iso&quot;:&quot;0&quot;,&quot;shutter_speed&quot;:&quot;0&quot;,&quot;title&quot;:&quot;&quot;,&quot;orientation&quot;:&quot;0&quot;}\" data-image-title=\"unnamed (2)\" data-image-description=\"\" data-image-caption=\"\" data-large-file=\"https:\/\/i0.wp.com\/pcb.org.br\/portal2\/wp-content\/uploads\/2025\/06\/unnamed-2-1.jpg?fit=705%2C470&amp;ssl=1\" class=\"alignnone size-full wp-image-32927\" src=\"https:\/\/i0.wp.com\/pcb.org.br\/portal2\/wp-content\/uploads\/2025\/06\/unnamed-2-1.jpg?resize=705%2C470&#038;ssl=1\" alt=\"\" width=\"705\" height=\"470\" srcset=\"https:\/\/i0.wp.com\/pcb.org.br\/portal2\/wp-content\/uploads\/2025\/06\/unnamed-2-1.jpg?w=705&amp;ssl=1 705w, https:\/\/i0.wp.com\/pcb.org.br\/portal2\/wp-content\/uploads\/2025\/06\/unnamed-2-1.jpg?resize=300%2C200&amp;ssl=1 300w\" sizes=\"auto, (max-width: 705px) 100vw, 705px\" \/><!--more--><\/p>\n<p>A popula\u00e7\u00e3o olha para os escombros de v\u00e1rios edif\u00edcios residenciais na Pra\u00e7a Nobonyad, no centro de Teer\u00e3, Ir\u00e3, alvos de ataques israelenses. 13 de Junho de 2025. Cr\u00e9ditos: Majid Saeedi \/ Fortune<\/p>\n<p>Horas depois do ataque contra o ex\u00e9rcito e civis iranianos, o Partido Comunista de Israel anunciou protestos p\u00fablicos contra a escalada militar israelense. O mundo n\u00e3o pode esquecer Gaza e a Cisjord\u00e2nia, alertam os comunistas.<\/p>\n<p>Cerca de 200 ca\u00e7as israelenses atacaram, na madrugada de 13 de junho, v\u00e1rios alvos militares e civis no Ir\u00e3, destruindo edif\u00edcios residenciais nos quais foram mortas crian\u00e7as. Foi j\u00e1 confirmada a morte de v\u00e1rios cientistas do programa nuclear iraniano, assim como dos l\u00edderes das For\u00e7as Armadas, Mohammad Bagheri, e da Guarda Revolucion\u00e1ria Isl\u00e2mica, Hossein Salami. A base nuclear de Natanz, onde \u00e9 enriquecido o ur\u00e2nio do programa nuclear, foi severamente danificada no ataque de Israel.<\/p>\n<p>Agentes da Mossad, os servi\u00e7os secretos israelenses, destru\u00edram, antes do ataque, grande parte dos sistemas de defesa a\u00e9rea do Ir\u00e3, permitindo uma agress\u00e3o sem resposta por parte deste pa\u00eds. Abolfazl Shekarchi, porta-voz das For\u00e7as Armadas iranianas anunciou uma inevit\u00e1vel retalia\u00e7\u00e3o: \u00abo inimigo pagar\u00e1 um pre\u00e7o elevado\u00bb. O Minist\u00e9rio dos Neg\u00f3cios Estrangeiros iraniano anunciou que o pa\u00eds n\u00e3o vai hesitar na defesa \u00abda soberania do Ir\u00e3 com toda a sua for\u00e7a e da maneira que considerar adequada\u00bb.<\/p>\n<p>Os 100 drones disparados contra Israel foram interceptados fora do espa\u00e7o a\u00e9reo israelense, destruindo-os por cima de outros pa\u00edses, como a Jord\u00e2nia, que tamb\u00e9m participou ativamente no bloqueio da retalia\u00e7\u00e3o iraniana.<\/p>\n<p>A opera\u00e7\u00e3o Rising Lion (Le\u00e3o em Ascens\u00e3o), n\u00e3o vai ficar apenas neste ataque contra a infraestrutura militar e civil do Ir\u00e3. Numa declara\u00e7\u00e3o p\u00fablica , Benjamin Netanyahu anunciou um estado de emerg\u00eancia no pa\u00eds e pediu \u00e0 popula\u00e7\u00e3o civil para se preparar para um per\u00edodo mais prolongado de preven\u00e7\u00e3o contra ataques, armazenando mantimentos e roupas suficientes para ficar v\u00e1rios dias nos bunkers.<\/p>\n<p>Embora o secret\u00e1rio de Estado norte-americano, Marco Rubio, tenha afirmado que o ataque israelense foi \u00abunilateral\u00bb, \u00absem envolvimento\u00bb dos Estados Unidos da Am\u00e9rica, Israel j\u00e1 confirmou a participa\u00e7\u00e3o dos estadunidenses no planejamento da agress\u00e3o. No dia 11 de junho, os EUA tinham ordenado a retirada de pessoal n\u00e3o-essencial e das fam\u00edlias de v\u00e1rios pa\u00edses do Oriente M\u00e9dio, antecipando esta situa\u00e7\u00e3o.<\/p>\n<p>Em simult\u00e2neo, Israel avan\u00e7ou para um cerco a todas as cidades da Cisjord\u00e2nia, mobilizando milhares de tropas para esta zona ocupada da Palestina.<\/p>\n<p>Partido Comunista de Israel (PCI) e a coliga\u00e7\u00e3o Hadash denunciam a a\u00e7\u00e3o israelense: querem \u00abarrastar a regi\u00e3o para uma escalada ampla e perigosa\u00bb<\/p>\n<p>O ataque do dia 13\/06 \u00abfaz parte da tentativa do governo de Benjamin Netanyahu, com o apoio da oposi\u00e7\u00e3o parlamentar, de arrastar a regi\u00e3o para uma escalada ainda mais ampla do que a que existe hoje\u00bb. Num comunicado conjunto, o PCI e a coliga\u00e7\u00e3o de esquerda Hadash (Frente Democr\u00e1tica pela Paz e Igualdade), onde participam judeus e palestinos, apelam \u00abpara o fim do que parece ser o in\u00edcio de uma guerra perigosa, que poder\u00e1 envolver toda a regi\u00e3o do Oriente M\u00e9dio\u00bb.<\/p>\n<p>Convocando a mobiliza\u00e7\u00e3o da popula\u00e7\u00e3o civil para organizar e participar em protestos p\u00fablicos contra a agress\u00e3o do Estado israelense, os comunistas e seus aliados no Hadash alertam que o Governo israelense est\u00e1 \u00abexplorando a situa\u00e7\u00e3o que criou para levar a cabo planos ainda mais perigosos contra a Faixa de Gaza e a Cisjord\u00e2nia ocupada\u00bb. Neste momento, \u00e9 indispens\u00e1vel que o mundo \u00abassuma posi\u00e7\u00f5es reais e genu\u00ednas para impedir o desastre iminente\u00bb.<\/p>\n<p>O Partido Comunista Israelita e o Hadash reafirmam a sua oposi\u00e7\u00e3o de princ\u00edpio \u00aba todos os programas de armas nucleares\u00bb, sem exce\u00e7\u00e3o, sejam eles iranianos ou israelenses. A situa\u00e7\u00e3o que se vive hoje nesta zona demonstra a urg\u00eancia de se garantir que \u00abtodos os pa\u00edses\u00bb respeitem os tratados internacionais \u00abdestinados a prevenir cat\u00e1strofes humanit\u00e1rias no mundo\u00bb, nomeadamente a proibi\u00e7\u00e3o de armas nucleares e a sua destrui\u00e7\u00e3o simult\u00e2nea.<\/p>\n","protected":false},"excerpt":{"rendered":"<a class=\"moretag\" href=\"https:\/\/pcb.org.br\/portal2\/32926\"> <\/a>","protected":false},"author":8,"featured_media":0,"comment_status":"closed","ping_status":"closed","sticky":false,"template":"","format":"standard","meta":{"jetpack_post_was_ever_published":false,"_jetpack_newsletter_access":"","_jetpack_dont_email_post_to_subs":false,"_jetpack_newsletter_tier_id":0,"_jetpack_memberships_contains_paywalled_content":false,"_jetpack_memberships_contains_paid_content":false,"footnotes":"","jetpack_publicize_message":"","jetpack_publicize_feature_enabled":true,"jetpack_social_post_already_shared":true,"jetpack_social_options":{"image_generator_settings":{"template":"highway","default_image_id":0,"font":"","enabled":false},"version":2}},"categories":[181,37,242,65,255,10],"tags":[228],"class_list":["post-32926","post","type-post","status-publish","format-standard","hentry","category-asia","category-c42-comunistas","category-eipco","category-c78-internacional","category-israel","category-s19-opiniao","tag-5b"],"jetpack_publicize_connections":[],"jetpack_featured_media_url":"","jetpack_shortlink":"https:\/\/wp.me\/p659gw-8z4","jetpack-related-posts":[],"jetpack_likes_enabled":true,"jetpack_sharing_enabled":true,"_links":{"self":[{"href":"https:\/\/pcb.org.br\/portal2\/wp-json\/wp\/v2\/posts\/32926","targetHints":{"allow":["GET"]}}],"collection":[{"href":"https:\/\/pcb.org.br\/portal2\/wp-json\/wp\/v2\/posts"}],"about":[{"href":"https:\/\/pcb.org.br\/portal2\/wp-json\/wp\/v2\/types\/post"}],"author":[{"embeddable":true,"href":"https:\/\/pcb.org.br\/portal2\/wp-json\/wp\/v2\/users\/8"}],"replies":[{"embeddable":true,"href":"https:\/\/pcb.org.br\/portal2\/wp-json\/wp\/v2\/comments?post=32926"}],"version-history":[{"count":1,"href":"https:\/\/pcb.org.br\/portal2\/wp-json\/wp\/v2\/posts\/32926\/revisions"}],"predecessor-version":[{"id":32928,"href":"https:\/\/pcb.org.br\/portal2\/wp-json\/wp\/v2\/posts\/32926\/revisions\/32928"}],"wp:attachment":[{"href":"https:\/\/pcb.org.br\/portal2\/wp-json\/wp\/v2\/media?parent=32926"}],"wp:term":[{"taxonomy":"category","embeddable":true,"href":"https:\/\/pcb.org.br\/portal2\/wp-json\/wp\/v2\/categories?post=32926"},{"taxonomy":"post_tag","embeddable":true,"href":"https:\/\/pcb.org.br\/portal2\/wp-json\/wp\/v2\/tags?post=32926"}],"curies":[{"name":"wp","href":"https:\/\/api.w.org\/{rel}","templated":true}]}}