{"id":32949,"date":"2025-06-23T15:12:00","date_gmt":"2025-06-23T18:12:00","guid":{"rendered":"https:\/\/pcb.org.br\/portal2\/?p=32949"},"modified":"2025-06-23T15:12:00","modified_gmt":"2025-06-23T18:12:00","slug":"declaracao-conjunta-dos-pcs-do-ira-e-de-israel","status":"publish","type":"post","link":"https:\/\/pcb.org.br\/portal2\/32949","title":{"rendered":"Declara\u00e7\u00e3o conjunta dos PCs do Ir\u00e3 e de Israel"},"content":{"rendered":"<p><img data-recalc-dims=\"1\" loading=\"lazy\" decoding=\"async\" data-attachment-id=\"32950\" data-permalink=\"https:\/\/pcb.org.br\/portal2\/32949\/pcs-israel-e-ira\" data-orig-file=\"https:\/\/i0.wp.com\/pcb.org.br\/portal2\/wp-content\/uploads\/2025\/06\/PCs-Israel-e-Ira.png?fit=1079%2C635&amp;ssl=1\" data-orig-size=\"1079,635\" data-comments-opened=\"0\" data-image-meta=\"{&quot;aperture&quot;:&quot;0&quot;,&quot;credit&quot;:&quot;&quot;,&quot;camera&quot;:&quot;&quot;,&quot;caption&quot;:&quot;&quot;,&quot;created_timestamp&quot;:&quot;0&quot;,&quot;copyright&quot;:&quot;&quot;,&quot;focal_length&quot;:&quot;0&quot;,&quot;iso&quot;:&quot;0&quot;,&quot;shutter_speed&quot;:&quot;0&quot;,&quot;title&quot;:&quot;&quot;,&quot;orientation&quot;:&quot;0&quot;}\" data-image-title=\"PCs Israel e Ir\u00e3\" data-image-description=\"\" data-image-caption=\"\" data-large-file=\"https:\/\/i0.wp.com\/pcb.org.br\/portal2\/wp-content\/uploads\/2025\/06\/PCs-Israel-e-Ira.png?fit=747%2C440&amp;ssl=1\" class=\"alignnone size-large wp-image-32950\" src=\"https:\/\/i0.wp.com\/pcb.org.br\/portal2\/wp-content\/uploads\/2025\/06\/PCs-Israel-e-Ira.png?resize=747%2C440&#038;ssl=1\" alt=\"\" width=\"747\" height=\"440\" srcset=\"https:\/\/i0.wp.com\/pcb.org.br\/portal2\/wp-content\/uploads\/2025\/06\/PCs-Israel-e-Ira.png?resize=900%2C530&amp;ssl=1 900w, https:\/\/i0.wp.com\/pcb.org.br\/portal2\/wp-content\/uploads\/2025\/06\/PCs-Israel-e-Ira.png?resize=300%2C177&amp;ssl=1 300w, https:\/\/i0.wp.com\/pcb.org.br\/portal2\/wp-content\/uploads\/2025\/06\/PCs-Israel-e-Ira.png?resize=768%2C452&amp;ssl=1 768w, https:\/\/i0.wp.com\/pcb.org.br\/portal2\/wp-content\/uploads\/2025\/06\/PCs-Israel-e-Ira.png?w=1079&amp;ssl=1 1079w\" sizes=\"auto, (max-width: 747px) 100vw, 747px\" \/><!--more--><\/p>\n<p>Parem com a matan\u00e7a! Acabem com a guerra agora! O Partido Tudeh do Ir\u00e3 e o Partido Comunista de Israel condenam veementemente a cont\u00ednua agress\u00e3o israelense na regi\u00e3o e seu mais recente ataque contra o Ir\u00e3, que constitui uma viola\u00e7\u00e3o direta ao Direito Internacional. Exigimos a cessa\u00e7\u00e3o imediata de todas as a\u00e7\u00f5es militares, que est\u00e3o causando um n\u00famero significativo de v\u00edtimas civis em ambos os lados.<\/p>\n<p>Os crimes cometidos pelo governo reacion\u00e1rio de direita de Benjamin Netanyahu em Gaza e na Cisjord\u00e2nia, com o apoio do imperialismo estadunidense, do Reino Unido e de seus aliados na Uni\u00e3o Europeia, n\u00e3o s\u00f3 causaram a morte de mais de 55.000 palestinos \u2014 incluindo mais de 18.000 crian\u00e7as \u2014 como tamb\u00e9m deram ao governo israelense sinal verde para continuar sua agress\u00e3o contra outros pa\u00edses da regi\u00e3o. O objetivo \u00e9 redesenhar o mapa do Oriente M\u00e9dio em conson\u00e2ncia com os interesses estrat\u00e9gicos do imperialismo estadunidense. Trata-se de um governo cujos l\u00edderes foram, com raz\u00e3o, indiciados por crimes contra a humanidade pelo Tribunal Penal Internacional.<\/p>\n<p>Ao testemunharmos a guerra e a destrui\u00e7\u00e3o no Ir\u00e3 e em Israel, tamb\u00e9m alertamos para o perigo de que essa situa\u00e7\u00e3o seja usada para intensificar e perpetuar o sofrimento desumano e a opress\u00e3o do povo palestino em Gaza e na Cisjord\u00e2nia ocupada. Apelamos \u00e0 comunidade internacional para que tome medidas reais e concretas para evitar uma nova cat\u00e1strofe para o povo palestino e os povos de toda a regi\u00e3o. Reconhe\u00e7am o Estado Palestino agora! Acabem com o genoc\u00eddio em Gaza!<\/p>\n<p>Somente o imperialismo, seus aliados, for\u00e7as reacion\u00e1rias e as ditaduras governantes se beneficiam das tens\u00f5es e da guerra. Israel e os Estados Unidos \u2014 seguindo o que aconteceu no Iraque, L\u00edbia e S\u00edria \u2014 est\u00e3o agora determinados a minar a soberania iraniana e n\u00e3o medir\u00e3o esfor\u00e7os para subjugar todos os regimes da regi\u00e3o ao mesmo projeto imperialista de hegemonia no Oriente M\u00e9dio, que visa esmagar a vontade dos povos e seu direito \u00e0 autodetermina\u00e7\u00e3o. Reiteramos nossa oposi\u00e7\u00e3o de princ\u00edpios a todos os programas de armas nucleares, tanto no Oriente M\u00e9dio quanto no resto do mundo.<\/p>\n<p>O caminho para deter a corrida armamentista nuclear na regi\u00e3o n\u00e3o passa por uma guerra agressiva contra o Ir\u00e3, mas pela desnucleariza\u00e7\u00e3o completa de todo o Oriente M\u00e9dio e pela ades\u00e3o de todos os seus pa\u00edses, incluindo Israel, ao Tratado de N\u00e3o Prolifera\u00e7\u00e3o de Armas Nucleares. Apelamos a todas as for\u00e7as progressistas e amantes da liberdade em Israel, no Ir\u00e3 e em todo o mundo para que se unam na condena\u00e7\u00e3o desta flagrante e brutal viola\u00e7\u00e3o do Direito Internacional e concentrem todos os esfor\u00e7os na preven\u00e7\u00e3o a um conflito militar com consequ\u00eancias devastadoras, trabalhando pelo estabelecimento de uma paz justa no Oriente M\u00e9dio.<\/p>\n<p>A opini\u00e3o p\u00fablica global deve ir al\u00e9m da mera preocupa\u00e7\u00e3o expressa pelo Secret\u00e1rio-Geral da ONU com o ataque israelense ao Ir\u00e3. Todos os mecanismos internacionais dispon\u00edveis no \u00e2mbito das Na\u00e7\u00f5es Unidas e de seu Conselho de Seguran\u00e7a devem ser acionados para evitar que a regi\u00e3o mergulhe em uma guerra catastr\u00f3fica e total.<\/p>\n<p>Parem a guerra e a escalada militar no Oriente M\u00e9dio agora!<br \/>\nAcabem com a guerra em Gaza, pelo reconhecimento do Estado Palestino!<\/p>\n<p>Comit\u00ea Central do Partido Comunista de Israel<br \/>\nComit\u00ea Central do Partido Tudeh do Ir\u00e3<\/p>\n","protected":false},"excerpt":{"rendered":"<a class=\"moretag\" href=\"https:\/\/pcb.org.br\/portal2\/32949\"> <\/a>","protected":false},"author":8,"featured_media":0,"comment_status":"closed","ping_status":"closed","sticky":false,"template":"","format":"standard","meta":{"jetpack_post_was_ever_published":false,"_jetpack_newsletter_access":"","_jetpack_dont_email_post_to_subs":false,"_jetpack_newsletter_tier_id":0,"_jetpack_memberships_contains_paywalled_content":false,"_jetpack_memberships_contains_paid_content":false,"footnotes":"","jetpack_publicize_message":"","jetpack_publicize_feature_enabled":true,"jetpack_social_post_already_shared":true,"jetpack_social_options":{"image_generator_settings":{"template":"highway","default_image_id":0,"font":"","enabled":false},"version":2}},"categories":[73,181,37,242,248,255,78],"tags":[233],"class_list":["post-32949","post","type-post","status-publish","format-standard","hentry","category-c86-anti-imperialismo","category-asia","category-c42-comunistas","category-eipco","category-ira","category-israel","category-c91-solidariedade-a-palestina","tag-6a"],"jetpack_publicize_connections":[],"jetpack_featured_media_url":"","jetpack_shortlink":"https:\/\/wp.me\/p659gw-8zr","jetpack-related-posts":[],"jetpack_likes_enabled":true,"jetpack_sharing_enabled":true,"_links":{"self":[{"href":"https:\/\/pcb.org.br\/portal2\/wp-json\/wp\/v2\/posts\/32949","targetHints":{"allow":["GET"]}}],"collection":[{"href":"https:\/\/pcb.org.br\/portal2\/wp-json\/wp\/v2\/posts"}],"about":[{"href":"https:\/\/pcb.org.br\/portal2\/wp-json\/wp\/v2\/types\/post"}],"author":[{"embeddable":true,"href":"https:\/\/pcb.org.br\/portal2\/wp-json\/wp\/v2\/users\/8"}],"replies":[{"embeddable":true,"href":"https:\/\/pcb.org.br\/portal2\/wp-json\/wp\/v2\/comments?post=32949"}],"version-history":[{"count":1,"href":"https:\/\/pcb.org.br\/portal2\/wp-json\/wp\/v2\/posts\/32949\/revisions"}],"predecessor-version":[{"id":32951,"href":"https:\/\/pcb.org.br\/portal2\/wp-json\/wp\/v2\/posts\/32949\/revisions\/32951"}],"wp:attachment":[{"href":"https:\/\/pcb.org.br\/portal2\/wp-json\/wp\/v2\/media?parent=32949"}],"wp:term":[{"taxonomy":"category","embeddable":true,"href":"https:\/\/pcb.org.br\/portal2\/wp-json\/wp\/v2\/categories?post=32949"},{"taxonomy":"post_tag","embeddable":true,"href":"https:\/\/pcb.org.br\/portal2\/wp-json\/wp\/v2\/tags?post=32949"}],"curies":[{"name":"wp","href":"https:\/\/api.w.org\/{rel}","templated":true}]}}