{"id":33004,"date":"2025-07-17T10:48:50","date_gmt":"2025-07-17T13:48:50","guid":{"rendered":"https:\/\/pcb.org.br\/portal2\/?p=33004"},"modified":"2025-07-17T10:48:50","modified_gmt":"2025-07-17T13:48:50","slug":"fascismo-ontem-e-hoje-com-mauro-iasi","status":"publish","type":"post","link":"https:\/\/pcb.org.br\/portal2\/33004","title":{"rendered":"&#8220;Fascismo ontem e hoje&#8221; com Mauro Iasi"},"content":{"rendered":"<p><img data-recalc-dims=\"1\" loading=\"lazy\" decoding=\"async\" data-attachment-id=\"33005\" data-permalink=\"https:\/\/pcb.org.br\/portal2\/33004\/sem-titulo-1-3\" data-orig-file=\"https:\/\/i0.wp.com\/pcb.org.br\/portal2\/wp-content\/uploads\/2025\/07\/Sem-titulo-1.jpg?fit=1101%2C1280&amp;ssl=1\" data-orig-size=\"1101,1280\" data-comments-opened=\"0\" data-image-meta=\"{&quot;aperture&quot;:&quot;0&quot;,&quot;credit&quot;:&quot;&quot;,&quot;camera&quot;:&quot;&quot;,&quot;caption&quot;:&quot;&quot;,&quot;created_timestamp&quot;:&quot;0&quot;,&quot;copyright&quot;:&quot;&quot;,&quot;focal_length&quot;:&quot;0&quot;,&quot;iso&quot;:&quot;0&quot;,&quot;shutter_speed&quot;:&quot;0&quot;,&quot;title&quot;:&quot;&quot;,&quot;orientation&quot;:&quot;0&quot;}\" data-image-title=\"Sem t\u00edtulo (1)\" data-image-description=\"\" data-image-caption=\"\" data-large-file=\"https:\/\/i0.wp.com\/pcb.org.br\/portal2\/wp-content\/uploads\/2025\/07\/Sem-titulo-1.jpg?fit=747%2C869&amp;ssl=1\" class=\"alignnone size-large wp-image-33005\" src=\"https:\/\/i0.wp.com\/pcb.org.br\/portal2\/wp-content\/uploads\/2025\/07\/Sem-titulo-1.jpg?resize=747%2C869&#038;ssl=1\" alt=\"\" width=\"747\" height=\"869\" srcset=\"https:\/\/i0.wp.com\/pcb.org.br\/portal2\/wp-content\/uploads\/2025\/07\/Sem-titulo-1.jpg?resize=774%2C900&amp;ssl=1 774w, https:\/\/i0.wp.com\/pcb.org.br\/portal2\/wp-content\/uploads\/2025\/07\/Sem-titulo-1.jpg?resize=258%2C300&amp;ssl=1 258w, https:\/\/i0.wp.com\/pcb.org.br\/portal2\/wp-content\/uploads\/2025\/07\/Sem-titulo-1.jpg?resize=768%2C893&amp;ssl=1 768w, https:\/\/i0.wp.com\/pcb.org.br\/portal2\/wp-content\/uploads\/2025\/07\/Sem-titulo-1.jpg?w=1101&amp;ssl=1 1101w\" sizes=\"auto, (max-width: 747px) 100vw, 747px\" \/><!--more--><\/p>\n<p>Funda\u00e7\u00e3o Dinarco Reis apresenta curso com Mauro Luis Iasi<\/p>\n<p>Datas: Ter\u00e7as-feiras dias 5,12,19 e 26 de agosto de 2025<\/p>\n<p>Hor\u00e1rio: das 19h \u00e0s 21h<\/p>\n<p>Plataforma Even3<br \/>\nINSCREVA-SE J\u00c1: <a href=\"https:\/\/www.even3.com.br\/curso-fascismo-fascismo-ontem-e-hoje-606076\/\">https:\/\/www.even3.com.br\/curso-fascismo-fascismo-ontem-e-hoje-606076\/<\/a><\/p>\n<p>Ementa:<\/p>\n<p>As origens hist\u00f3ricas do Fascismo. Capitalismo e fascismo.<br \/>\nFascismo Italiano e nazismo Alem\u00e3o. Fascismo e a luta de classes, pol\u00eamicas dos comunistas sobre o fascismo. Fascismo e Estado. A ideologia do fascismo, a psicologia de massas do fascismo. O fascismo no Brasil. Fascismo e neofascismo. Extrema direita e fascismo.<\/p>\n<p>Primeiro Encontro (05\/08) &#8211; 19h<\/p>\n<p>Origens do fascismo: capitalismo, imperialismo, fascismo e a crise da democracia. Os casos italiano e alem\u00e3o.<\/p>\n<p>Leitura de apoio: KONDER, L. Introdu\u00e7\u00e3o ao Fascismo. Cap\u00edtulo II, p. 59-104. S\u00e3o Paulo: Express\u00e3o Popular, 2009.<\/p>\n<p>IASI, M.L As trevas da noite a esperan\u00e7a de luz. Pref\u00e1cio. P. 9-15 in_ Neofascismo, autocracia e bonapartismono Brasil. P. 91-107. S\u00e3o Paulo: ICP, 2022.<\/p>\n<p>Segundo Encontro (12\/08) &#8211; 19h<\/p>\n<p>Fascismo e luta de classes, pol\u00eamicas dos comunistas diante do fascismo.<\/p>\n<p>Leitura de apoio: POULANTZAS, N. Fascismo e ditadura. Cap. Fascismo e luta de classes, item I, O problema e a internacional comunista, p. 63-70. S\u00e3o Paulo: Martins Fontes, 1978.<\/p>\n<p>Terceiro Encontro (19\/08) &#8211; 19h<\/p>\n<p>Estado, fascismo e a quest\u00e3o da ideologia. A psicologia de massas do fascismo.<\/p>\n<p>Leituras de apoio: POULANTZAS, N. Fascismo e ditadura. Cap. Fascismo e luta de classes. Cap.VII, O Estado Fascista, item 2, Forma de Estado de exce\u00e7\u00e3o e Estado fascista: tipo de Estado, forma de Estado e forma de regime, p. 331-333. S\u00e3o Paulo: Martins Fontes, 1978.<\/p>\n<p>REICH, W. Psicologia de massas do fascismo. Cap\u00edtulo 1, p. 3-30. S\u00e3o Paulo: Martins Fontes, 2001.<\/p>\n<p>Quarto Encontro (26\/08) &#8211; 19h<\/p>\n<p>Fascismo no Brasil, fascismo e neofascismo. Extrema direita e fascismo.<\/p>\n<p>Leitura de apoio: VIANNA, M. A quest\u00e3o do fascismo no Brasil. In Neofascismo, autocracia e bonapartismo no Brasil. P. 91-107. S\u00e3o Paulo: ICP, 2022. PERIC\u00c1S, L. B., idem, p 143-161.<\/p>\n<p>INSCREVA-SE J\u00c1: https:\/\/www.even3.com.br\/curso-fascismo-fascismo-ontem-e-hoje-606076\/<\/p>\n<p>Valor: 80,00 (podendo parcelar)<\/p>\n<p>Haver\u00e1 inscri\u00e7\u00f5es para bolsistas e emiss\u00e3o de certificados<\/p>\n<p>Mauro Iasi \u00e9 professor aposentado da Escola de Servi\u00e7o Social da UFRJ, professor convidado do programa de p\u00f3s-gradua\u00e7\u00e3o em Servi\u00e7o Social da PUC de S\u00e3o Paulo, educador popular e militante do PCB. \u00c9 autor dos livros O dilema de Hamlet: o ser e o n\u00e3o ser da consci\u00eancia (Boitempo, 2002),<br \/>\nPol\u00edtica, Estado e ideologia na trama conjuntural, Ensaios sobre Consci\u00eancia e Emancipa\u00e7\u00e3o, As Ruas: poemas e reflex\u00f5es pedestres, Meta Amor Fases, dentre outras obras.<\/p>\n<p>Colabora para o Blog da Boitempo mensalmente. Na TV Boitempo, apresenta o Caf\u00e9 Bolchevique, um encontro mensal para discutir conceitos-chave da tradi\u00e7\u00e3o marxista a partir de reflex\u00f5es sobre a conjuntura.<\/p>\n<p>\u00c9 membro do Comit\u00ea Central do PCB &#8211; Partido Comunista Brasileiro e colaborador da Funda\u00e7\u00e3o Dinarco Reis, para a qual ministrou os cursos INTRODU\u00c7\u00c3O AO MATERIALISMO DIAL\u00c9TICO, CONSCI\u00caNCIA E IDEOLOGIA, participou dos Semin\u00e1rio MARXISMO E DIREITOS HUMANOS, O PENSAMENTO DE LENIN e do curso GRAMSCI: FILOSOFIA DA PR\u00c1XIS, REVOLU\u00c7\u00c3O E COMUNISMO.<\/p>\n","protected":false},"excerpt":{"rendered":"<a class=\"moretag\" href=\"https:\/\/pcb.org.br\/portal2\/33004\"> <\/a>","protected":false},"author":8,"featured_media":0,"comment_status":"closed","ping_status":"closed","sticky":false,"template":"","format":"standard","meta":{"jetpack_post_was_ever_published":false,"_jetpack_newsletter_access":"","_jetpack_dont_email_post_to_subs":false,"_jetpack_newsletter_tier_id":0,"_jetpack_memberships_contains_paywalled_content":false,"_jetpack_memberships_contains_paid_content":false,"footnotes":"","jetpack_publicize_message":"","jetpack_publicize_feature_enabled":true,"jetpack_social_post_already_shared":true,"jetpack_social_options":{"image_generator_settings":{"template":"highway","default_image_id":0,"font":"","enabled":false},"version":2}},"categories":[73,385,231],"tags":[223],"class_list":["post-33004","post","type-post","status-publish","format-standard","hentry","category-c86-anti-imperialismo","category-critica-da-economia-politica","category-fdr","tag-3a"],"jetpack_publicize_connections":[],"jetpack_featured_media_url":"","jetpack_shortlink":"https:\/\/wp.me\/p659gw-8Ak","jetpack-related-posts":[],"jetpack_likes_enabled":true,"jetpack_sharing_enabled":true,"_links":{"self":[{"href":"https:\/\/pcb.org.br\/portal2\/wp-json\/wp\/v2\/posts\/33004","targetHints":{"allow":["GET"]}}],"collection":[{"href":"https:\/\/pcb.org.br\/portal2\/wp-json\/wp\/v2\/posts"}],"about":[{"href":"https:\/\/pcb.org.br\/portal2\/wp-json\/wp\/v2\/types\/post"}],"author":[{"embeddable":true,"href":"https:\/\/pcb.org.br\/portal2\/wp-json\/wp\/v2\/users\/8"}],"replies":[{"embeddable":true,"href":"https:\/\/pcb.org.br\/portal2\/wp-json\/wp\/v2\/comments?post=33004"}],"version-history":[{"count":1,"href":"https:\/\/pcb.org.br\/portal2\/wp-json\/wp\/v2\/posts\/33004\/revisions"}],"predecessor-version":[{"id":33006,"href":"https:\/\/pcb.org.br\/portal2\/wp-json\/wp\/v2\/posts\/33004\/revisions\/33006"}],"wp:attachment":[{"href":"https:\/\/pcb.org.br\/portal2\/wp-json\/wp\/v2\/media?parent=33004"}],"wp:term":[{"taxonomy":"category","embeddable":true,"href":"https:\/\/pcb.org.br\/portal2\/wp-json\/wp\/v2\/categories?post=33004"},{"taxonomy":"post_tag","embeddable":true,"href":"https:\/\/pcb.org.br\/portal2\/wp-json\/wp\/v2\/tags?post=33004"}],"curies":[{"name":"wp","href":"https:\/\/api.w.org\/{rel}","templated":true}]}}