{"id":331,"date":"2010-03-13T02:46:48","date_gmt":"2010-03-13T02:46:48","guid":{"rendered":"http:\/\/pcb.org.br\/portal2\/?p=331"},"modified":"2010-03-13T02:46:48","modified_gmt":"2010-03-13T02:46:48","slug":"benvindos-os-camaradas-do-coletivo-uniao-comunista","status":"publish","type":"post","link":"https:\/\/pcb.org.br\/portal2\/331","title":{"rendered":"BENVINDOS OS CAMARADAS DO COLETIVO UNI\u00c3O COMUNISTA"},"content":{"rendered":"\n<p>O mais significativo desta ades\u00e3o \u00e9 a possibilidade, a atualidade e a riqueza do conv\u00edvio fraterno dentro da mesma organiza\u00e7\u00e3o revolucion\u00e1ria de camaradas que t\u00eam distintas leituras do colapso do processo de constru\u00e7\u00e3o do socialismo na Uni\u00e3o Sovi\u00e9tica e em outros pa\u00edses, sobretudo do Leste Europeu. No PCB, que tem como refer\u00eancia principal o legado de Marx, Engels e L\u00eanin, levamos em conta tamb\u00e9m as contribui\u00e7\u00f5es, os erros e acertos de outros revolucion\u00e1rios, mesmo os que suscitam discuss\u00f5es apaixonadas e, por vezes, manique\u00edstas.<\/p>\n<p>O XIV Congresso do PCB, realizado h\u00e1 poucos meses &#8211; ao debater o balan\u00e7o e as perspectivas do socialismo &#8211; teve a sabedoria de n\u00e3o aprovar um texto obrigat\u00f3rio para seus membros, mas um documento que, sendo resultado do ac\u00famulo existente no nosso Partido sobre o tema, sirva de refer\u00eancia para a continuidade deste necess\u00e1rio debate, que exige uma discuss\u00e3o ainda mais profunda e desapaixonada, at\u00e9 porque, do ponto de vista hist\u00f3rico, \u00e9 muito recente.<\/p>\n<p>O centralismo democr\u00e1tico num Partido Revolucion\u00e1rio n\u00e3o significa que todos tenham a mesma vis\u00e3o acerca da hist\u00f3ria do movimento comunista, nacional e internacional. E nem mesmo sobre os rumos da Revolu\u00e7\u00e3o Brasileira. O centralismo democr\u00e1tico, caminho de m\u00e3o dupla, \u00e9 a unidade de a\u00e7\u00e3o e a disciplina partid\u00e1ria em torno das resolu\u00e7\u00f5es das inst\u00e2ncias partid\u00e1rias e dos fundamentos do Partido.<\/p>\n<p>No presente, o que une os comunistas que nos empenhamos na reconstru\u00e7\u00e3o revolucion\u00e1ria do PCB \u00e9 a resolu\u00e7\u00e3o aprovada no Congresso, que trata da ESTRAT\u00c9GIA E T\u00c1TICA DA REVOLU\u00c7\u00c3O BRASILEIRA, que ser\u00e1 amplamente divulgada nos pr\u00f3ximos dias.<\/p>\n<p>Sejam benvindos, os comunistas brasileiros, a um Partido que n\u00e3o tem qualquer vantagem para oferecer a ningu\u00e9m, n\u00e3o \u00e9 legenda eleitoral e que pretende crescer com qualidade revolucion\u00e1ria, organiza\u00e7\u00e3o leninista, disciplina consciente e inser\u00e7\u00e3o no movimento de massas.<\/p>\n<p>Ivan Pinheiro<\/p>\n<p>Secret\u00e1rio Geral do PCB<\/p>\n<p>Rio de Janeiro, mar\u00e7o de 2010<\/p>\n<p>\u00a0<\/p>\n","protected":false},"excerpt":{"rendered":"\n\n\nCr\u00e9dito: PCB\n\n\n\n\nO PCB se orgulha de receber em suas fileiras os camaradas que compunham o Coletivo Uni\u00e3o Comunista, com os quais, nos \u00faltimos anos, v\u00ednhamos mantendo um respeitoso di\u00e1logo, passando em revista nossos pontos de vista sobre os caminhos da revolu\u00e7\u00e3o brasileira.\nEste fato hist\u00f3rico se d\u00e1 no momento em que o PCB tem chamado a aten\u00e7\u00e3o dos verdadeiros comunistas brasileiros, em fun\u00e7\u00e3o das mudan\u00e7as que vem operando em sua linha pol\u00edtica e em sua concep\u00e7\u00e3o de partido, rompendo com as ilus\u00f5es reformistas e apontando para a necessidade de luta para al\u00e9m da institucionalidade burguesa.\nTemos, com o mesmo orgulho, recebido camaradas que v\u00eam de outras organiza\u00e7\u00f5es e coletivos, com culturas e refer\u00eancias te\u00f3ricas e pr\u00e1ticas diferenciadas. N\u00e3o temos tornado p\u00fablicos estes recrutamentos individuais em respeito a eles e \u00e0s organiza\u00e7\u00f5es de onde v\u00eam. No caso da Uni\u00e3o Comunista, por se tratar de um coletivo agora dissolvido e por ter tornado p\u00fablica sua consensual ades\u00e3o, por decis\u00e3o soberana de seus ex-membros, permitimo-nos tecer algumas considera\u00e7\u00f5es.\n<a class=\"moretag\" href=\"https:\/\/pcb.org.br\/portal2\/331\"> <\/a>","protected":false},"author":1,"featured_media":0,"comment_status":"open","ping_status":"open","sticky":false,"template":"","format":"standard","meta":{"jetpack_post_was_ever_published":false,"_jetpack_newsletter_access":"","_jetpack_dont_email_post_to_subs":false,"_jetpack_newsletter_tier_id":0,"_jetpack_memberships_contains_paywalled_content":false,"_jetpack_memberships_contains_paid_content":false,"footnotes":"","jetpack_publicize_message":"","jetpack_publicize_feature_enabled":true,"jetpack_social_post_already_shared":false,"jetpack_social_options":{"image_generator_settings":{"template":"highway","default_image_id":0,"font":"","enabled":false},"version":2}},"categories":[23],"tags":[],"class_list":["post-331","post","type-post","status-publish","format-standard","hentry","category-c29-organizacao"],"jetpack_publicize_connections":[],"jetpack_featured_media_url":"","jetpack_shortlink":"https:\/\/wp.me\/p659gw-5l","jetpack-related-posts":[],"jetpack_likes_enabled":true,"jetpack_sharing_enabled":true,"_links":{"self":[{"href":"https:\/\/pcb.org.br\/portal2\/wp-json\/wp\/v2\/posts\/331","targetHints":{"allow":["GET"]}}],"collection":[{"href":"https:\/\/pcb.org.br\/portal2\/wp-json\/wp\/v2\/posts"}],"about":[{"href":"https:\/\/pcb.org.br\/portal2\/wp-json\/wp\/v2\/types\/post"}],"author":[{"embeddable":true,"href":"https:\/\/pcb.org.br\/portal2\/wp-json\/wp\/v2\/users\/1"}],"replies":[{"embeddable":true,"href":"https:\/\/pcb.org.br\/portal2\/wp-json\/wp\/v2\/comments?post=331"}],"version-history":[{"count":0,"href":"https:\/\/pcb.org.br\/portal2\/wp-json\/wp\/v2\/posts\/331\/revisions"}],"wp:attachment":[{"href":"https:\/\/pcb.org.br\/portal2\/wp-json\/wp\/v2\/media?parent=331"}],"wp:term":[{"taxonomy":"category","embeddable":true,"href":"https:\/\/pcb.org.br\/portal2\/wp-json\/wp\/v2\/categories?post=331"},{"taxonomy":"post_tag","embeddable":true,"href":"https:\/\/pcb.org.br\/portal2\/wp-json\/wp\/v2\/tags?post=331"}],"curies":[{"name":"wp","href":"https:\/\/api.w.org\/{rel}","templated":true}]}}