{"id":33205,"date":"2025-10-03T16:00:29","date_gmt":"2025-10-03T19:00:29","guid":{"rendered":"https:\/\/pcb.org.br\/portal2\/?p=33205"},"modified":"2025-10-03T16:00:29","modified_gmt":"2025-10-03T19:00:29","slug":"solidariedade-aos-indigenas-em-greve-no-equador","status":"publish","type":"post","link":"https:\/\/pcb.org.br\/portal2\/33205","title":{"rendered":"Solidariedade aos ind\u00edgenas em greve no Equador"},"content":{"rendered":"<p><img data-recalc-dims=\"1\" loading=\"lazy\" decoding=\"async\" data-attachment-id=\"33206\" data-permalink=\"https:\/\/pcb.org.br\/portal2\/33205\/20251002041048_25baf3e61fb94ac90fe67c952a93b18c1ec06bd1fc0a357260035dcaac5ffd63\" data-orig-file=\"https:\/\/i0.wp.com\/pcb.org.br\/portal2\/wp-content\/uploads\/2025\/10\/20251002041048_25baf3e61fb94ac90fe67c952a93b18c1ec06bd1fc0a357260035dcaac5ffd63.webp?fit=1250%2C600&amp;ssl=1\" data-orig-size=\"1250,600\" data-comments-opened=\"0\" data-image-meta=\"{&quot;aperture&quot;:&quot;0&quot;,&quot;credit&quot;:&quot;&quot;,&quot;camera&quot;:&quot;&quot;,&quot;caption&quot;:&quot;&quot;,&quot;created_timestamp&quot;:&quot;0&quot;,&quot;copyright&quot;:&quot;&quot;,&quot;focal_length&quot;:&quot;0&quot;,&quot;iso&quot;:&quot;0&quot;,&quot;shutter_speed&quot;:&quot;0&quot;,&quot;title&quot;:&quot;&quot;,&quot;orientation&quot;:&quot;0&quot;}\" data-image-title=\"20251002041048_25baf3e61fb94ac90fe67c952a93b18c1ec06bd1fc0a357260035dcaac5ffd63\" data-image-description=\"\" data-image-caption=\"\" data-large-file=\"https:\/\/i0.wp.com\/pcb.org.br\/portal2\/wp-content\/uploads\/2025\/10\/20251002041048_25baf3e61fb94ac90fe67c952a93b18c1ec06bd1fc0a357260035dcaac5ffd63.webp?fit=747%2C359&amp;ssl=1\" class=\"alignnone size-large wp-image-33206\" src=\"https:\/\/i0.wp.com\/pcb.org.br\/portal2\/wp-content\/uploads\/2025\/10\/20251002041048_25baf3e61fb94ac90fe67c952a93b18c1ec06bd1fc0a357260035dcaac5ffd63.webp?resize=747%2C359&#038;ssl=1\" alt=\"\" width=\"747\" height=\"359\" srcset=\"https:\/\/i0.wp.com\/pcb.org.br\/portal2\/wp-content\/uploads\/2025\/10\/20251002041048_25baf3e61fb94ac90fe67c952a93b18c1ec06bd1fc0a357260035dcaac5ffd63.webp?resize=900%2C432&amp;ssl=1 900w, https:\/\/i0.wp.com\/pcb.org.br\/portal2\/wp-content\/uploads\/2025\/10\/20251002041048_25baf3e61fb94ac90fe67c952a93b18c1ec06bd1fc0a357260035dcaac5ffd63.webp?resize=300%2C144&amp;ssl=1 300w, https:\/\/i0.wp.com\/pcb.org.br\/portal2\/wp-content\/uploads\/2025\/10\/20251002041048_25baf3e61fb94ac90fe67c952a93b18c1ec06bd1fc0a357260035dcaac5ffd63.webp?resize=768%2C369&amp;ssl=1 768w, https:\/\/i0.wp.com\/pcb.org.br\/portal2\/wp-content\/uploads\/2025\/10\/20251002041048_25baf3e61fb94ac90fe67c952a93b18c1ec06bd1fc0a357260035dcaac5ffd63.webp?w=1250&amp;ssl=1 1250w\" sizes=\"auto, (max-width: 747px) 100vw, 747px\" \/><!--more--><\/p>\n<p>Foto: @CONAIE_Ecuador (Foto: Conaie-Equador)<\/p>\n<p>O PCB \u2013 Partido Comunista Brasileiro se solidariza com os ind\u00edgenas equatorianos em greve por tempo indeterminado, convocada pela Confedera\u00e7\u00e3o das Nacionalidades Ind\u00edgenas do Equador (CONAIE) e iniciada no dia 22 de setembro de 2025.<\/p>\n<p>Em um pa\u00eds onde a presen\u00e7a ind\u00edgena \u00e9 muito significativa, no qual as organiza\u00e7\u00f5es ind\u00edgenas t\u00eam papel bastante importante, assume vulto os \u201cparos\u201c \u2013 as greves \u2013 que comandadas por essas entidades v\u00eam paralisando em parte o pa\u00eds, acossado por uma nefasta pol\u00edtica neoliberal h\u00e1 um bom tempo.<\/p>\n<p>O crescente descontentamento social com o governo de Daniel Noboa parece ter encontrado no aumento do pre\u00e7o dos combust\u00edveis e no assassinato de uma lideran\u00e7a ind\u00edgena um estopim que espraia a revolta popular por todo o pa\u00eds, no qual os 10% mais ricos det\u00eam mais de 1\/3 da renda nacional, majoritariamente derivada da exporta\u00e7\u00e3o de petr\u00f3leo.<\/p>\n<p>O aumento da pobreza e as gritantes disparidades sociais, acirradas nos \u00faltimos anos, levaram milhares de equatorianos a imigrar ilegalmente para os EUA, valendo anotar que a remessa de d\u00f3lares do exterior para o Equador se tornou a segunda fonte da receita nacional, perdendo apenas para o \u00f3leo bruto exportado.<\/p>\n<p>Os anos de governo \u201cprogressista\u201c de Rafael Correa n\u00e3o foram suficientes sequer para arranhar uma estrutura profundamente racista e desigual que atravessa o pa\u00eds. Os ind\u00edgenas, um dos segmentos que junto com as mulheres mais suporta a mis\u00e9ria e a pobreza, t\u00eam se levantado, como agora o fazem, ao longo dos \u00faltimos mais recentes anos em in\u00fameros protestos contra as mazelas decorrentes das pol\u00edticas antissociais governamentais.<\/p>\n<p>Esperamos que tenham a necess\u00e1ria for\u00e7a pol\u00edtica e social para influenciarem decididamente na mudan\u00e7a de rumos, que a eles se somem cada vez mais outros grupos sociais empobrecidos e aviltados, que cesse a repress\u00e3o contra aquelas e aqueles que lutam por dignidade e alguma justi\u00e7a social.<\/p>\n<p>O PCB &#8211; Partido Comunista Brasileiro se solidariza e apoia a luta dos ind\u00edgenas e da popula\u00e7\u00e3o marginalizada equatoriana, chamamos as for\u00e7as de esquerda e progressistas em todo o mundo a somarem como for poss\u00edvel nesse embate contra a influ\u00eancia do imperialismo na Am\u00e9rica Latina. \u00c9 hora de lutar pelo Poder Popular e o Socialismo.<\/p>\n<p>Brasil, outubro de 2025<\/p>\n<p>Secretaria de Solidariedade Internacional<br \/>\nComiss\u00e3o Pol\u00edtica Nacional<br \/>\nPartido Comunista Brasileiro &#8211; PCB<\/p>\n","protected":false},"excerpt":{"rendered":"<a class=\"moretag\" href=\"https:\/\/pcb.org.br\/portal2\/33205\"> <\/a>","protected":false},"author":8,"featured_media":0,"comment_status":"closed","ping_status":"closed","sticky":false,"template":"","format":"standard","meta":{"jetpack_post_was_ever_published":false,"_jetpack_newsletter_access":"","_jetpack_dont_email_post_to_subs":false,"_jetpack_newsletter_tier_id":0,"_jetpack_memberships_contains_paywalled_content":false,"_jetpack_memberships_contains_paid_content":false,"footnotes":"","jetpack_publicize_message":"","jetpack_publicize_feature_enabled":true,"jetpack_social_post_already_shared":true,"jetpack_social_options":{"image_generator_settings":{"template":"highway","default_image_id":0,"font":"","enabled":false},"version":2}},"categories":[39,146,26],"tags":[226,246],"class_list":["post-33205","post","type-post","status-publish","format-standard","hentry","category-c76-equador","category-internacionalismo","category-c25-notas-politicas-do-pcb","tag-4b","tag-np"],"jetpack_publicize_connections":[],"jetpack_featured_media_url":"","jetpack_shortlink":"https:\/\/wp.me\/p659gw-8Dz","jetpack-related-posts":[],"jetpack_likes_enabled":true,"jetpack_sharing_enabled":true,"_links":{"self":[{"href":"https:\/\/pcb.org.br\/portal2\/wp-json\/wp\/v2\/posts\/33205","targetHints":{"allow":["GET"]}}],"collection":[{"href":"https:\/\/pcb.org.br\/portal2\/wp-json\/wp\/v2\/posts"}],"about":[{"href":"https:\/\/pcb.org.br\/portal2\/wp-json\/wp\/v2\/types\/post"}],"author":[{"embeddable":true,"href":"https:\/\/pcb.org.br\/portal2\/wp-json\/wp\/v2\/users\/8"}],"replies":[{"embeddable":true,"href":"https:\/\/pcb.org.br\/portal2\/wp-json\/wp\/v2\/comments?post=33205"}],"version-history":[{"count":1,"href":"https:\/\/pcb.org.br\/portal2\/wp-json\/wp\/v2\/posts\/33205\/revisions"}],"predecessor-version":[{"id":33207,"href":"https:\/\/pcb.org.br\/portal2\/wp-json\/wp\/v2\/posts\/33205\/revisions\/33207"}],"wp:attachment":[{"href":"https:\/\/pcb.org.br\/portal2\/wp-json\/wp\/v2\/media?parent=33205"}],"wp:term":[{"taxonomy":"category","embeddable":true,"href":"https:\/\/pcb.org.br\/portal2\/wp-json\/wp\/v2\/categories?post=33205"},{"taxonomy":"post_tag","embeddable":true,"href":"https:\/\/pcb.org.br\/portal2\/wp-json\/wp\/v2\/tags?post=33205"}],"curies":[{"name":"wp","href":"https:\/\/api.w.org\/{rel}","templated":true}]}}