{"id":3324,"date":"2021-07-10T02:54:17","date_gmt":"2021-07-10T05:54:17","guid":{"rendered":"http:\/\/pcb.org.br\/portal2\/?p=3324"},"modified":"2021-07-12T00:33:34","modified_gmt":"2021-07-12T03:33:34","slug":"companheiro-ahmad-jibril-presente","status":"publish","type":"post","link":"https:\/\/pcb.org.br\/portal2\/3324","title":{"rendered":"Companheiro Ahmad Jibril, presente!"},"content":{"rendered":"<p><img decoding=\"async\" class=\"imagem\" title=\"imagem\" src=\"https:\/\/i0.wp.com\/www.independentarabia.com\/sites\/default\/files\/styles\/645x484\/public\/article\/mainimage\/2021\/07\/08\/391571-794494190.jpg\" alt=\"imagem\" \/><!--more-->REUTERS\/Ahmed Jadallah\/File Photo<\/p>\n<p>O Partido Comunista Brasileiro se solidariza com o povo palestino em sua dor pelo falecimento de Ahmad Jibril , Secret\u00e1rio Geral e fundador da Frente Popular pela Liberta\u00e7\u00e3o da Palestina (FPLP), ocorrido nesta \u00faltima quarta-feira, em Damasco.<br \/>\nO companheiro Ahmad Jibril tinha 83 anos. Ao longo de toda a sua vida, Jibril sofreu duramente as a\u00e7\u00f5es de repress\u00e3o aos palestinos promovidas por Israel desde a cria\u00e7\u00e3o do Estado sionista em 1948, quando Ahmad e sua fam\u00edlia foram expulsos da cidade palestina de Yafa, em meio ao processo de remo\u00e7\u00e3o dos palestinos de suas terras, iniciado naquele ano e que segue at\u00e9 os dias atuais.<\/p>\n<p>Em 1965, Jibril fundou a Frente Popular Palestina, que, mais tarde, com a entrada de outras organiza\u00e7\u00f5es que lutavam contra a ocupa\u00e7\u00e3o de terras palestinas e contra a opress\u00e3o imposta pelas for\u00e7as israelenses, tornou-se Frente Popular para a Liberta\u00e7\u00e3o da Palestina (FPLP). Em 1969, Jibril desligou-se da FPLP e fundou a Frente Popular para a Liberta\u00e7\u00e3o da Palestina \u2013 Comando Geral.<\/p>\n<p>Sua atua\u00e7\u00e3o foi marcada pela luta, que garantiu a liberta\u00e7\u00e3o de muitos prisioneiros palestinos e manteve acesa a chama da causa da liberta\u00e7\u00e3o de seu povo. Mesmo ap\u00f3s o assassinato de seu filho mais velho em 2002, no L\u00edbano, seguiu coerente e firme na sua jornada, tornando-se um s\u00edmbolo da resist\u00eancia palestina.<\/p>\n<p>Ao prestar sua homenagem ao companheiro Jibril, o PCB reafirma o seu compromisso pol\u00edtico e seu apoio militante \u00e0 causa palestina.<\/p>\n<p>PCB \u2013 Comiss\u00e3o Pol\u00edtica Nacional<\/p>\n<p>09 de julho de 2021<\/p>\n","protected":false},"excerpt":{"rendered":"<a class=\"moretag\" href=\"https:\/\/pcb.org.br\/portal2\/3324\"> <\/a>","protected":false},"author":1,"featured_media":0,"comment_status":"closed","ping_status":"closed","sticky":false,"template":"","format":"standard","meta":{"jetpack_post_was_ever_published":false,"_jetpack_newsletter_access":"","_jetpack_dont_email_post_to_subs":false,"_jetpack_newsletter_tier_id":0,"_jetpack_memberships_contains_paywalled_content":false,"_jetpack_memberships_contains_paid_content":false,"footnotes":"","jetpack_publicize_message":"","jetpack_publicize_feature_enabled":true,"jetpack_social_post_already_shared":true,"jetpack_social_options":{"image_generator_settings":{"template":"highway","default_image_id":0,"font":"","enabled":false},"version":2}},"categories":[96,46,26],"tags":[223,246],"class_list":["post-3324","post","type-post","status-publish","format-standard","hentry","category-c109-imprensa-popular","category-c56-memoria","category-c25-notas-politicas-do-pcb","tag-3a","tag-np"],"jetpack_publicize_connections":[],"jetpack_featured_media_url":"","jetpack_shortlink":"https:\/\/wp.me\/p659gw-RC","jetpack-related-posts":[],"jetpack_likes_enabled":true,"jetpack_sharing_enabled":true,"_links":{"self":[{"href":"https:\/\/pcb.org.br\/portal2\/wp-json\/wp\/v2\/posts\/3324","targetHints":{"allow":["GET"]}}],"collection":[{"href":"https:\/\/pcb.org.br\/portal2\/wp-json\/wp\/v2\/posts"}],"about":[{"href":"https:\/\/pcb.org.br\/portal2\/wp-json\/wp\/v2\/types\/post"}],"author":[{"embeddable":true,"href":"https:\/\/pcb.org.br\/portal2\/wp-json\/wp\/v2\/users\/1"}],"replies":[{"embeddable":true,"href":"https:\/\/pcb.org.br\/portal2\/wp-json\/wp\/v2\/comments?post=3324"}],"version-history":[{"count":0,"href":"https:\/\/pcb.org.br\/portal2\/wp-json\/wp\/v2\/posts\/3324\/revisions"}],"wp:attachment":[{"href":"https:\/\/pcb.org.br\/portal2\/wp-json\/wp\/v2\/media?parent=3324"}],"wp:term":[{"taxonomy":"category","embeddable":true,"href":"https:\/\/pcb.org.br\/portal2\/wp-json\/wp\/v2\/categories?post=3324"},{"taxonomy":"post_tag","embeddable":true,"href":"https:\/\/pcb.org.br\/portal2\/wp-json\/wp\/v2\/tags?post=3324"}],"curies":[{"name":"wp","href":"https:\/\/api.w.org\/{rel}","templated":true}]}}