{"id":33267,"date":"2025-10-21T10:59:37","date_gmt":"2025-10-21T13:59:37","guid":{"rendered":"https:\/\/pcb.org.br\/portal2\/?p=33267"},"modified":"2025-10-21T10:59:37","modified_gmt":"2025-10-21T13:59:37","slug":"barrar-a-reforma-administrativa","status":"publish","type":"post","link":"https:\/\/pcb.org.br\/portal2\/33267","title":{"rendered":"Barrar a Reforma Administrativa!"},"content":{"rendered":"<p><img data-recalc-dims=\"1\" loading=\"lazy\" decoding=\"async\" data-attachment-id=\"33268\" data-permalink=\"https:\/\/pcb.org.br\/portal2\/33267\/attachment\/5147667060908297036\" data-orig-file=\"https:\/\/i0.wp.com\/pcb.org.br\/portal2\/wp-content\/uploads\/2025\/10\/5147667060908297036.jpg?fit=640%2C800&amp;ssl=1\" data-orig-size=\"640,800\" data-comments-opened=\"0\" data-image-meta=\"{&quot;aperture&quot;:&quot;0&quot;,&quot;credit&quot;:&quot;&quot;,&quot;camera&quot;:&quot;&quot;,&quot;caption&quot;:&quot;&quot;,&quot;created_timestamp&quot;:&quot;0&quot;,&quot;copyright&quot;:&quot;&quot;,&quot;focal_length&quot;:&quot;0&quot;,&quot;iso&quot;:&quot;0&quot;,&quot;shutter_speed&quot;:&quot;0&quot;,&quot;title&quot;:&quot;&quot;,&quot;orientation&quot;:&quot;0&quot;}\" data-image-title=\"5147667060908297036\" data-image-description=\"\" data-image-caption=\"\" data-large-file=\"https:\/\/i0.wp.com\/pcb.org.br\/portal2\/wp-content\/uploads\/2025\/10\/5147667060908297036.jpg?fit=640%2C800&amp;ssl=1\" class=\"alignnone size-full wp-image-33268\" src=\"https:\/\/i0.wp.com\/pcb.org.br\/portal2\/wp-content\/uploads\/2025\/10\/5147667060908297036.jpg?resize=640%2C800&#038;ssl=1\" alt=\"\" width=\"640\" height=\"800\" srcset=\"https:\/\/i0.wp.com\/pcb.org.br\/portal2\/wp-content\/uploads\/2025\/10\/5147667060908297036.jpg?w=640&amp;ssl=1 640w, https:\/\/i0.wp.com\/pcb.org.br\/portal2\/wp-content\/uploads\/2025\/10\/5147667060908297036.jpg?resize=240%2C300&amp;ssl=1 240w\" sizes=\"auto, (max-width: 640px) 100vw, 640px\" \/><!--more--><\/p>\n<p>A luta contra a reforma administrativa est\u00e1 na pauta do dia! No dia 29 de outubro, ocuparemos as ruas da capital, reunindo servidores(as) p\u00fablicos(as) das esferas municipais, estaduais, distrital e federal. Conclamamos, ainda, o conjunto da popula\u00e7\u00e3o trabalhadora, que utiliza os servi\u00e7os p\u00fablicos, para se somar a esta mobiliza\u00e7\u00e3o.<\/p>\n<p>Ap\u00f3s derrotarmos nas ruas a PEC da Bandidagem, temos o desafio de manter a mobiliza\u00e7\u00e3o da classe trabalhadora contra os ataques proferidos pelo Congresso.<\/p>\n<p>Em prov\u00e1vel regime de urg\u00eancia, a C\u00e2mara pode pautar, neste m\u00eas, a proposta de Reforma Administrativa, que condena os servi\u00e7os p\u00fablicos de todo o pa\u00eds, desestruturando as carreiras, provocando o fim da estabilidade e abrindo passagem para um amplo processo de terceiriza\u00e7\u00e3o e privatiza\u00e7\u00e3o dos servi\u00e7os, entre outras quest\u00f5es que podem afeetar de forma cruel a classe trabalhadora.<\/p>\n<p>A Unidade Classista convoca sua milit\u00e2ncia, companheiros(as) e amigos(as) para participa\u00e7\u00e3o na Marcha, que ocorrer\u00e1 na quarta-feira, dia 29 de outubro.<\/p>\n<p>Informem-se sobre as caravanas organizadas pelos sindicatos de trabalhadores(as) do servi\u00e7o p\u00fablico, em suas cidades. Caso ainda n\u00e3o tenha mobiliza\u00e7\u00e3o em sua entidade de classe, proponha e cobre seus dirigentes.<\/p>\n<p>N\u00e3o \u00e0 Reforma Administrativa!<\/p>\n<p>Em defesa dos(as) servidores(as) e dos servi\u00e7os p\u00fablicos!<\/p>\n<p>Unidade Classista, Futuro Socialista!<\/p>\n<p>#N\u00e3o\u00c0ReformaAdministrativa #Servi\u00e7oP\u00fablico\u00c9DoPovo #ReformaAdministrativaN\u00e3o #PoderPopular #UnidadeClassista<\/p>\n<blockquote class=\"wp-embedded-content\" data-secret=\"H0LDuXu36m\"><p><a href=\"http:\/\/unidadeclassista.org.br\/geral\/a-luta-contra-a-reforma-da-administrativa-esta-na-pauta-do-dia\/\">MARCHA A BRAS\u00cdLIA PARA IMPEDIR A REFORMA ADMINISTRATIVA!<\/a><\/p><\/blockquote>\n<p><iframe loading=\"lazy\" class=\"wp-embedded-content\" sandbox=\"allow-scripts\" security=\"restricted\" style=\"position: absolute; visibility: hidden;\" title=\"&#8220;MARCHA A BRAS\u00cdLIA PARA IMPEDIR A REFORMA ADMINISTRATIVA!&#8221; &#8212; Unidade Classista\" src=\"http:\/\/unidadeclassista.org.br\/geral\/a-luta-contra-a-reforma-da-administrativa-esta-na-pauta-do-dia\/embed\/#?secret=YgyJi1Hv1F#?secret=H0LDuXu36m\" data-secret=\"H0LDuXu36m\" width=\"600\" height=\"338\" frameborder=\"0\" marginwidth=\"0\" marginheight=\"0\" scrolling=\"no\"><\/iframe><\/p>\n<p>Reforma Administrativa: a destrui\u00e7\u00e3o do servi\u00e7o p\u00fablico e dos direitos de trabalhadores e trabalhadoras<br \/>\nA proposta de \u201cReforma Administrativa\u201d tem por objetivo aprofundar o desmonte do Estado, a retirada de direitos e o avan\u00e7o do neoliberalismo, com a privatiza\u00e7\u00e3o dos servi\u00e7os p\u00fablicos e a retirada de garantias dos\/as trabalhadores\/as do setor p\u00fablico.<\/p>\n<p>O Grupo de Trabalho criado pela C\u00e2mara dos Deuputados abriu espa\u00e7o privilegiado para lobistas do mercado financeiro, entidades patronais e think tanks, que h\u00e1 tempos t\u00eam pautado na imprensa e no governo uma suposta inefici\u00eancia do servi\u00e7o p\u00fablico, e que isso se devia aos \u201cprivil\u00e9gios\u201d dos servidores, \u00e0 falta de mecanismos de avalia\u00e7\u00f5es e puni\u00e7\u00f5es e \u00e0 pr\u00f3pria estabilidade. Em momento algum, aqueles que pregam o desmantelamento do Estado, dos servi\u00e7os p\u00fablicos e dos direitos dos servidores deixam evidente que h\u00e1 um processo deliberado de sucateamento na presta\u00e7\u00e3o dos servi\u00e7os, como no caso da sa\u00fade p\u00fablica, da previd\u00eancia e da educa\u00e7\u00e3o, com o prop\u00f3sito de torn\u00e1-los mercadoria.<\/p>\n<p>Esse processo foi acelerado com a aprova\u00e7\u00e3o da PEC do Teto de Gastos (PEC 55) e, agora, na sua forma mais rebuscada, chamado de \u201carcabou\u00e7o fiscal\u201d. Isso sem falar no escandaloso sistema da d\u00edvida, operado pelo Banco Central, que drena praticamente metade de todo o or\u00e7amento da Uni\u00e3o. A precariza\u00e7\u00e3o das condi\u00e7\u00f5es de trabalho no servi\u00e7o p\u00fablico tem levado a um crescente adoecimento em massa e morte de trabalhadores.<\/p>\n<p>Organizar a luta contra os ataques aos servi\u00e7os p\u00fablicos e aos direitos da classe trabalhadora<\/p>\n<p>Dentre os pontos principais que dever\u00e3o constar no projeto da contrarreforma administrativa, destacam-se:<\/p>\n<p>1 \u2013 Estabelecimento de diretrizes para redu\u00e7\u00e3o de gastos com servidores p\u00fablicos, visando atender \u00e0s exig\u00eancias do mercado financeiro e ao discurso neoliberal, \u00e0s custas da precariza\u00e7\u00e3o do servi\u00e7o p\u00fablico;<\/p>\n<p>2 \u2013 Imposi\u00e7\u00e3o de mecanismos de \u201cavalia\u00e7\u00e3o de desempenho\u201d e de uma suposta meritocracia, tanto para avalia\u00e7\u00e3o do est\u00e1gio probat\u00f3rio quanto para as progress\u00f5es funcionais, criando instrumentos subjetivos que fragilizam a estabilidade e abrem margem para persegui\u00e7\u00f5es e ass\u00e9dio moral institucional;<\/p>\n<p>3 \u2013 Vincula\u00e7\u00e3o dos sal\u00e1rios a bonifica\u00e7\u00f5es e metas de produtividade, quebrando a l\u00f3gica de carreira e impondo a vis\u00e3o empresarial no servi\u00e7o p\u00fablico, desconsiderando a natureza espec\u00edfica do trabalho de implementa\u00e7\u00e3o de pol\u00edticas p\u00fablicas, bem como as prec\u00e1rias condi\u00e7\u00f5es de trabalho na maioria dos setores p\u00fablicos;<\/p>\n<p>4 \u2013 Redu\u00e7\u00e3o dos sal\u00e1rios de entrada nas carreiras p\u00fablicas, desvalorizando o servi\u00e7o p\u00fablico, com pol\u00edticas de arrocho salarial a longo prazo;<\/p>\n<p>5 \u2013 Amplia\u00e7\u00e3o da contrata\u00e7\u00e3o de servidores tempor\u00e1rios via Regime Jur\u00eddico \u00danico (RJU), substituindo os concursos p\u00fablicos e os v\u00ednculos permanentes por contrata\u00e7\u00f5es prec\u00e1rias, sem garantias de estabilidade, favorecendo o clientelismo e o loteamento pol\u00edtico de cargos.<\/p>\n<p>N\u00e3o se trata, portanto, de um projeto de reforma, mas sim de demoli\u00e7\u00e3o dos servi\u00e7os p\u00fablicos, fechando o ciclo de ataques neoliberais contra os direitos dos trabalhadores, como o arcabou\u00e7o fiscal, as contrarreformas trabalhista e da previd\u00eancia.<\/p>\n<p>A Unidade Classista alerta para a necessidade da mobiliza\u00e7\u00e3o urgente dos\/as trabalhadores\/as no servi\u00e7o p\u00fablico. \u00c9 urgente a constru\u00e7\u00e3o da mais ampla unidade entre os servidores das tr\u00eas esferas \u2013 federal, estaduais e municipais \u2013 contra este grave ataque. A UC participa ativamente das a\u00e7\u00f5es promovidas pelo Fonasefe (F\u00f3rum Nacional dos Servidores Federais) no combate firme \u00e0s contrarreformas. \u00c9 fundamental a participa\u00e7\u00e3o dos trabalhadores e das trabalhadoras neste espa\u00e7o para fortalecer a organiza\u00e7\u00e3o e a luta.<\/p>\n<p>Coordena\u00e7\u00e3o Nacional da Unidade Classista<\/p>\n<p>Leia na \u00edntegra: <a href=\"https:\/\/pcb.org.br\/portal2\/33100\">https:\/\/pcb.org.br\/portal2\/33100<\/a><\/p>\n","protected":false},"excerpt":{"rendered":"<a class=\"moretag\" href=\"https:\/\/pcb.org.br\/portal2\/33267\"> <\/a>","protected":false},"author":8,"featured_media":0,"comment_status":"closed","ping_status":"closed","sticky":false,"template":"","format":"standard","meta":{"jetpack_post_was_ever_published":false,"_jetpack_newsletter_access":"","_jetpack_dont_email_post_to_subs":false,"_jetpack_newsletter_tier_id":0,"_jetpack_memberships_contains_paywalled_content":false,"_jetpack_memberships_contains_paid_content":false,"footnotes":"","jetpack_publicize_message":"","jetpack_publicize_feature_enabled":true,"jetpack_social_post_already_shared":true,"jetpack_social_options":{"image_generator_settings":{"template":"highway","default_image_id":0,"font":"","enabled":false},"version":2}},"categories":[60,56,15,31],"tags":[219],"class_list":["post-33267","post","type-post","status-publish","format-standard","hentry","category-c71-educacao","category-c67-greve","category-s18-sindical","category-c31-unidade-classista","tag-manchete"],"jetpack_publicize_connections":[],"jetpack_featured_media_url":"","jetpack_shortlink":"https:\/\/wp.me\/p659gw-8Ez","jetpack-related-posts":[],"jetpack_likes_enabled":true,"jetpack_sharing_enabled":true,"_links":{"self":[{"href":"https:\/\/pcb.org.br\/portal2\/wp-json\/wp\/v2\/posts\/33267","targetHints":{"allow":["GET"]}}],"collection":[{"href":"https:\/\/pcb.org.br\/portal2\/wp-json\/wp\/v2\/posts"}],"about":[{"href":"https:\/\/pcb.org.br\/portal2\/wp-json\/wp\/v2\/types\/post"}],"author":[{"embeddable":true,"href":"https:\/\/pcb.org.br\/portal2\/wp-json\/wp\/v2\/users\/8"}],"replies":[{"embeddable":true,"href":"https:\/\/pcb.org.br\/portal2\/wp-json\/wp\/v2\/comments?post=33267"}],"version-history":[{"count":1,"href":"https:\/\/pcb.org.br\/portal2\/wp-json\/wp\/v2\/posts\/33267\/revisions"}],"predecessor-version":[{"id":33269,"href":"https:\/\/pcb.org.br\/portal2\/wp-json\/wp\/v2\/posts\/33267\/revisions\/33269"}],"wp:attachment":[{"href":"https:\/\/pcb.org.br\/portal2\/wp-json\/wp\/v2\/media?parent=33267"}],"wp:term":[{"taxonomy":"category","embeddable":true,"href":"https:\/\/pcb.org.br\/portal2\/wp-json\/wp\/v2\/categories?post=33267"},{"taxonomy":"post_tag","embeddable":true,"href":"https:\/\/pcb.org.br\/portal2\/wp-json\/wp\/v2\/tags?post=33267"}],"curies":[{"name":"wp","href":"https:\/\/api.w.org\/{rel}","templated":true}]}}