{"id":3329,"date":"2012-08-10T14:13:07","date_gmt":"2012-08-10T14:13:07","guid":{"rendered":"http:\/\/pcb.org.br\/portal2\/?p=3329"},"modified":"2012-08-10T14:13:07","modified_gmt":"2012-08-10T14:13:07","slug":"forum-social-de-resistencia-ao-golpe-de-estado-no-paraguai-se-realizara-nos-dias-14-e-15-de-agosto","status":"publish","type":"post","link":"https:\/\/pcb.org.br\/portal2\/3329","title":{"rendered":"F\u00f3rum Social de resist\u00eancia ao golpe de estado no Paraguai se realizar\u00e1 nos dias 14 e 15 de agosto"},"content":{"rendered":"\n<p>Jornalista do Adital<\/p>\n<p>Adital<\/p>\n<p>Repress\u00e3o aos meios de comunica\u00e7\u00e3o, persegui\u00e7\u00f5es pol\u00edticas, repres\u00e1lias nas mobiliza\u00e7\u00f5es populares. S\u00e3o muitas as consequ\u00eancias do Golpe de Estado aplicado contra o presidente Fernando Lugo, eleito legitimamente pelo povo e deposto de seu cargo por uma manobra da oposi\u00e7\u00e3o, em junho passado. Ainda assim, os movimentos se guiam pela resist\u00eancia e realizar\u00e3o nos pr\u00f3ximos dias 14 e 15 de agosto, em Assun\u00e7\u00e3o, capital paraguaia, o F\u00f3rum Social Paraguai Resiste para discutir a situa\u00e7\u00e3o do pa\u00eds e propor caminhos que garantam a democracia no pa\u00eds.<\/p>\n<p>O F\u00f3rum est\u00e1 sendo organizado por entidades, movimentos e militantes que s\u00e3o parte do \u201cParaguai Resiste\u201d, uma articula\u00e7\u00e3o criada imediatamente ap\u00f3s a destitui\u00e7\u00e3o de Lugo do poder e que vem funcionando como um canal de informa\u00e7\u00e3o frente aos meios de comunica\u00e7\u00e3o que n\u00e3o difundem, de fato, not\u00edcias sobre o que ocorre no Paraguai p\u00f3s- Golpe de Estado.<\/p>\n<p>Com o tema \u201cSoberania, Democracia e Participa\u00e7\u00e3o\u201d, o F\u00f3rum pretende apresentar todo o panorama que se formou com a retirada imposta do presidente Lugo da fun\u00e7\u00e3o de presidente, pondo em destaque como se comporta o governo liderado pelo representante golpista Federico Franco e quais interesses este atual governo representa.<\/p>\n<p>Os eixos de trabalho deste F\u00f3rum seriam: Inclus\u00e3o, Seguran\u00e7a e Prote\u00e7\u00e3o Social; Soberania e Reforma Agr\u00e1ria; Interculturalidade; Direitos Humanos e Criminaliza\u00e7\u00e3o das Lutas Sociais. A proposta \u00e9 que este evento seja um espa\u00e7o amplo que fortale\u00e7a o posicionamento pol\u00edtico de movimentos, organiza\u00e7\u00f5es, grupos sociais e popula\u00e7\u00e3o paraguaia em geral, que est\u00e3o inseridos no contexto pol\u00edtico pelo qual passa o pa\u00eds.<\/p>\n<p>\u201cO F\u00f3rum busca estabelecer debates cr\u00edticos sobre a agenda do governo de fato, considerando os retrocessos nas pol\u00edticas p\u00fablicas garantidas por direito. Al\u00e9m disso, pretende coordenar a\u00e7\u00f5es de resist\u00eancia pac\u00edfica e interven\u00e7\u00e3o nos diferentes \u00e2mbitos de a\u00e7\u00e3o e territ\u00f3rio das organiza\u00e7\u00f5es\u201d, aponta a convocat\u00f3ria do evento.<\/p>\n<p>As pessoas interessadas em participar ou em obter maiores informa\u00e7\u00f5es sobre o F\u00f3rum Social podem escrever aos seguintes e-mails:\u00a0<a href=\"mailto:forosocialpyresiste@gmail.com\" target=\"_blank\">forosocialpyresiste@gmail.com<\/a><\/p>\n<p><a href=\"mailto:comunicaforosocialpyresiste@gmail.com\" target=\"_blank\">comunicaforosocialpyresiste@gmail.com<\/a><\/p>\n<p>A articula\u00e7\u00e3o \u201cParaguai Resiste\u201d tamb\u00e9m est\u00e1 na rede social Facebook: Foro Social Paraguay Resiste<\/p>\n<p>Fonte: <a href=\"http:\/\/www.adital.com.br\/site\/noticia.asp?lang=ES&amp;cat=7&amp;cod=69499\" target=\"_blank\">http:\/\/www.adital.com.br\/site\/noticia.asp?lang=ES&amp;cat=7&amp;cod=69499<\/a><\/p>\n<p>Tradu\u00e7\u00e3o em espanhol: Daniel Barrantes<\/p>\n<p>Tradu\u00e7\u00e3o em portugu\u00eas: Partido Comunista Brasileiro (PCB)<\/p>\n","protected":false},"excerpt":{"rendered":"\n\n\nCr\u00e9dito: Adital\n\n\n\n\n\n\n\n\nRog\u00e9ria Ara\u00fajo\n<a class=\"moretag\" href=\"https:\/\/pcb.org.br\/portal2\/3329\"> <\/a>","protected":false},"author":1,"featured_media":0,"comment_status":"open","ping_status":"open","sticky":false,"template":"","format":"standard","meta":{"jetpack_post_was_ever_published":false,"_jetpack_newsletter_access":"","_jetpack_dont_email_post_to_subs":false,"_jetpack_newsletter_tier_id":0,"_jetpack_memberships_contains_paywalled_content":false,"_jetpack_memberships_contains_paid_content":false,"footnotes":"","jetpack_publicize_message":"","jetpack_publicize_feature_enabled":true,"jetpack_social_post_already_shared":false,"jetpack_social_options":{"image_generator_settings":{"template":"highway","default_image_id":0,"font":"","enabled":false},"version":2}},"categories":[35],"tags":[],"class_list":["post-3329","post","type-post","status-publish","format-standard","hentry","category-c40-paraguai"],"jetpack_publicize_connections":[],"jetpack_featured_media_url":"","jetpack_shortlink":"https:\/\/wp.me\/p659gw-RH","jetpack-related-posts":[],"jetpack_likes_enabled":true,"jetpack_sharing_enabled":true,"_links":{"self":[{"href":"https:\/\/pcb.org.br\/portal2\/wp-json\/wp\/v2\/posts\/3329","targetHints":{"allow":["GET"]}}],"collection":[{"href":"https:\/\/pcb.org.br\/portal2\/wp-json\/wp\/v2\/posts"}],"about":[{"href":"https:\/\/pcb.org.br\/portal2\/wp-json\/wp\/v2\/types\/post"}],"author":[{"embeddable":true,"href":"https:\/\/pcb.org.br\/portal2\/wp-json\/wp\/v2\/users\/1"}],"replies":[{"embeddable":true,"href":"https:\/\/pcb.org.br\/portal2\/wp-json\/wp\/v2\/comments?post=3329"}],"version-history":[{"count":0,"href":"https:\/\/pcb.org.br\/portal2\/wp-json\/wp\/v2\/posts\/3329\/revisions"}],"wp:attachment":[{"href":"https:\/\/pcb.org.br\/portal2\/wp-json\/wp\/v2\/media?parent=3329"}],"wp:term":[{"taxonomy":"category","embeddable":true,"href":"https:\/\/pcb.org.br\/portal2\/wp-json\/wp\/v2\/categories?post=3329"},{"taxonomy":"post_tag","embeddable":true,"href":"https:\/\/pcb.org.br\/portal2\/wp-json\/wp\/v2\/tags?post=3329"}],"curies":[{"name":"wp","href":"https:\/\/api.w.org\/{rel}","templated":true}]}}