{"id":333,"date":"2010-03-16T03:30:56","date_gmt":"2010-03-16T03:30:56","guid":{"rendered":"http:\/\/pcb.org.br\/portal2\/?p=333"},"modified":"2010-03-16T03:30:56","modified_gmt":"2010-03-16T03:30:56","slug":"paraguai-relacao-lugo-uribe-irrita-esquerda","status":"publish","type":"post","link":"https:\/\/pcb.org.br\/portal2\/333","title":{"rendered":"Paraguai: Rela\u00e7\u00e3o Lugo-Uribe irrita Esquerda"},"content":{"rendered":"\n<p>Fernando Lugo e seu ministro do Interior, Rafael Filizzola, agradeceram em v\u00e1rias ocasi\u00f5es a Col\u00f4mbia por assessorar o Paraguai em quest\u00f5es de seguran\u00e7a . Inclusive, o Presidente agradeceu pessoalmente o seu colega Alvaro Uribe pela ajuda colombiana. Foi em 23 de fevereiro, durante a c\u00fapula de presidentes latinoamericanos em Canc\u00fan (M\u00e9xico). A semana passada Lugo voltou a destacar que &#8220;com a Col\u00f4mbia temos uma das melhores rela\u00e7\u00f5es na Am\u00e9rica Latina. Informou que na c\u00fapula (a celebrada no M\u00e9xico) &#8220;o \u00fanico presidente com o qual pedi uma reuni\u00e3o bilateral foi Uribe, para tratar de conv\u00eanios de coopera\u00e7\u00e3o. Me assegurou (Uribe) que estamos em bom momento para extirpar o mal do sequestro e o terrorismo&#8221;.<\/p>\n<p>A aproxima\u00e7\u00e3o p\u00fablica do Poder Executivo com a Col\u00f4mbia desatou uma onda de cr\u00edticas do Espa\u00e7o Unit\u00e1rio Congresso Popular (EUCP) contra Lugo. Este grupo, base pol\u00edtica do Presidente, aglutina sete partidos da esquerda. Um dos questionamentos mais duros que recebeu o Mandat\u00e1rio foi o do Partido Comunista Paraguaio. &#8220;Os representantes dos poderes dentro e fora do governo, assim como os desorientados ou mal informados (dentro e fora do governo) ponderam, elogiam e agradecem os setores militares e policiais da ditadura terrorista de Alvaro Uribe&#8221;, indica parte de um comunicado dado a conhecer pelo PCP, cujo Secret\u00e1rio Geral \u00e9 Najeeb Amado.<\/p>\n<p>O Partido Tekojoja, apesar de oficialista, tamb\u00e9m questionou Lugo sobre sua rela\u00e7\u00e3o com a Col\u00f4mbia. O partido, presidido pelo senador Sixto Pereira, assegurou que Alvaro Uribe impulsiona &#8220;uma pol\u00edtica encaminhada para institucionalizar um novo modelo de impunidade para os respons\u00e1veis pelas mais graves viola\u00e7\u00f5es dos direitos humanos&#8221;.<\/p>\n<p>06 de mar\u00e7o de 2010.<\/p>\n<p>Fonte original: http:\/\/www.abc.com.py\/abc\/nota\/84975-Relaci%C3%B3n-Lugo-Uribe-irrita-a-izquierda\/<\/p>\n<p>Traduzido por: Dario da Silva<\/p>\n","protected":false},"excerpt":{"rendered":"\n\n\nCr\u00e9dito: pt.wikipedia.org\n\n\n\n\nDi\u00e1rio ABC Color\nPartido Comunista Paraguaio disse que Lugo est\u00e1 desorientado ao agradecer a ajuda colombiana.\nAs boas rela\u00e7\u00f5es bilaterais entre Col\u00f4mbia e Paraguai irritam cada vez mais os setores de esquerda. O menos tolerante \u00e9 o Partido Comunista Paraguaio (PCP), que disse que Lugo e Rafael Filizzola est\u00e3o desorientados em &#8220;ponderar, elogiar e agradecer os assessores militares e policiais da ditadura terrorista de Alvaro Uribe&#8221;. Tekojoja tamb\u00e9m questionou o Presidente.\n<a class=\"moretag\" href=\"https:\/\/pcb.org.br\/portal2\/333\"> <\/a>","protected":false},"author":1,"featured_media":0,"comment_status":"open","ping_status":"open","sticky":false,"template":"","format":"standard","meta":{"jetpack_post_was_ever_published":false,"_jetpack_newsletter_access":"","_jetpack_dont_email_post_to_subs":false,"_jetpack_newsletter_tier_id":0,"_jetpack_memberships_contains_paywalled_content":false,"_jetpack_memberships_contains_paid_content":false,"footnotes":"","jetpack_publicize_message":"","jetpack_publicize_feature_enabled":true,"jetpack_social_post_already_shared":false,"jetpack_social_options":{"image_generator_settings":{"template":"highway","default_image_id":0,"font":"","enabled":false},"version":2}},"categories":[35],"tags":[],"class_list":["post-333","post","type-post","status-publish","format-standard","hentry","category-c40-paraguai"],"jetpack_publicize_connections":[],"jetpack_featured_media_url":"","jetpack_shortlink":"https:\/\/wp.me\/p659gw-5n","jetpack-related-posts":[],"jetpack_likes_enabled":true,"jetpack_sharing_enabled":true,"_links":{"self":[{"href":"https:\/\/pcb.org.br\/portal2\/wp-json\/wp\/v2\/posts\/333","targetHints":{"allow":["GET"]}}],"collection":[{"href":"https:\/\/pcb.org.br\/portal2\/wp-json\/wp\/v2\/posts"}],"about":[{"href":"https:\/\/pcb.org.br\/portal2\/wp-json\/wp\/v2\/types\/post"}],"author":[{"embeddable":true,"href":"https:\/\/pcb.org.br\/portal2\/wp-json\/wp\/v2\/users\/1"}],"replies":[{"embeddable":true,"href":"https:\/\/pcb.org.br\/portal2\/wp-json\/wp\/v2\/comments?post=333"}],"version-history":[{"count":0,"href":"https:\/\/pcb.org.br\/portal2\/wp-json\/wp\/v2\/posts\/333\/revisions"}],"wp:attachment":[{"href":"https:\/\/pcb.org.br\/portal2\/wp-json\/wp\/v2\/media?parent=333"}],"wp:term":[{"taxonomy":"category","embeddable":true,"href":"https:\/\/pcb.org.br\/portal2\/wp-json\/wp\/v2\/categories?post=333"},{"taxonomy":"post_tag","embeddable":true,"href":"https:\/\/pcb.org.br\/portal2\/wp-json\/wp\/v2\/tags?post=333"}],"curies":[{"name":"wp","href":"https:\/\/api.w.org\/{rel}","templated":true}]}}