{"id":33337,"date":"2025-11-14T18:19:38","date_gmt":"2025-11-14T21:19:38","guid":{"rendered":"https:\/\/pcb.org.br\/portal2\/?p=33337"},"modified":"2025-11-14T18:19:38","modified_gmt":"2025-11-14T21:19:38","slug":"lisboa-mais-de-cem-mil-contra-o-pacote-laboral","status":"publish","type":"post","link":"https:\/\/pcb.org.br\/portal2\/33337","title":{"rendered":"Lisboa: mais de cem mil contra o pacote laboral"},"content":{"rendered":"<p><img data-recalc-dims=\"1\" loading=\"lazy\" decoding=\"async\" data-attachment-id=\"33338\" data-permalink=\"https:\/\/pcb.org.br\/portal2\/33337\/get_img\" data-orig-file=\"https:\/\/i0.wp.com\/pcb.org.br\/portal2\/wp-content\/uploads\/2025\/11\/get_img.jpg?fit=355%2C237&amp;ssl=1\" data-orig-size=\"355,237\" data-comments-opened=\"0\" data-image-meta=\"{&quot;aperture&quot;:&quot;0&quot;,&quot;credit&quot;:&quot;&quot;,&quot;camera&quot;:&quot;&quot;,&quot;caption&quot;:&quot;&quot;,&quot;created_timestamp&quot;:&quot;0&quot;,&quot;copyright&quot;:&quot;&quot;,&quot;focal_length&quot;:&quot;0&quot;,&quot;iso&quot;:&quot;0&quot;,&quot;shutter_speed&quot;:&quot;0&quot;,&quot;title&quot;:&quot;&quot;,&quot;orientation&quot;:&quot;0&quot;}\" data-image-title=\"get_img\" data-image-description=\"\" data-image-caption=\"\" data-large-file=\"https:\/\/i0.wp.com\/pcb.org.br\/portal2\/wp-content\/uploads\/2025\/11\/get_img.jpg?fit=355%2C237&amp;ssl=1\" class=\"alignnone size-full wp-image-33338\" src=\"https:\/\/i0.wp.com\/pcb.org.br\/portal2\/wp-content\/uploads\/2025\/11\/get_img.jpg?resize=355%2C237&#038;ssl=1\" alt=\"\" width=\"355\" height=\"237\" srcset=\"https:\/\/i0.wp.com\/pcb.org.br\/portal2\/wp-content\/uploads\/2025\/11\/get_img.jpg?w=355&amp;ssl=1 355w, https:\/\/i0.wp.com\/pcb.org.br\/portal2\/wp-content\/uploads\/2025\/11\/get_img.jpg?resize=300%2C200&amp;ssl=1 300w\" sizes=\"auto, (max-width: 355px) 100vw, 355px\" \/><!--more--><\/p>\n<p>AVANTE! &#8211; \u00d3rg\u00e3o Oficial do Partido Comunista Portugu\u00eas<\/p>\n<p>Na Marcha Na\u00adci\u00adonal contra o pa\u00adcote la\u00adboral, que no dia 8 reuniu em Lisboa mais de cem mil pes\u00adsoas, a CGTP-IN anun\u00adciou uma greve geral para 11 de De\u00adzembro, ga\u00adran\u00adtindo que a luta vai con\u00adti\u00adnuar e in\u00adten\u00adsi\u00adficar-se, at\u00e9 que o Go\u00adverno re\u00adtire o seu di\u00adploma, de\u00adsis\u00adtindo das mais de cem al\u00adte\u00adra\u00ad\u00e7\u00f5es \u00e0 le\u00adgis\u00adla\u00e7\u00e3o do tra\u00adbalho, e re\u00advogue as normas le\u00adgais gra\u00advosas que pre\u00adju\u00addicam gra\u00adve\u00admente os tra\u00adba\u00adlha\u00addores.<\/p>\n<p>\u00abO ataque \u00e9 brutal, vamos \u00e0 greve geral\u00bb<\/p>\n<p>De todo o pa\u00eds, de trem ou de \u00f4nibus, em trans\u00adportes p\u00fa\u00adblicos ou pr\u00f3\u00adprios, mais de cem mil pes\u00adsoas \u2013 muitas delas, tra\u00adba\u00adlha\u00addores e trabalhadoras em greve \u2013 res\u00adpon\u00adderam ao apelo da CGTP-IN (Confedera\u00e7\u00e3o Geral dos Trabalhadores Portugueses \u2014 Intersindical Nacional) e mos\u00adtraram, nas ruas de Lisboa, que \u00abquanto maior for a ofen\u00adsiva, maior ser\u00e1 a luta\u00bb. A afir\u00adma\u00e7\u00e3o foi feita por Tiago Oli\u00adveira, pouco antes de anun\u00adciar a con\u00advo\u00adca\u00e7\u00e3o de uma greve geral.<\/p>\n<p>O Se\u00adcre\u00adt\u00e1rio-Geral da CGTP-IN in\u00adter\u00adveio na Pra\u00e7a dos Res\u00adtau\u00adra\u00addores, para onde con\u00adfluiu esta marcha. Re\u00adcordou as duas grandes ma\u00adni\u00adfes\u00adta\u00ad\u00e7\u00f5es, re\u00ada\u00adli\u00adzadas em 20 de se\u00adtembro, no Porto e em Lisboa, e a greve da Ad\u00admi\u00adnis\u00adtra\u00e7\u00e3o P\u00fa\u00adblica, em 24 de ou\u00adtubro. Lem\u00adbrou tamb\u00e9m que a marcha foi an\u00adte\u00adce\u00addida por cen\u00adtenas de ple\u00adn\u00e1\u00adrias e que de\u00adzenas de mi\u00adlhares de tra\u00adba\u00adlha\u00addores j\u00e1 subs\u00adcre\u00adveram o abaixo-as\u00adsi\u00adnado para re\u00adjeitar o pa\u00adcote que ataca os direitos trabalhistas. Tiago Oli\u00adveira as\u00adse\u00adgurou que esta a\u00e7\u00e3o geral nas em\u00adpresas e na rua \u00abvai pros\u00adse\u00adguir, com a amplia\u00e7\u00e3o e in\u00adten\u00adsi\u00adfi\u00adca\u00e7\u00e3o da luta rei\u00advin\u00addi\u00adca\u00adt\u00f3ria pelos sa\u00adl\u00e1\u00adrios e di\u00adreitos\u00bb e \u00abcom n\u00ed\u00adveis mais ele\u00advados da luta con\u00adver\u00adgente de todos os tra\u00adba\u00adlha\u00addores e trabalhadoras\u00bb.<\/p>\n<p>Foi de\u00adci\u00addido re\u00ada\u00adlizar a greve geral no dia 11 de de\u00adzembro \u00abna base da uni\u00addade de a\u00e7\u00e3o dos tra\u00adba\u00adlha\u00addores e trabalhadoras, a partir dos lo\u00adcais de tra\u00adbalho\u00bb, em con\u00adver\u00adg\u00eancia com \u00abmuitas estru\u00adturas sin\u00addi\u00adcais\u00bb, seja \u00abcom po\u00adsi\u00e7\u00e3o j\u00e1 to\u00admada ou em pro\u00adcesso final de de\u00adcis\u00e3o\u00bb, ex\u00adplicou o di\u00adri\u00adgente.<\/p>\n<p>\u00abO ataque \u00e9 brutal, vamos \u00e0 greve geral\u00bb foi a pa\u00adlavra de ordem que saudou o an\u00fancio da luta.<\/p>\n<p>Dora Boi\u00adeiro, em nome da In\u00adter\u00adjovem, an\u00adte\u00adcedeu na tri\u00adbuna ao Se\u00adcre\u00adt\u00e1rio-Geral da CGTP-IN. Acusou Go\u00adverno e pa\u00adtro\u00adnato de, com este pa\u00adcote la\u00adboral, que\u00adrerem \u00aba pre\u00adca\u00adri\u00ade\u00addade le\u00adga\u00adli\u00adzada\u00bb, para que \u00aba ge\u00adra\u00e7\u00e3o mais qua\u00adli\u00adfi\u00adcada\u00bb es\u00adteja \u00abper\u00adma\u00adnen\u00adte\u00admente dis\u00adpo\u00adn\u00edvel\u00bb. Mas, sendo um ter\u00e7o da for\u00e7a de tra\u00adbalho e mais de me\u00adtade dos tra\u00adba\u00adlha\u00addores com v\u00edn\u00adculos pre\u00adc\u00e1\u00adrios, os jo\u00advens dizem \u00abbasta\u00bb a este ataque e v\u00e3o con\u00adti\u00adnuar a lutar, por \u00absa\u00adl\u00e1\u00adrios dignos agora, e n\u00e3o em 2030\u00bb, porque \u00aba nossa vida vale mais do que o lucro de qual\u00adquer pa\u00adtr\u00e3o\u00bb.<\/p>\n<p>&nbsp;<\/p>\n<p>Ra\u00adz\u00f5es de uni\u00addade e luta<\/p>\n<p>Ao som de pa\u00adla\u00advras de ordem \u2013 como \u00abN\u00e3o vamos de\u00adsistir, o pa\u00adcote \u00e9 para cair\u00bb, \u00abO pa\u00adcote la\u00adboral \u00e9 en\u00adco\u00admenda do pa\u00adtr\u00e3o. N\u00e3o tem nada que en\u00adganar: \u00e9 para au\u00admentar a ex\u00adplo\u00adra\u00e7\u00e3o\u00bb, \u00abQue\u00adremos paz, p\u00e3o e o di\u00adreito \u00e0 ha\u00adbi\u00adta\u00e7\u00e3o\u00bb ou \u00abSa\u00fade, Edu\u00adca\u00e7\u00e3o e Se\u00adgu\u00adran\u00e7a So\u00adcial s\u00e3o di\u00adreito uni\u00adversal\u00bb \u2013, trans\u00adpor\u00adtando faixas, ban\u00addeiras e car\u00adtazes, os ma\u00adni\u00adfes\u00adtantes co\u00adme\u00ad\u00e7aram por se reunir, desde antes das 14h30, nas Amo\u00adreiras (Ad\u00admi\u00adnis\u00adtra\u00e7\u00e3o P\u00fa\u00adblica) e no Sal\u00addanha (setor pri\u00advado e setor em\u00adpre\u00adsa\u00adrial do Es\u00adtado).<\/p>\n<p>Na des\u00adcida at\u00e9 a Pra\u00e7a Marqu\u00eas de Pombal, cada um destes passos da Marcha foi, j\u00e1 por si, uma grande ma\u00adni\u00adfes\u00adta\u00e7\u00e3o, com duas faixas id\u00ean\u00adticas na di\u00adan\u00adteira, a mar\u00adcarem a luta comum: \u00abN\u00e3o ao pa\u00adcote la\u00adboral! Mais sa\u00adl\u00e1\u00adrios e di\u00adreitos!\u00bb.<\/p>\n<p>Na Ave\u00adnida da Li\u00adber\u00addade, se\u00adguiram na frente a di\u00adre\u00e7\u00e3o da CGTP-IN e um nu\u00adme\u00adroso grupo de ati\u00advistas da In\u00adter\u00adjovem (no in\u00edcio, re\u00adpar\u00adtidos pelas duas con\u00adcen\u00adtra\u00ad\u00e7\u00f5es).<\/p>\n<p>Ap\u00f3s uns mi\u00adlhares de tra\u00adba\u00adlha\u00addores\/as das in\u00add\u00fas\u00adtrias trans\u00adfor\u00adma\u00addoras e am\u00adbi\u00adente, or\u00adga\u00adni\u00adzados\/as nos sin\u00addi\u00adcatos da FI\u00adE\u00adQUI\u00adMETAL, des\u00adfi\u00adlaram muitos ou\u00adtros mi\u00adlhares de tra\u00adba\u00adlha\u00addores\/as da Ad\u00admi\u00adnis\u00adtra\u00e7\u00e3o Local, mo\u00adbi\u00adli\u00adzados pelo STAL.<\/p>\n<p>A Ave\u00adnida con\u00adti\u00adnuou a en\u00adcher, du\u00adrante quase duas horas, en\u00adtrando in\u00adter\u00adca\u00adla\u00adda\u00admente grupos vindos das Amo\u00adreiras e do Sal\u00addanha.<\/p>\n<p>Por ali des\u00adfi\u00adlaram, numa ex\u00adpress\u00e3o forte de uni\u00addade: o pro\u00adtesto contra a re\u00addu\u00adzida atu\u00ada\u00adli\u00adza\u00e7\u00e3o sa\u00adla\u00adrial im\u00adposta na Ad\u00admi\u00adnis\u00adtra\u00e7\u00e3o P\u00fa\u00adblica e a cr\u00ed\u00adtica aos dez c\u00ean\u00adtimos de aumento do sub\u00ads\u00eddio de re\u00adfei\u00e7\u00e3o; a re\u00adjei\u00e7\u00e3o ao \u00abpa\u00adcote do pa\u00adtr\u00e3o\u00bb e do acordo co\u00adletivo de tra\u00adbalho que o Go\u00adverno apre\u00adsentou aos en\u00adfer\u00admeiros; a exi\u00adg\u00eancia de au\u00admento dos sa\u00adl\u00e1\u00adrios e va\u00adlo\u00adri\u00adza\u00e7\u00e3o das car\u00adreiras, e tamb\u00e9m de de\u00adfesa dos ser\u00advi\u00e7os p\u00fa\u00adblicos; a de\u00adn\u00fancia dos mi\u00adli\u00ado\u00adn\u00e1\u00adrios lu\u00adcros dos bancos e dos su\u00adper\u00admer\u00adcados, a con\u00adtrastar com sa\u00adl\u00e1\u00adrios e pen\u00ads\u00f5es de mi\u00ads\u00e9ria.<\/p>\n<p>Muitos iden\u00adti\u00adfi\u00adcaram-se pelas pro\u00adfis\u00ads\u00f5es, dos mi\u00adneiros aos mo\u00adto\u00adristas e bom\u00adbeiros, dos pro\u00adfes\u00adsores aos pro\u00adfis\u00adsi\u00ado\u00adnais de se\u00adgu\u00adran\u00e7a e mi\u00adli\u00adtares; ou\u00adtros, por em\u00adpresas e setores, dis\u00adtritos, concelhos&#8230;<\/p>\n<p>No re\u00adgresso, o em\u00adpenho de todos vai de\u00adter\u00adminar, at\u00e9 o dia 11, \u00aba cons\u00adtru\u00e7\u00e3o de uma grande de\u00admons\u00adtra\u00e7\u00e3o da for\u00e7a dos tra\u00adba\u00adlha\u00addores e das trabalhadoras\u00bb e \u00abum mo\u00admento maior do combate ao pa\u00adcote la\u00adboral, no com\u00adbate a este rumo de de\u00adgra\u00adda\u00e7\u00e3o das con\u00addi\u00ad\u00e7\u00f5es de vida, no com\u00adbate pelas so\u00adlu\u00ad\u00e7\u00f5es aos pro\u00adblemas que en\u00adfren\u00adtamos todos os dias\u00bb &#8211; como disse Tiago Oli\u00adveira, a pro\u00adp\u00f3\u00adsito da greve geral.<\/p>\n<p>Fonte: <a href=\"https:\/\/avante.pt\/pt\/2711\/emfoco\/181567\/Mais-de-cem-mil-em-Lisboa-firmes-contra-o-pacote-laboral.htm\">https:\/\/avante.pt\/pt\/2711\/emfoco\/181567\/Mais-de-cem-mil-em-Lisboa-firmes-contra-o-pacote-laboral.htm<\/a><\/p>\n","protected":false},"excerpt":{"rendered":"<a class=\"moretag\" href=\"https:\/\/pcb.org.br\/portal2\/33337\"> <\/a>","protected":false},"author":8,"featured_media":0,"comment_status":"closed","ping_status":"closed","sticky":false,"template":"","format":"standard","meta":{"jetpack_post_was_ever_published":false,"_jetpack_newsletter_access":"","_jetpack_dont_email_post_to_subs":false,"_jetpack_newsletter_tier_id":0,"_jetpack_memberships_contains_paywalled_content":false,"_jetpack_memberships_contains_paid_content":false,"footnotes":"","jetpack_publicize_message":"","jetpack_publicize_feature_enabled":true,"jetpack_social_post_already_shared":true,"jetpack_social_options":{"image_generator_settings":{"template":"highway","default_image_id":0,"font":"","enabled":false},"version":2}},"categories":[65,10,98],"tags":[234],"class_list":["post-33337","post","type-post","status-publish","format-standard","hentry","category-c78-internacional","category-s19-opiniao","category-c111-portugal","tag-6b"],"jetpack_publicize_connections":[],"jetpack_featured_media_url":"","jetpack_shortlink":"https:\/\/wp.me\/p659gw-8FH","jetpack-related-posts":[],"jetpack_likes_enabled":true,"jetpack_sharing_enabled":true,"_links":{"self":[{"href":"https:\/\/pcb.org.br\/portal2\/wp-json\/wp\/v2\/posts\/33337","targetHints":{"allow":["GET"]}}],"collection":[{"href":"https:\/\/pcb.org.br\/portal2\/wp-json\/wp\/v2\/posts"}],"about":[{"href":"https:\/\/pcb.org.br\/portal2\/wp-json\/wp\/v2\/types\/post"}],"author":[{"embeddable":true,"href":"https:\/\/pcb.org.br\/portal2\/wp-json\/wp\/v2\/users\/8"}],"replies":[{"embeddable":true,"href":"https:\/\/pcb.org.br\/portal2\/wp-json\/wp\/v2\/comments?post=33337"}],"version-history":[{"count":1,"href":"https:\/\/pcb.org.br\/portal2\/wp-json\/wp\/v2\/posts\/33337\/revisions"}],"predecessor-version":[{"id":33339,"href":"https:\/\/pcb.org.br\/portal2\/wp-json\/wp\/v2\/posts\/33337\/revisions\/33339"}],"wp:attachment":[{"href":"https:\/\/pcb.org.br\/portal2\/wp-json\/wp\/v2\/media?parent=33337"}],"wp:term":[{"taxonomy":"category","embeddable":true,"href":"https:\/\/pcb.org.br\/portal2\/wp-json\/wp\/v2\/categories?post=33337"},{"taxonomy":"post_tag","embeddable":true,"href":"https:\/\/pcb.org.br\/portal2\/wp-json\/wp\/v2\/tags?post=33337"}],"curies":[{"name":"wp","href":"https:\/\/api.w.org\/{rel}","templated":true}]}}