{"id":33376,"date":"2025-11-26T11:21:48","date_gmt":"2025-11-26T14:21:48","guid":{"rendered":"https:\/\/pcb.org.br\/portal2\/?p=33376"},"modified":"2025-11-26T11:21:48","modified_gmt":"2025-11-26T14:21:48","slug":"ujc-realiza-com-exito-seu-x-congresso-no-rj","status":"publish","type":"post","link":"https:\/\/pcb.org.br\/portal2\/33376","title":{"rendered":"UJC realiza com \u00eaxito seu X Congresso no RJ"},"content":{"rendered":"<p><img data-recalc-dims=\"1\" loading=\"lazy\" decoding=\"async\" data-attachment-id=\"33377\" data-permalink=\"https:\/\/pcb.org.br\/portal2\/33376\/attachment\/1000098393\" data-orig-file=\"https:\/\/i0.wp.com\/pcb.org.br\/portal2\/wp-content\/uploads\/2025\/11\/1000098393.jpg?fit=1600%2C1201&amp;ssl=1\" data-orig-size=\"1600,1201\" data-comments-opened=\"0\" data-image-meta=\"{&quot;aperture&quot;:&quot;0&quot;,&quot;credit&quot;:&quot;&quot;,&quot;camera&quot;:&quot;&quot;,&quot;caption&quot;:&quot;&quot;,&quot;created_timestamp&quot;:&quot;0&quot;,&quot;copyright&quot;:&quot;&quot;,&quot;focal_length&quot;:&quot;0&quot;,&quot;iso&quot;:&quot;0&quot;,&quot;shutter_speed&quot;:&quot;0&quot;,&quot;title&quot;:&quot;&quot;,&quot;orientation&quot;:&quot;0&quot;}\" data-image-title=\"1000098393\" data-image-description=\"\" data-image-caption=\"\" data-large-file=\"https:\/\/i0.wp.com\/pcb.org.br\/portal2\/wp-content\/uploads\/2025\/11\/1000098393.jpg?fit=747%2C561&amp;ssl=1\" class=\"alignnone size-large wp-image-33377\" src=\"https:\/\/i0.wp.com\/pcb.org.br\/portal2\/wp-content\/uploads\/2025\/11\/1000098393.jpg?resize=747%2C561&#038;ssl=1\" alt=\"\" width=\"747\" height=\"561\" srcset=\"https:\/\/i0.wp.com\/pcb.org.br\/portal2\/wp-content\/uploads\/2025\/11\/1000098393.jpg?resize=900%2C676&amp;ssl=1 900w, https:\/\/i0.wp.com\/pcb.org.br\/portal2\/wp-content\/uploads\/2025\/11\/1000098393.jpg?resize=300%2C225&amp;ssl=1 300w, https:\/\/i0.wp.com\/pcb.org.br\/portal2\/wp-content\/uploads\/2025\/11\/1000098393.jpg?resize=768%2C576&amp;ssl=1 768w, https:\/\/i0.wp.com\/pcb.org.br\/portal2\/wp-content\/uploads\/2025\/11\/1000098393.jpg?resize=1536%2C1153&amp;ssl=1 1536w, https:\/\/i0.wp.com\/pcb.org.br\/portal2\/wp-content\/uploads\/2025\/11\/1000098393.jpg?w=1600&amp;ssl=1 1600w\" sizes=\"auto, (max-width: 747px) 100vw, 747px\" \/><!--more--><\/p>\n<p>Cr\u00e9ditos: @amandabrauun ou @produtoracamarada<\/p>\n<p>Jornal O Poder Popular<\/p>\n<p>A Uni\u00e3o da Juventude Comunista (UJC), a Juventude do PCB, realizou com grande \u00eaxito o seu X Congresso na Sede Campestre da Associa\u00e7\u00e3o dos Trabalhadores Aposentados e Anistiados da Petrobr\u00e1s (Astape), na cidade de Mag\u00e9, no Estado do Rio de Janeiro, nos dias 20, 21, 22 e 23 de janeiro. Com a presen\u00e7a de mais de 100 delegados e delegadas de todas as regi\u00f5es do pa\u00eds, o Congresso recebeu sauda\u00e7\u00e3o de mais de 20 organiza\u00e7\u00f5es juvenis de todos os continentes e contou com a participa\u00e7\u00e3o de juventudes da Venezuela, Col\u00f4mbia, Equador e Chipre.<\/p>\n<p>Durante a abertura dos trabalhos, o Secret\u00e1rio Nacional de Juventude, Tulio Lopes, afirmou a import\u00e2ncia hist\u00f3rica do X Congresso Nacional que representa a supera\u00e7\u00e3o dial\u00e9tica da fase anterior, marcada pela tentativa frustrada de cortar o v\u00ednculo com o PCB. A UJC, desde 1927, sempre foi e ser\u00e1 a juventude comunista do PCB. Em seguida falou o secret\u00e1rio geral do PCB, Edmilson Costa, que destacou a import\u00e2ncia do congresso para a reorganiza\u00e7\u00e3o da UJC, reafirmando mais uma vez a capacidade dos e das militantes de reconstruir a sua entidade hist\u00f3rica. Posteriormente, o secret\u00e1rio pol\u00edtico da UJC, camarada Matheus Rossetti, fez um balan\u00e7o geral dos trabalhos de reorganiza\u00e7\u00e3o nesses \u00faltimos dois anos e disse esperar que a nova dire\u00e7\u00e3o tenha condi\u00e7\u00f5es de dar um salto de qualidade na sua organiza\u00e7\u00e3o pol\u00edtica, tornando-se refer\u00eancia da juventude brasileira. O camarada Ricardo Pinheiro fez uma sauda\u00e7\u00e3o ao congresso da UJC em nome do Comit\u00ea Regional do PCB RJ.<\/p>\n<p>Igualmente fez parte da mesa de abertura o Deputado Federal Glauber Braga (PSOL), que saudou a realiza\u00e7\u00e3o do congresso da Juventude Comunista, testemunhando que, durante o processo de tentativa de cassa\u00e7\u00e3o do seu mandato neste ano de 2025, o que efetivamente barrou essa amea\u00e7a da extrema-direita no Congresso n\u00e3o foram as a\u00e7\u00f5es institucionais, mas as mobiliza\u00e7\u00f5es realizadas em todas as principais cidades do pa\u00eds, onde ele sempre encontrava a milit\u00e2ncia da UJC disposta pra luta. Desejou sucesso ao evento e se disse muito confort\u00e1vel em estar participando de uma atividade promovida pelos e pelas camaradas que est\u00e3o sempre atuando nas principais batalhas da classe trabalhadora e do povo brasileiro.<\/p>\n<p>Ao longo dos tr\u00eas dias de debates, os delegados e as delegadas discutiram, tanto nos grupos de trabalho, quanto na plen\u00e1ria, a conjuntura nacional e internacional, a quest\u00e3o da educa\u00e7\u00e3o e da universidade popular. Ao final do Congresso foi eleita a nova dire\u00e7\u00e3o nacional da UJC, que tem como secret\u00e1ria pol\u00edtica nacional a camarada Cheyenne Ayalla, da Bahia. Tamb\u00e9m no final do Congresso foi anunciada a promo\u00e7\u00e3o de 21 camaradas, que agora passar\u00e3o a militar no PCB, na Unidade Classista e nos seus coletivos.<\/p>\n<p>Viva a UJC! Viva o PCB!<br \/>\nViva o Comunismo!<\/p>\n","protected":false},"excerpt":{"rendered":"<a class=\"moretag\" href=\"https:\/\/pcb.org.br\/portal2\/33376\"> <\/a>","protected":false},"author":8,"featured_media":0,"comment_status":"closed","ping_status":"closed","sticky":false,"template":"","format":"standard","meta":{"jetpack_post_was_ever_published":false,"_jetpack_newsletter_access":"","_jetpack_dont_email_post_to_subs":false,"_jetpack_newsletter_tier_id":0,"_jetpack_memberships_contains_paywalled_content":false,"_jetpack_memberships_contains_paid_content":false,"footnotes":"","jetpack_publicize_message":"","jetpack_publicize_feature_enabled":true,"jetpack_social_post_already_shared":true,"jetpack_social_options":{"image_generator_settings":{"template":"highway","default_image_id":0,"font":"","enabled":false},"version":2}},"categories":[6,27],"tags":[247,219],"class_list":["post-33376","post","type-post","status-publish","format-standard","hentry","category-s5-juventude","category-c27-ujc","tag-jd","tag-manchete"],"jetpack_publicize_connections":[],"jetpack_featured_media_url":"","jetpack_shortlink":"https:\/\/wp.me\/p659gw-8Gk","jetpack-related-posts":[],"jetpack_likes_enabled":true,"jetpack_sharing_enabled":true,"_links":{"self":[{"href":"https:\/\/pcb.org.br\/portal2\/wp-json\/wp\/v2\/posts\/33376","targetHints":{"allow":["GET"]}}],"collection":[{"href":"https:\/\/pcb.org.br\/portal2\/wp-json\/wp\/v2\/posts"}],"about":[{"href":"https:\/\/pcb.org.br\/portal2\/wp-json\/wp\/v2\/types\/post"}],"author":[{"embeddable":true,"href":"https:\/\/pcb.org.br\/portal2\/wp-json\/wp\/v2\/users\/8"}],"replies":[{"embeddable":true,"href":"https:\/\/pcb.org.br\/portal2\/wp-json\/wp\/v2\/comments?post=33376"}],"version-history":[{"count":1,"href":"https:\/\/pcb.org.br\/portal2\/wp-json\/wp\/v2\/posts\/33376\/revisions"}],"predecessor-version":[{"id":33378,"href":"https:\/\/pcb.org.br\/portal2\/wp-json\/wp\/v2\/posts\/33376\/revisions\/33378"}],"wp:attachment":[{"href":"https:\/\/pcb.org.br\/portal2\/wp-json\/wp\/v2\/media?parent=33376"}],"wp:term":[{"taxonomy":"category","embeddable":true,"href":"https:\/\/pcb.org.br\/portal2\/wp-json\/wp\/v2\/categories?post=33376"},{"taxonomy":"post_tag","embeddable":true,"href":"https:\/\/pcb.org.br\/portal2\/wp-json\/wp\/v2\/tags?post=33376"}],"curies":[{"name":"wp","href":"https:\/\/api.w.org\/{rel}","templated":true}]}}