{"id":3339,"date":"2012-08-11T00:07:53","date_gmt":"2012-08-11T00:07:53","guid":{"rendered":"http:\/\/pcb.org.br\/portal2\/?p=3339"},"modified":"2012-08-11T00:07:53","modified_gmt":"2012-08-11T00:07:53","slug":"a-disputa-pelos-restos-da-libia-a-libia-e-a-proxima-somalia","status":"publish","type":"post","link":"https:\/\/pcb.org.br\/portal2\/3339","title":{"rendered":"A disputa pelos restos da L\u00edbia: \u201cA L\u00edbia \u00e9 a pr\u00f3xima Som\u00e1lia?\u201d"},"content":{"rendered":"\n<p>A L\u00edbia d\u00e1 sinais de se estar a converter na pr\u00f3xima Som\u00e1lia, com grande parte do pa\u00eds j\u00e1 controlado por mil\u00edcias armadas de cl\u00e3s ou tribos. Tal como aconteceu na Som\u00e1lia, est\u00e1 em curso um processo de divis\u00e3o com a cria\u00e7\u00e3o a leste da Cirenaica, rica em petr\u00f3leo, cuja proclama\u00e7\u00e3o de independ\u00eancia de facto j\u00e1 foi lan\u00e7ada.<\/p>\n<p>Tr\u00edpoli, a capital da L\u00edbia, parece estar a converter-se no que foi Mogadishiu, capital da Som\u00e1lia h\u00e1 20 anos, com incont\u00e1veis mil\u00edcias de \u00e1reas das periferias urbanas, bem armadas, que se instalam nas cidades e se envolvem em infind\u00e1veis confrontos por territ\u00f3rio, disputando os restos de poder.<\/p>\n<p>O \u00fanico governo nacional real e modernizante que a L\u00edbia jamais conheceu foi o governo de Kadhafi, assim como o \u00fanico governo modernizante que houve na Som\u00e1lia foi o governo de Siad Barre.<\/p>\n<p>Os dois pa\u00edses foram criados pelo colonialismo italiano e passaram a integrar o Imp\u00e9rio Colonial Italiano em \u00c1frica. Nenhum dos dois jamais teve qualquer unidade hist\u00f3rica. Antes do colonialismo italiano, a L\u00edbia eram algumas cidades-estado e as tribos, a maioria das quais absolutamente n\u00f3madas.<\/p>\n<p>Antes do colonialismo italiano, jamais existiu nem algum Rei da Som\u00e1lia nem alguma Terra da Som\u00e1lia governada por conselho tribal ou cl\u00e2nico, chefes ou conselhos de grandes chefes.<\/p>\n<p>Nem num pa\u00eds nem no outro jamais se constituiu na\u00e7\u00e3o, antes exactamente o contr\u00e1rio. Mesmo assim, durante algum tempo, os dois pa\u00edses viveram bem \u2013 por dif\u00edcil que seja acreditar nisso, no caso da Som\u00e1lia.<\/p>\n<p>Em 2011, a L\u00edbia foi destru\u00edda por bombardeio a\u00e9reo quase sem precedentes, com mais de 10 mil ataques a\u00e9reos, que despejaram sobre os l\u00edbios cerca de 40 mil bombas explosivas de alto poder de destrui\u00e7\u00e3o, ao longo de cerca de oito meses. 40 mil bombas, matando cada uma duas pessoas em m\u00e9dia e, s\u00f3 at\u00e9 a\u00ed, j\u00e1 seriam 80 mil l\u00edbios mortos pela OTAN em 2011. Numa popula\u00e7\u00e3o muito pequena, de cerca de 6 milh\u00f5es.<\/p>\n<p>A destrui\u00e7\u00e3o que a OTAN provocou na L\u00edbia equivale a cerca de 100 mil ataques a\u00e9reos sobre a Gr\u00e3-Bretanha, com cerca de 400 mil bombas que matassem 800 mil brit\u00e2nicos em oito meses. \u00c9 desse modo, afinal, que se pode fazer uma ideia realista da escala da desgra\u00e7a que a OTAN levou \u00e0 L\u00edbia.<\/p>\n<p>Hoje a L\u00edbia exporta mais de 90% do n\u00edvel de produ\u00e7\u00e3o de petr\u00f3leo e g\u00e1s de antes da guerra, quase 2 milh\u00f5es de barris\/dia, de um dos melhores tipos de petr\u00f3leo que existe no planeta. Para onde v\u00e3o os quase US$ 200 milh\u00f5es di\u00e1rios, US$ 6 milh\u00f5es de milh\u00f5es por m\u00eas, mais de US$ 70 milh\u00f5es de milh\u00f5es no final de 2012, permanece mist\u00e9rio quase absoluto.<\/p>\n<p>O chef\u00e3o da Al-Qaeda e dos rebeldes l\u00edbios que fez o servi\u00e7o mais sujo depois do bombardeio pela OTAN \u00e9 o muitas vezes infame Abdelhakim Belhadj, ex-comandante da Al-Qaeda no Iraque e capo da Al-Qaeda no Norte da \u00c1frica. Comanda hoje a maior, a mais bem organizada militarmente e a mais eficiente mil\u00edcia que opera em Tr\u00edpoli. Sob o seu comando operam mil\u00edcias tribais de diferentes tamanhos e compet\u00eancias, entre as quais as mil\u00edcias de Zintan que mant\u00eam preso Saif al Islam Kadhafi.<\/p>\n<p>Com rela\u00e7\u00f5es de uma dif\u00edcil paz com essas mil\u00edcias est\u00e1 o Conselho Nacional de Transi\u00e7\u00e3o chefiado, pelo menos em parte, por v\u00e1rios dos ex-comandantes de Kadhafi.<\/p>\n<p>Elei\u00e7\u00f5es comandadas por um \u201cgoverno\u201d l\u00e1 implantado pela OTAN n\u00e3o passam de um artif\u00edcio para encobrir a ilegitimidade do actual regime, cujo \u00fanico projecto de governo \u00e9 receber os 70 milh\u00f5es de milh\u00f5es anuais da renda do petr\u00f3leo e os dividendos dos $100 milh\u00f5es de milh\u00f5es do fundo soberano l\u00edbio depositado em bancos ocidentais.<\/p>\n<p>No campo oposto, contra, ao mesmo tempo, Belhaj e o Conselho Nacional de Transi\u00e7\u00e3o, est\u00e1 o que \u00e9 conhecido como \u201cResist\u00eancia Verde\u201d que a imprensa-empresa ocidental chama de \u201cmilitantes pr\u00f3-Kadafi\u201d. S\u00e3o grande parte da maior tribo que h\u00e1 na L\u00edbia, os Warfalla, tribo da m\u00e3e de Saif al Islam, e deles se diz que, aos poucos, come\u00e7am a organizar for\u00e7as de autodefesa, para proteger as suas comunidades contra ataques de senhores-da-guerra e respectivas mil\u00edcias.<\/p>\n<p>Belhaj esteve preso na L\u00edbia, onde foi torturado por gente que hoje circula entre os capi do Conselho Nacional de Transi\u00e7\u00e3o, entregue a eles como prisioneiro, pela CIA-EUA, num dos programas pelos quais prisioneiros da CIA eram entregues a outros pa\u00edses para serem interrogados. A tortura de Belhaj s\u00f3 acabou quando Saif al Islam Kadhafi convenceu seu pai a perdoar Belhaj e seus chefes, em troca de uma promessa de coexist\u00eancia pac\u00edfica que Belhaj imediatamente traiu.<\/p>\n<p>O que se sabe \u00e9 que Belhaj tem manifestado alguma benevol\u00eancia em rela\u00e7\u00e3o a Saif al Islam, o que pode explicar por que o filho de Kadafi continua vivo, mantido a salvo, longe do alcance, ao mesmo tempo, da Corte Internacional de Justi\u00e7a e do Conselho Nacional de Transi\u00e7\u00e3o, e entregue \u00e0 prote\u00e7\u00e3o de aliados de Belhaj em Zintan.<\/p>\n<p>\u00c9 altamente prov\u00e1vel que Belhaj esteja operando para assumir o controlo sobre os milh\u00f5es de milh\u00f5es do petr\u00f3leo, mantendo-os fora do alcance do governo imposto pela OTAN, ao mesmo tempo em que trabalha para se vingar dos seus ex-torturadores, hoje confinados em Bengazi no Conselho Nacional de Transi\u00e7\u00e3o (quando n\u00e3o est\u00e3o fora do pa\u00eds).<\/p>\n<p>Para conseguir o que almeja, Belhaj pode bem estar interessado em aceitar um acordo de cessar-fogo com a Resist\u00eancia Verde, a qual tamb\u00e9m quer o fim do governo do Conselho Nacional de Transi\u00e7\u00e3o fantoche da OTAN. Descartado o Conselho Nacional de Transi\u00e7\u00e3o, poder-se-\u00e1 talvez cogitar um acordo de paz entre Belhaj e Saif al Islam para tentar p\u00f4r fim ao fogo e ao sangue que ainda pinga dos sabres na L\u00edbia.<\/p>\n<p>Mas isso tamb\u00e9m pode n\u00e3o ser mais do que tomar desejos por realidades, e depende de a OTAN n\u00e3o intervir militarmente para defender o \u201cseu\u201d Conselho Nacional de Transi\u00e7\u00e3o \u2013 amea\u00e7a presente que, por sua vez, pode explicar a paci\u00eancia de que Belhaj e os seus aliados t\u00eam dado v\u00e1rias provas.<\/p>\n<p>Quem sabe? A verdade \u00e9 muitas vezes mais estranha do que qualquer fic\u00e7\u00e3o. E o que hoje parece tomar desejos por realidades pode converter-se em realidade amanh\u00e3 ou depois de amanh\u00e3. Todavia, naquilo que diz respeito \u00e0 possibilidade de a L\u00edbia estar a caminho de se converter numa nova Som\u00e1lia, a verdade \u00e9 que \u00e9 precisamente esse o rumo que a hist\u00f3ria indica.<\/p>\n<p><em>Em Counterpunch, 29\/07\/2012<\/em><\/p>\n<p><em>*Thomas C. Mountain \u00e9 o jornalista independente mais credenciado da \u00c1frica. Vive e trabalha na Eritreia desde 2006. As suas entrevistas podem ser vistas no jornal Russia Today TV e PressTV (Ir\u00e3o). Recebe e-mails em:<a href=\"mailto:thomascmountain@yahoo.com\" target=\"_blank\">thomascmountain@yahoo.com<\/a>.<\/em><\/p>\n<p><em>Fonte: Redecastorphoto. Traduzido pelo Colectivo de Tradutores da Vila Vudu<\/em><\/p>\n<p><a href=\"http:\/\/www.odiario.info\/?p=2572\" target=\"_blank\">http:\/\/www.odiario.info\/?p=2572<\/a><\/p>\n","protected":false},"excerpt":{"rendered":"\n\n\nCr\u00e9dito: ODiario.info\n\n\n\n\n\n\n\n\nThomas C. Mountain*\n<a class=\"moretag\" href=\"https:\/\/pcb.org.br\/portal2\/3339\"> <\/a>","protected":false},"author":1,"featured_media":0,"comment_status":"open","ping_status":"open","sticky":false,"template":"","format":"standard","meta":{"jetpack_post_was_ever_published":false,"_jetpack_newsletter_access":"","_jetpack_dont_email_post_to_subs":false,"_jetpack_newsletter_tier_id":0,"_jetpack_memberships_contains_paywalled_content":false,"_jetpack_memberships_contains_paid_content":false,"footnotes":"","jetpack_publicize_message":"","jetpack_publicize_feature_enabled":true,"jetpack_social_post_already_shared":false,"jetpack_social_options":{"image_generator_settings":{"template":"highway","default_image_id":0,"font":"","enabled":false},"version":2}},"categories":[38],"tags":[],"class_list":["post-3339","post","type-post","status-publish","format-standard","hentry","category-c43-imperialismo"],"jetpack_publicize_connections":[],"jetpack_featured_media_url":"","jetpack_shortlink":"https:\/\/wp.me\/p659gw-RR","jetpack-related-posts":[],"jetpack_likes_enabled":true,"jetpack_sharing_enabled":true,"_links":{"self":[{"href":"https:\/\/pcb.org.br\/portal2\/wp-json\/wp\/v2\/posts\/3339","targetHints":{"allow":["GET"]}}],"collection":[{"href":"https:\/\/pcb.org.br\/portal2\/wp-json\/wp\/v2\/posts"}],"about":[{"href":"https:\/\/pcb.org.br\/portal2\/wp-json\/wp\/v2\/types\/post"}],"author":[{"embeddable":true,"href":"https:\/\/pcb.org.br\/portal2\/wp-json\/wp\/v2\/users\/1"}],"replies":[{"embeddable":true,"href":"https:\/\/pcb.org.br\/portal2\/wp-json\/wp\/v2\/comments?post=3339"}],"version-history":[{"count":0,"href":"https:\/\/pcb.org.br\/portal2\/wp-json\/wp\/v2\/posts\/3339\/revisions"}],"wp:attachment":[{"href":"https:\/\/pcb.org.br\/portal2\/wp-json\/wp\/v2\/media?parent=3339"}],"wp:term":[{"taxonomy":"category","embeddable":true,"href":"https:\/\/pcb.org.br\/portal2\/wp-json\/wp\/v2\/categories?post=3339"},{"taxonomy":"post_tag","embeddable":true,"href":"https:\/\/pcb.org.br\/portal2\/wp-json\/wp\/v2\/tags?post=3339"}],"curies":[{"name":"wp","href":"https:\/\/api.w.org\/{rel}","templated":true}]}}