{"id":3342,"date":"2012-08-11T00:19:58","date_gmt":"2012-08-11T00:19:58","guid":{"rendered":"http:\/\/pcb.org.br\/portal2\/?p=3342"},"modified":"2012-08-11T00:19:58","modified_gmt":"2012-08-11T00:19:58","slug":"as-farc-resistem-e-lutam-contra-una-oligarquia-neofascista","status":"publish","type":"post","link":"https:\/\/pcb.org.br\/portal2\/3342","title":{"rendered":"AS FARC RESISTEM E LUTAM CONTRA UNA OLIGARQUIA NEOFASCISTA"},"content":{"rendered":"\n<p>Influentes media norte-americanos manifestaram nas ultimas semanas inquieta\u00e7\u00e3o com a situa\u00e7\u00e3o pol\u00edtico-econ\u00f3mica e militar na Colombia, o aliado preferencial dos EUA na Am\u00e9rica Latina, apresentado habitualmente como modelo democr\u00e1tico para o Hemisf\u00e9rio.<\/p>\n<p>Para essa s\u00fabita preocupa\u00e7\u00e3o contribu\u00edram noticias sobre diverg\u00eancias agora inocult\u00e1veis entre o presidente Juan Manuel Santos e o seu antecessor \u00c1lvaro Uribe, a denuncia publica de envolvimento de generais Santoyo e C\u00e9sar Pinzon com a rede narco paramilitar, o agravamento da crise econ\u00f3mica, os efeitos dos Tratados de Livre Comercio impostos pelos EUA e pela Uni\u00e3o Europeia, o avolumar do descontentamento popular e, sobretudo, uma serie de derrotas infligidas pelas FARC EP a for\u00e7as do Exercito e da Policia Nacional.<\/p>\n<p>Julho foi um m\u00eas desastroso para a oligarquia colombiana e a engrenagem de comando das for\u00e7as armadas mais numerosas e bem equipadas da Am\u00e9rica Latina (quase 400 mil homens)<\/p>\n<p>O discurso pronunciado a 22 de Julho por Juan Manuel Santos foi uma pe\u00e7a orat\u00f3ria que deixou transparecer a decomposi\u00e7\u00e3o do estado olig\u00e1rquico. O sucessor de Uribe j\u00e1 n\u00e3o faia agora do pa\u00edsparadis\u00edaco que n\u00e3o tinha sido atingido pela crise mundial. As suas promessas populistas s\u00e3o a cada semana desmentidas pela desindustrializa\u00e7\u00e3o, os elevados \u00edndices do desemprego e da viol\u00eanciaurbana, o aumento da repress\u00e3o.<\/p>\n<p>Iniciativas de Santos, como a t\u00edmida reforma tribut\u00e1ria, a \u00ablei de v\u00edtimas\u00bb, a pris\u00e3o de alguns narcotraficantes e o esfor\u00e7o para normalizar as rela\u00e7\u00f5es com a Venezuela, desagradam a \u00c1lvaro Uribe e \u00e0m\u00e1fia narco paramilitar. Mas, no fundamental, o actual presidente apresenta-se como continuador da chamada politica de \u00abseguran\u00e7a democr\u00e1tica\u00bb -o eufemismo que serve para designar a brutalmilitariza\u00e7\u00e3o do pa\u00eds. O sistema medi\u00e1tico, controlado pelo Poder n\u00e3o consegue, contudo, ocultar que as coisas est\u00e3o a correr muito mal para a oligarquia. At\u00e9, Facho Santos, um primo do presidente, reconheceu num artigo (in El Pais, de Cali, 17.07.20121) que a situa\u00e7\u00e3o no departamento do Cauca se assiste uma \u00abressurrei\u00e7\u00e3o das FARC\u00bb. Alarmado, teme j\u00e1 a atomiza\u00e7\u00e3o da na\u00e7\u00e3o.<\/p>\n<p>Na realidade, as FARC-EP estiveram sempre activas no Cauca. Mas o Governo enfrenta agora ali uma situa\u00e7\u00e3o in\u00e9dita. As comunidades ind\u00edgenas da regiao, numerosas, expulsaram unidadesmilitares e destacamentos da pol\u00edcia de alguns pueblos e a ades\u00e3o de jovens camponeses e \u00edndios \u00e0 organiza\u00e7\u00e3o revolucion\u00e1ria \u00e9 indesment\u00edvel. Obviamente , sem base social as FARC n\u00e3o estariam fortemente implantadas no Departamento.<\/p>\n<p>O embara\u00e7o oficial \u00e9 compreens\u00edvel. Os \u00eaxitos das FARC- EP no combate ao aparelho militar-policial ridicularizam o discurso triunfalista de Santos. Agora o general Miguel Perez, ex-comandante chefe no Cauca, j\u00e1 declara numa entrevista a um jornal de Cali, que o plano estrat\u00e9gico para a Regi\u00e3o \u00e9 \u00aba longo prazo\u00bb. \u00c9 \u00fatil esclarecer que esse plano, intitulado \u00abEspada de Honor de la Task ForceApolo\u00bb, foi financiado pelos EUA.<\/p>\n<p>DAS CALUNIAS \u00c0 REALIDADE<\/p>\n<p>A grande Marcha Patri\u00f3tica, promovida pelo Movimento Colombiano para a Paz com o apoio de dezenas de organiza\u00e7\u00f5es democr\u00e1ticas, demonstrou o rep\u00fadio do povo colombiano por um sistema de poder que, sob uma fachada institucional democr\u00e1tica, actua como neofascista.<\/p>\n<p>Juan Manuel Santos orgulha-se do papel que desempenhou -com a cumplicidade da CIA, da Mossad e do Pent\u00e1gono \u2013 na montagem da opera\u00e7\u00e3o genocida que foi o bombardeamento do acampamento no Equador do comandante Raul Reyes. Crimes como os assassinios dos comandantes Jorge Brice\u00f1o y Alfonso Cano s\u00e3o apresentados em Bogot\u00e1 como ac\u00e7\u00f5es \u00abpatri\u00f3ticas\u00bb, assimcomo o sequestro, em Quito, do comandante Sim\u00f3n Trinidad (depois extraditado para os EUA) e em Caracas do comandante Rodrigo Granda.<\/p>\n<p>O desrespeito pela soberania de estados vizinhos \u00e9 pr\u00e1tica rotineira do governo de Bogot\u00e1. Sequestros e extradi\u00e7\u00f5es sum\u00e1rias t\u00eam contado por vezes com a colabora\u00e7\u00e3o da Policia e do poder judicial da Venezuela.<\/p>\n<p>Particularmente chocante foi a pris\u00e3o em Caracas do jornalista Joaquin Perez Becerra, director da Agencia Anncol, e a sua imediata entrega ao governo colombiano que o mantem ate hoje encarcerado e amea\u00e7ado de extradi\u00e7\u00e3o para os EUA.<\/p>\n<p>Uma campanha de cal\u00fanias contra o jornalista Dick Emanuelsson, actual subdirector da mesma ag\u00eancia, precedeu amea\u00e7as concretas a esse prestigiado intelectual sueco, acusado de solidariedade com \u00abo terrorismo\u00bb.<\/p>\n<p>A pris\u00e3o ilegal na Venezuela, a pedido de Juan Manuel Santos, do cantor-guerrilheiro Julian Conrado suscitou a n\u00edvel internacional, como a de Perez Becerra, uma vaga de protestos, mas foi aplaudida com entusiasmo pela oligarquia colombiana.<\/p>\n<p>A Marcha Patri\u00f3tica n\u00e3o significou somente a condena\u00e7\u00e3o popular de um regime neofascista pelas multid\u00f5es que nela participaram. Ela veio demonstrar a necessidade de novas formas de luta contra aengrenagem politica e econ\u00f3mica que domina o pa\u00eds \u00b4<\/p>\n<p>As FARC-EP expressaram bem essa realidade ao defenderem a cria\u00e7\u00e3o de uma ampla frente de resist\u00eancia capaz de unificar na luta as for\u00e7as que combatem o regime olig\u00e1rquico, e mobilizar os trabalhadores contra o sistema em grandes ac\u00e7\u00f5es de massas.<\/p>\n<p>A lenda negra, forjada pelo imperialismo, que difunde da guerrilha a imagem de uma organiza\u00e7\u00e3o terrorista ligada ao narcotr\u00e1fico, tem dificultado muito a concretiza\u00e7\u00e3o desse objectivo.<\/p>\n<p>AS FARC s\u00e3o acusadas de radicalismo e o governo repete exaustivamente que o seu programa \u00e9 maximalista e ut\u00f3pico.<\/p>\n<p>\u00c9 falso.<\/p>\n<p>AS FARC-EP defendem a unidade na luta do movimento oper\u00e1rio, campon\u00eas, de sindicatos, de ind\u00edgenas, negros, desempregados, mineiros, estudantes, pequenos e m\u00e9dios empres\u00e1rios, comerciantes, intelectuais, professores, partidos e movimentos de esquerda.<\/p>\n<p>O seu programa n\u00e3o \u00e9 radical.<\/p>\n<p>Que pretendem?<\/p>\n<p>No seu comunicado de 22 de Julho pp. o secretariado do Estado-maior Central das FARC-EP sintetiza num par\u00e1grafo esse programa:<\/p>\n<p>\u00abUm governo democr\u00e1tico, amplo, pluralista poder\u00e1, finalmente, cortar as amarras que atam os colombianos \u00e0 horr\u00edvel noite da viol\u00eancia. Possibilitar acordos de paz, construir umas for\u00e7as armadas que defendam o interesses de todos os cidad\u00e3os e n\u00e3o os da casta antipatri\u00f3tica, materializar uma exist\u00eancia democr\u00e1tica na qual a voz das maiorias seja a que determine o caminho a seguir, encaminhar o pa\u00eds para um desenvolvimento econ\u00f3mico baseado na produ\u00e7\u00e3o e no trabalho de todos os colombianos, zelar pela saude, a educa\u00e7\u00e3o, o emprego e o bem estar geral, sem favoritismos, entregar a terra aquem a queira e possa trabalhar, apoiados na sua actividade e crescimento, usar os recursos naturais para o bem comum, resgatar as nossas culturas e encontrar solu\u00e7\u00e3o justa para os mais graves problemas sociais\u00bb.<\/p>\n<p>Por que recorreram as FARC-EP \u00e0 luta armada, conscientes de que essa op\u00e7\u00e3o somente \u00e9 hoje poss\u00edvel em condi\u00e7\u00f5es hist\u00f3ricas, geogr\u00e1ficas e sociais excepcionais?<\/p>\n<p>O secretariado do seu Estado-maior responde:<\/p>\n<p>\u00abQuer\u00edamos, sonh\u00e1vamos com uma mudan\u00e7a pela via pac\u00edfica e democr\u00e1tica, mas todas as portas nos foram fechadas violentamente uma e outra vez desde o governo de Guillermo Leon Valencia.Hoje podemos garantir que<\/p>\n<p>Um dialogo distante e nas costas do pa\u00eds, como pretende Santos, solo contribuiria para intensificar mais a confronta\u00e7\u00e3o. Permanecemos atentos ao avan\u00e7o da rebeldia popular e \u00e0 organiza\u00e7\u00e3o dos debaixo.Com eles estaremos em todos os cen\u00e1rios a que os conduza a sua ac\u00e7\u00e3o pela paz e a mudan\u00e7a. Seja qual for o rumo que o destino ofere\u00e7a ao esfor\u00e7o para democratizar a Colombia, hoje imensamente renovado e latente, as FARC-EP estar\u00e3o sempre ao lado do nosso povo. Venceremos com ele, juramos\u00bb.<\/p>\n<p>A linguagem expressa bem o esp\u00edrito de uma guerrilha-o partido que se declara marxista-leninista, na fidelidade ao legado de her\u00f3is como Manuel Marulanda, Jacobo Arenas, Raul Reyes, JorgeBrice\u00f1o e Alfonso Cano. Uma guerrilha que se bate h\u00e1 meio s\u00e9culo contra a oligarquia mais reaccion\u00e1ria da Am\u00e9rica Latina, aliada do imperialismo.<\/p>\n<p>Vila Nova de Gaia, 9 de Agosto de 2012<\/p>\n","protected":false},"excerpt":{"rendered":"\n\n\nCr\u00e9dito: 2.bp.blogspot\n\n\n\n\n\n\n\n\nMiguel Urbano Rodrigues\n<a class=\"moretag\" href=\"https:\/\/pcb.org.br\/portal2\/3342\"> <\/a>","protected":false},"author":1,"featured_media":0,"comment_status":"open","ping_status":"open","sticky":false,"template":"","format":"standard","meta":{"jetpack_post_was_ever_published":false,"_jetpack_newsletter_access":"","_jetpack_dont_email_post_to_subs":false,"_jetpack_newsletter_tier_id":0,"_jetpack_memberships_contains_paywalled_content":false,"_jetpack_memberships_contains_paid_content":false,"footnotes":"","jetpack_publicize_message":"","jetpack_publicize_feature_enabled":true,"jetpack_social_post_already_shared":false,"jetpack_social_options":{"image_generator_settings":{"template":"highway","default_image_id":0,"font":"","enabled":false},"version":2}},"categories":[34],"tags":[],"class_list":["post-3342","post","type-post","status-publish","format-standard","hentry","category-c39-colombia"],"jetpack_publicize_connections":[],"jetpack_featured_media_url":"","jetpack_shortlink":"https:\/\/wp.me\/p659gw-RU","jetpack-related-posts":[],"jetpack_likes_enabled":true,"jetpack_sharing_enabled":true,"_links":{"self":[{"href":"https:\/\/pcb.org.br\/portal2\/wp-json\/wp\/v2\/posts\/3342","targetHints":{"allow":["GET"]}}],"collection":[{"href":"https:\/\/pcb.org.br\/portal2\/wp-json\/wp\/v2\/posts"}],"about":[{"href":"https:\/\/pcb.org.br\/portal2\/wp-json\/wp\/v2\/types\/post"}],"author":[{"embeddable":true,"href":"https:\/\/pcb.org.br\/portal2\/wp-json\/wp\/v2\/users\/1"}],"replies":[{"embeddable":true,"href":"https:\/\/pcb.org.br\/portal2\/wp-json\/wp\/v2\/comments?post=3342"}],"version-history":[{"count":0,"href":"https:\/\/pcb.org.br\/portal2\/wp-json\/wp\/v2\/posts\/3342\/revisions"}],"wp:attachment":[{"href":"https:\/\/pcb.org.br\/portal2\/wp-json\/wp\/v2\/media?parent=3342"}],"wp:term":[{"taxonomy":"category","embeddable":true,"href":"https:\/\/pcb.org.br\/portal2\/wp-json\/wp\/v2\/categories?post=3342"},{"taxonomy":"post_tag","embeddable":true,"href":"https:\/\/pcb.org.br\/portal2\/wp-json\/wp\/v2\/tags?post=3342"}],"curies":[{"name":"wp","href":"https:\/\/api.w.org\/{rel}","templated":true}]}}