{"id":33440,"date":"2025-12-11T13:45:05","date_gmt":"2025-12-11T16:45:05","guid":{"rendered":"https:\/\/pcb.org.br\/portal2\/?p=33440"},"modified":"2025-12-19T11:13:38","modified_gmt":"2025-12-19T14:13:38","slug":"glauber-fica-fora-golpistas","status":"publish","type":"post","link":"https:\/\/pcb.org.br\/portal2\/33440","title":{"rendered":"GLAUBER FICA! FORA, GOLPISTAS!"},"content":{"rendered":"<p><img data-recalc-dims=\"1\" loading=\"lazy\" decoding=\"async\" data-attachment-id=\"33441\" data-permalink=\"https:\/\/pcb.org.br\/portal2\/33440\/attachment\/1000111055\" data-orig-file=\"https:\/\/i0.wp.com\/pcb.org.br\/portal2\/wp-content\/uploads\/2025\/12\/1000111055.jpg?fit=1024%2C1280&amp;ssl=1\" data-orig-size=\"1024,1280\" data-comments-opened=\"0\" data-image-meta=\"{&quot;aperture&quot;:&quot;0&quot;,&quot;credit&quot;:&quot;&quot;,&quot;camera&quot;:&quot;&quot;,&quot;caption&quot;:&quot;&quot;,&quot;created_timestamp&quot;:&quot;0&quot;,&quot;copyright&quot;:&quot;&quot;,&quot;focal_length&quot;:&quot;0&quot;,&quot;iso&quot;:&quot;0&quot;,&quot;shutter_speed&quot;:&quot;0&quot;,&quot;title&quot;:&quot;&quot;,&quot;orientation&quot;:&quot;0&quot;}\" data-image-title=\"1000111055\" data-image-description=\"\" data-image-caption=\"\" data-large-file=\"https:\/\/i0.wp.com\/pcb.org.br\/portal2\/wp-content\/uploads\/2025\/12\/1000111055.jpg?fit=720%2C900&amp;ssl=1\" class=\"alignnone size-medium wp-image-33441\" src=\"https:\/\/i0.wp.com\/pcb.org.br\/portal2\/wp-content\/uploads\/2025\/12\/1000111055.jpg?resize=240%2C300&#038;ssl=1\" alt=\"\" width=\"240\" height=\"300\" srcset=\"https:\/\/i0.wp.com\/pcb.org.br\/portal2\/wp-content\/uploads\/2025\/12\/1000111055.jpg?resize=240%2C300&amp;ssl=1 240w, https:\/\/i0.wp.com\/pcb.org.br\/portal2\/wp-content\/uploads\/2025\/12\/1000111055.jpg?resize=720%2C900&amp;ssl=1 720w, https:\/\/i0.wp.com\/pcb.org.br\/portal2\/wp-content\/uploads\/2025\/12\/1000111055.jpg?resize=768%2C960&amp;ssl=1 768w, https:\/\/i0.wp.com\/pcb.org.br\/portal2\/wp-content\/uploads\/2025\/12\/1000111055.jpg?w=1024&amp;ssl=1 1024w\" sizes=\"auto, (max-width: 240px) 100vw, 240px\" \/><!--more--><\/p>\n<p>Nota Pol\u00edtica do Partido Comunista Brasileiro (PCB)<\/p>\n<p>O Partido Comunista Brasileiro (PCB) manifesta sua mais irrestrita solidariedade ao deputado Glauber Braga, cujo mandato foi suspenso por seis meses no dia 10 de dezembro pela C\u00e2mara dos Deputados, ap\u00f3s a direita n\u00e3o ter conseguido emplacar os 257 votos necess\u00e1rios \u00e0 aprova\u00e7\u00e3o da sua cassa\u00e7\u00e3o.<\/p>\n<p>A indigna\u00e7\u00e3o popular e a mobiliza\u00e7\u00e3o dos movimentos sociais contra os setores mais reacion\u00e1rios do Congresso conseguiu atenuar a proposta original de cassar o mandato e impor a inelegibilidade por 8 anos, substituindo por uma suspens\u00e3o durante 6 meses. A puni\u00e7\u00e3o n\u00e3o encerra o mandato do deputado socialista, mas ainda assim significa uma medida que busca silenciar a voz de um dos parlamentares mais combativos do Brasil.<\/p>\n<p>Na v\u00e9spera, todo o autoritarismo do presidente da Casa, Hugo Motta, se manifestou por meio da retirada \u00e0 for\u00e7a do deputado Glauber da mesa diretora, viol\u00eancia que atingiu tamb\u00e9m deputadas do PSOL e jornalistas, que foram impedidos de entrar no plen\u00e1rio e filmar o brutal epis\u00f3dio. Al\u00e9m disso, o sinal da TV C\u00e2mara foi desligado, em atitude que remete aos tempos de ditadura. A a\u00e7\u00e3o truculenta de Hugo Motta contra Glauber, parlamentares de esquerda e a imprensa foi muito diferente da que ele adotou quando, meses atr\u00e1s, deputados bolsonaristas sequestraram a cadeira da presid\u00eancia da C\u00e2mara por 48 horas para pressionar em favor da anistia aos golpistas. Na \u00e9poca, os parlamentares da extrema-direita n\u00e3o foram incomodados.<\/p>\n<p>Como se n\u00e3o bastasse, na madrugada desta quarta-feira, a C\u00e2mara aprovou a redu\u00e7\u00e3o das penas dos golpistas de 08\/01\/23 e do presidi\u00e1rio fascista Jair Bolsonaro. A ofensiva da direita contra as liberdades democr\u00e1ticas se deu tamb\u00e9m por meio da interven\u00e7\u00e3o da Meta nos perfis de Lula, de organiza\u00e7\u00f5es, deputados\/as e personalidades da esquerda brasileira no Instagram e Facebook, os quais ficaram por v\u00e1rias horas invisibilizados na ferramenta de busca, a exemplo da nossa camarada Sofia Manzano.<\/p>\n<p>Toda esta situa\u00e7\u00e3o representa o avan\u00e7o do projeto de silenciamento das vozes que ousam enfrentar os interesses dos poderosos. Neste 10 de dezembro, paradoxalmente o Dia Internacional dos Direitos Humanos, o Sr. Hugo Motta novamente tentou proibir a entrada de cidad\u00e3os e cidad\u00e3s nas depend\u00eancias da C\u00e2mara, e jornalistas foram mais uma vez censurados e impedidos de registrar a sess\u00e3o legislativa. S\u00e3o ataques grav\u00edssimos \u00e0s liberdades democr\u00e1ticas, provenientes de um Congresso cuja maioria de parlamentares age mais uma vez como verdadeiros inimigos do povo.<\/p>\n<p>\u00c9 evidente que a tentativa de cassa\u00e7\u00e3o de Glauber n\u00e3o se relaciona ao epis\u00f3dio isolado de um provocador que tentou constranger o deputado. O verdadeiro motivo \u00e9 pol\u00edtico: Glauber tem sido uma das poucas vozes na den\u00fancia das falcatruas, dos acordos esp\u00farios e dos mecanismos de corrup\u00e7\u00e3o institucionalizada. Sua postura coerente e revolucion\u00e1ria desagrada profundamente os caciques do Centr\u00e3o (a velha direita tradicional) e os golpistas de ontem e de hoje.<\/p>\n<p>Enquanto Glauber se destaca por enfrentar abertamente os fascistas e combater duramente a bandidagem defensora do or\u00e7amento secreto, sempre apoiando as lutas em prol dos direitos da classe trabalhadora, a C\u00e2mara Federal alivia a situa\u00e7\u00e3o dos golpistas e traidores da p\u00e1tria, a servi\u00e7o dos interesses do imperialismo dos Estados Unidos e daqueles que s\u00f3 fazem explorar o povo trabalhador brasileiro.<\/p>\n<p>A tentativa de cassar o mandato de Glauber foi mais um ataque a toda a classe trabalhadora, \u00e0 esquerda e \u00e0s for\u00e7as democr\u00e1ticas do pa\u00eds. Um Congresso que aprova a \u201cPEC da bandidagem\u201d, que produz blindagem institucional de Bolsonaro e se favorece com o or\u00e7amento secreto n\u00e3o tem qualquer legitimidade moral para punir um parlamentar digno, coerente e comprometido com os interesses do povo brasileiro.<\/p>\n<p>Devemos seguir firmes com as manifesta\u00e7\u00f5es populares, com organiza\u00e7\u00e3o e muita luta. A derrota do projeto de cassar Glauber \u00e9 um exemplo de que somente com mobiliza\u00e7\u00e3o popular \u00e9 poss\u00edvel barrar as a\u00e7\u00f5es da extrema-direita, os ataques aos direitos sociais e \u00e0s liberdades democr\u00e1ticas.<\/p>\n<p>\u00c9 preciso retomar as lutas e mobiliza\u00e7\u00f5es pelo fim da escala 6&#215;1 com a redu\u00e7\u00e3o da jornada de trabalho para 30 horas semanais, contra a Reforma Administrativa, pela revoga\u00e7\u00e3o das contrarreformas, em defesa do meio ambiente e dos povos origin\u00e1rios, dos direitos das mulheres, LGBTs e do povo negro.<\/p>\n<p>Neste domingo, dia 14\/12, em todo o Brasil estaremos nas ruas para combater as manobras da direita no Congresso, que quer garantir a redu\u00e7\u00e3o das penas para os golpistas e livrar da cadeia o genocida ladr\u00e3o de joias.<\/p>\n<p>SEM ANISTIA PARA FASCISTAS E GOLPISTAS!<\/p>\n<p>EM DEFESA DAS LIBERDADES DEMOCR\u00c1TICAS E DOS DIREITOS DA CLASSE TRABALHADORA!<\/p>\n<p>PELA SOBERANIA NACIONAL E POPULAR!<\/p>\n<p>Toda solidariedade a Glauber Braga!<br \/>\nN\u00e3o calar\u00e3o a voz dos que lutam!<br \/>\nFora Hugo Motta!<\/p>\n<p>Comit\u00ea Central do Partido Comunista Brasileiro (PCB)<\/p>\n","protected":false},"excerpt":{"rendered":"<a class=\"moretag\" href=\"https:\/\/pcb.org.br\/portal2\/33440\"> <\/a>","protected":false},"author":8,"featured_media":0,"comment_status":"closed","ping_status":"closed","sticky":false,"template":"","format":"standard","meta":{"jetpack_post_was_ever_published":false,"_jetpack_newsletter_access":"","_jetpack_dont_email_post_to_subs":false,"_jetpack_newsletter_tier_id":0,"_jetpack_memberships_contains_paywalled_content":false,"_jetpack_memberships_contains_paid_content":false,"footnotes":"","jetpack_publicize_message":"","jetpack_publicize_feature_enabled":true,"jetpack_social_post_already_shared":true,"jetpack_social_options":{"image_generator_settings":{"template":"highway","default_image_id":0,"font":"","enabled":false},"version":2}},"categories":[26],"tags":[221,246],"class_list":["post-33440","post","type-post","status-publish","format-standard","hentry","category-c25-notas-politicas-do-pcb","tag-2a","tag-np"],"jetpack_publicize_connections":[],"jetpack_featured_media_url":"","jetpack_shortlink":"https:\/\/wp.me\/p659gw-8Hm","jetpack-related-posts":[],"jetpack_likes_enabled":true,"jetpack_sharing_enabled":true,"_links":{"self":[{"href":"https:\/\/pcb.org.br\/portal2\/wp-json\/wp\/v2\/posts\/33440","targetHints":{"allow":["GET"]}}],"collection":[{"href":"https:\/\/pcb.org.br\/portal2\/wp-json\/wp\/v2\/posts"}],"about":[{"href":"https:\/\/pcb.org.br\/portal2\/wp-json\/wp\/v2\/types\/post"}],"author":[{"embeddable":true,"href":"https:\/\/pcb.org.br\/portal2\/wp-json\/wp\/v2\/users\/8"}],"replies":[{"embeddable":true,"href":"https:\/\/pcb.org.br\/portal2\/wp-json\/wp\/v2\/comments?post=33440"}],"version-history":[{"count":1,"href":"https:\/\/pcb.org.br\/portal2\/wp-json\/wp\/v2\/posts\/33440\/revisions"}],"predecessor-version":[{"id":33442,"href":"https:\/\/pcb.org.br\/portal2\/wp-json\/wp\/v2\/posts\/33440\/revisions\/33442"}],"wp:attachment":[{"href":"https:\/\/pcb.org.br\/portal2\/wp-json\/wp\/v2\/media?parent=33440"}],"wp:term":[{"taxonomy":"category","embeddable":true,"href":"https:\/\/pcb.org.br\/portal2\/wp-json\/wp\/v2\/categories?post=33440"},{"taxonomy":"post_tag","embeddable":true,"href":"https:\/\/pcb.org.br\/portal2\/wp-json\/wp\/v2\/tags?post=33440"}],"curies":[{"name":"wp","href":"https:\/\/api.w.org\/{rel}","templated":true}]}}