{"id":33463,"date":"2025-12-24T13:37:48","date_gmt":"2025-12-24T16:37:48","guid":{"rendered":"https:\/\/pcb.org.br\/portal2\/?p=33463"},"modified":"2025-12-24T13:37:48","modified_gmt":"2025-12-24T16:37:48","slug":"basta-de-perseguicao-a-cultura-periferica","status":"publish","type":"post","link":"https:\/\/pcb.org.br\/portal2\/33463","title":{"rendered":"Basta de persegui\u00e7\u00e3o \u00e0 cultura perif\u00e9rica!"},"content":{"rendered":"<p><img data-recalc-dims=\"1\" loading=\"lazy\" decoding=\"async\" data-attachment-id=\"33464\" data-permalink=\"https:\/\/pcb.org.br\/portal2\/33463\/image-33\" data-orig-file=\"https:\/\/i0.wp.com\/pcb.org.br\/portal2\/wp-content\/uploads\/2025\/12\/image.png?fit=1080%2C1350&amp;ssl=1\" data-orig-size=\"1080,1350\" data-comments-opened=\"0\" data-image-meta=\"{&quot;aperture&quot;:&quot;0&quot;,&quot;credit&quot;:&quot;&quot;,&quot;camera&quot;:&quot;&quot;,&quot;caption&quot;:&quot;&quot;,&quot;created_timestamp&quot;:&quot;0&quot;,&quot;copyright&quot;:&quot;&quot;,&quot;focal_length&quot;:&quot;0&quot;,&quot;iso&quot;:&quot;0&quot;,&quot;shutter_speed&quot;:&quot;0&quot;,&quot;title&quot;:&quot;&quot;,&quot;orientation&quot;:&quot;0&quot;}\" data-image-title=\"image\" data-image-description=\"\" data-image-caption=\"\" data-large-file=\"https:\/\/i0.wp.com\/pcb.org.br\/portal2\/wp-content\/uploads\/2025\/12\/image.png?fit=720%2C900&amp;ssl=1\" class=\"alignnone size-large wp-image-33464\" src=\"https:\/\/i0.wp.com\/pcb.org.br\/portal2\/wp-content\/uploads\/2025\/12\/image.png?resize=720%2C900&#038;ssl=1\" alt=\"\" width=\"720\" height=\"900\" srcset=\"https:\/\/i0.wp.com\/pcb.org.br\/portal2\/wp-content\/uploads\/2025\/12\/image.png?resize=720%2C900&amp;ssl=1 720w, https:\/\/i0.wp.com\/pcb.org.br\/portal2\/wp-content\/uploads\/2025\/12\/image.png?resize=240%2C300&amp;ssl=1 240w, https:\/\/i0.wp.com\/pcb.org.br\/portal2\/wp-content\/uploads\/2025\/12\/image.png?resize=768%2C960&amp;ssl=1 768w, https:\/\/i0.wp.com\/pcb.org.br\/portal2\/wp-content\/uploads\/2025\/12\/image.png?w=1080&amp;ssl=1 1080w\" sizes=\"auto, (max-width: 720px) 100vw, 720px\" \/><!--more--><\/p>\n<p>PCB de Niter\u00f3i e S\u00e3o Gon\u00e7alo<\/p>\n<p>N\u00e3o a mais um cap\u00edtulo de criminaliza\u00e7\u00e3o da cultura negra e perif\u00e9rica!<br \/>\nAbaixo a censura e o controle da cultura negra e popular!<br \/>\nOrganize sua arte!<\/p>\n<p>Foi aprovado na C\u00e2mara de Vereadores de Niter\u00f3i, o Projeto de Lei (PL) popularmente conhecido como \u201cLei Anti-Oruam\u201d, que agora segue para san\u00e7\u00e3o ou veto do prefeito Rodrigo Neves. O PL, que j\u00e1 foi apresentado por parlamentares da extrema-direita em v\u00e1rias capitais e cidades brasileiras, prev\u00ea a proibi\u00e7\u00e3o de que eventos que fazem \u201capologia ao crime organizado ou ao tr\u00e1fico e uso de drogas\u201d recebam recursos p\u00fablicos.<\/p>\n<p>Semelhante ao que ocorreu historicamente com outras express\u00f5es culturais negras e perif\u00e9ricas &#8211; como a capoeira e o samba, perseguidos pela \u201cLei da Vadiagem\u201d -, trata-se de mais um cap\u00edtulo de criminaliza\u00e7\u00e3o dessa cultura. Sob o falso argumento de proteger crian\u00e7as e adolescentes de discursos que \u201cvalorizam a criminalidade\u201d, o PL refor\u00e7a preconceitos e agrada a base eleitoral (racista e elitista) da extrema direita.<\/p>\n<p>Mais uma vez, a extrema direita busca explorar a ambiguidade, ao n\u00e3o definir crit\u00e9rios de forma bem expressiva para o que significa \u201capologia\u201d ou \u201cdrogas\u201d. Essa ambiguidade permite que a lei seja usada como instrumento de censura seletiva, visando especificamente os artistas do rap e do funk &#8211; expressividades tradicionais da periferia.<\/p>\n<p>O projeto foi apelidado de &#8220;Lei Anti-Oruam&#8221; porque abre precedentes para a persegui\u00e7\u00e3o de qualquer artista que retrata a realidade das periferias, criminalizando narrativas que incomodam o campo conservador. Numa cidade como Niter\u00f3i, a cidade mais segregada por ra\u00e7a do pa\u00eds, isso toma contornos ainda mais perigosos.<\/p>\n<p>A cidade sorriso, que se orgulha de apresentar uma pol\u00edtica de cultura repleta de editais, mostra mais uma vez para quem o acesso \u00e0 cultura \u00e9 permitido, demonstrando que, para as classes populares, n\u00e3o se pode representar o seu dia-a-dia atrav\u00e9s da arte.<\/p>\n<p>\u00c9 a cultura negra e popular produzida diariamente pelo povo de Niter\u00f3i que est\u00e1 amea\u00e7ada! S\u00e3o rodas e batalhas como a Roda da Cantareira, a Roda do Engenho do Mato, a Roda de Maria Paula; Batalha da Marina, em S\u00e3o Francisco; Roda de Santa B\u00e1rbara; Batalha do Largo, mas tamb\u00e9m jongos, rodas de samba, o carnaval, e toda manifesta\u00e7\u00e3o de cultura popular que ouse questionar a ordem.<\/p>\n<p>N\u00f3s, comunistas, defendemos que a cultura e a arte do povo negro e perif\u00e9rico devem ser reconhecidas, respeitadas e n\u00e3o devem ser inofensivas ao poder, n\u00e3o devem e n\u00e3o podem ser domesticadas! Por isso, repudiamos qualquer tentativa de criminalizar e silenciar as express\u00f5es culturais perif\u00e9ricas e fazemos um chamado:<\/p>\n<p>Organize sua arte e vamos derrubar a Lei Anti-Oruam e qualquer tentativa de censura!<\/p>\n","protected":false},"excerpt":{"rendered":"<a class=\"moretag\" href=\"https:\/\/pcb.org.br\/portal2\/33463\"> <\/a>","protected":false},"author":8,"featured_media":0,"comment_status":"closed","ping_status":"closed","sticky":false,"template":"","format":"standard","meta":{"jetpack_post_was_ever_published":false,"_jetpack_newsletter_access":"","_jetpack_dont_email_post_to_subs":false,"_jetpack_newsletter_tier_id":0,"_jetpack_memberships_contains_paywalled_content":false,"_jetpack_memberships_contains_paid_content":false,"footnotes":"","jetpack_publicize_message":"","jetpack_publicize_feature_enabled":true,"jetpack_social_post_already_shared":true,"jetpack_social_options":{"image_generator_settings":{"template":"highway","default_image_id":0,"font":"","enabled":false},"version":2}},"categories":[207,26],"tags":[224],"class_list":["post-33463","post","type-post","status-publish","format-standard","hentry","category-lutas-nos-estados","category-c25-notas-politicas-do-pcb","tag-3b"],"jetpack_publicize_connections":[],"jetpack_featured_media_url":"","jetpack_shortlink":"https:\/\/wp.me\/p659gw-8HJ","jetpack-related-posts":[],"jetpack_likes_enabled":true,"jetpack_sharing_enabled":true,"_links":{"self":[{"href":"https:\/\/pcb.org.br\/portal2\/wp-json\/wp\/v2\/posts\/33463","targetHints":{"allow":["GET"]}}],"collection":[{"href":"https:\/\/pcb.org.br\/portal2\/wp-json\/wp\/v2\/posts"}],"about":[{"href":"https:\/\/pcb.org.br\/portal2\/wp-json\/wp\/v2\/types\/post"}],"author":[{"embeddable":true,"href":"https:\/\/pcb.org.br\/portal2\/wp-json\/wp\/v2\/users\/8"}],"replies":[{"embeddable":true,"href":"https:\/\/pcb.org.br\/portal2\/wp-json\/wp\/v2\/comments?post=33463"}],"version-history":[{"count":1,"href":"https:\/\/pcb.org.br\/portal2\/wp-json\/wp\/v2\/posts\/33463\/revisions"}],"predecessor-version":[{"id":33465,"href":"https:\/\/pcb.org.br\/portal2\/wp-json\/wp\/v2\/posts\/33463\/revisions\/33465"}],"wp:attachment":[{"href":"https:\/\/pcb.org.br\/portal2\/wp-json\/wp\/v2\/media?parent=33463"}],"wp:term":[{"taxonomy":"category","embeddable":true,"href":"https:\/\/pcb.org.br\/portal2\/wp-json\/wp\/v2\/categories?post=33463"},{"taxonomy":"post_tag","embeddable":true,"href":"https:\/\/pcb.org.br\/portal2\/wp-json\/wp\/v2\/tags?post=33463"}],"curies":[{"name":"wp","href":"https:\/\/api.w.org\/{rel}","templated":true}]}}