{"id":33502,"date":"2026-01-05T16:07:35","date_gmt":"2026-01-05T19:07:35","guid":{"rendered":"https:\/\/pcb.org.br\/portal2\/?p=33502"},"modified":"2026-01-05T16:09:11","modified_gmt":"2026-01-05T19:09:11","slug":"opp-101-abaixo-o-imperialismo","status":"publish","type":"post","link":"https:\/\/pcb.org.br\/portal2\/33502","title":{"rendered":"OPP 101: Abaixo o imperialismo!"},"content":{"rendered":"<p><img decoding=\"async\" class=\"imagem\" title=\"imagem\" src=\"https:\/\/lh3.googleusercontent.com\/pw\/AP1GczNsDD8kxJrD4BA-d7g0upmUB1gyRV6MPB35m87FMoQg9YFIY--WDvXWmp8ury66Tp26BDi4eZFBZ3ffIddGJN5memqUr8g_XAm_RUVhYi6YgHmH16oSEpPyFGakjD3x9mXrGhsnhlhBUkhcP0iNmBnI5A=w665-h940-s-no?authuser=0\" alt=\"imagem\" \/><!--more-->O PODER POPULAR N\u00ba 101 (JANEIRO 2026 \u2013 EDI\u00c7\u00c3O MENSAL)<\/p>\n<p>Por um 2026 de lutas!<\/p>\n<p>Mat\u00e9rias:<\/p>\n<p>P\u00e1gina 2: EDITORIAL &#8211; Rep\u00fadio total \u00e0 agress\u00e3o terrorista dos EUA \u00e0 Venezuela!<\/p>\n<p>P\u00e1gina 3: Novos ataques \u00e0 educa\u00e7\u00e3o p\u00fablica superior (Fra\u00e7\u00e3o do Andes\/PCB)<\/p>\n<p>P\u00e1gina 4: Destrui\u00e7\u00e3o ambiental na Terra do Sol (C\u00e9lula Z\u00e9 Maria do Tom\u00e9\/PCB Cear\u00e1)<\/p>\n<p>P\u00e1gina 5: N\u00e3o \u00e0 proibi\u00e7\u00e3o das cotas raciais em SC (CNMO)<\/p>\n<p>P\u00e1ginas 6 e 7: 128 anos de Luiz Carlos Prestes (Roberto Arrais)<\/p>\n<p>P\u00e1gina 8: HIV e AIDS &#8211; a epidemia n\u00e3o \u00e9 o v\u00edrus, \u00e9 o neoliberalismo (UJC)<\/p>\n<p>P\u00e1gina 9: 67 anos da Revolu\u00e7\u00e3o Cubana (FDR)<\/p>\n<p>P\u00e1gina 10: A guerra de Trump contra a Am\u00e9rica Latina (Vijay Prashad)<\/p>\n<p>P\u00e1gina 11: Palestina Livre \u2013 EUA\/Israel e a paz dos cemit\u00e9rios (Jos\u00e9 Goul\u00e3o)<\/p>\n<p>P\u00e1gina 12: Tombamento do pr\u00e9dio do DOPS no Rio de Janeiro (PCB RJ &#8211; Comiss\u00e3o Pol\u00edtica)<\/p>\n<p>Conselho Editorial (Comiss\u00e3o Nacional de Comunica\u00e7\u00e3o do PCB): Edmilson Costa, Ant\u00f4nio Lima Jr., Fabio Bezerra, Lucas Silva MTB 0092795, Nath\u00e1lia Mozer, Ricardo Costa, Roberto Arrais (jornalista respons\u00e1vel \u2013 985\/DRT \u2013 FENAJ).<\/p>\n<p>Colaboradores desta edi\u00e7\u00e3o: C\u00e9lula Z\u00e9 Maria do Tom\u00e9 (PCB-CE), Coordena\u00e7\u00e3o Nacional do Coletivo Negro Minervino de Oliveira, Comiss\u00e3o Pol\u00edtica Nacional do PCB, Comiss\u00e3o Pol\u00edtica Regional do PCB RJ, Fra\u00e7\u00e3o Nacional do ANDES\/PCB, Funda\u00e7\u00e3o Dinarco Reis, Jos\u00e9 Goul\u00e3o, Marcelo Chalreo, Rom\u00e1rio Costa (UJC ES), Vijay Prashad.<\/p>\n<hr \/>\n<div align=\"center\">\n<p>Leitura:<\/p>\n<p><a href=\"https:\/\/drive.google.com\/file\/d\/1abjte0hpQbWR1R3YixV3AHoVR5apx6gT\/view\" target=\"_blank\" rel=\"noopener\"><img loading=\"lazy\" decoding=\"async\" class=\"\" src=\"https:\/\/i0.wp.com\/pcb.org.br\/portal\/images\/stories\/download1.png?resize=48%2C48\" width=\"48\" height=\"48\" \/><\/a><\/p>\n<hr \/>\n<p>Impress\u00e3o:<\/p>\n<p><a href=\"https:\/\/drive.google.com\/file\/d\/1ja2kDyGhhuQOLVXXlPmsfs_6q8qH38sx\/view\"><img loading=\"lazy\" decoding=\"async\" class=\"\" src=\"https:\/\/i0.wp.com\/pcb.org.br\/portal\/images\/stories\/download1.png?resize=48%2C48\" width=\"48\" height=\"48\" \/><\/a><\/p>\n<\/div>\n","protected":false},"excerpt":{"rendered":"<a class=\"moretag\" href=\"https:\/\/pcb.org.br\/portal2\/33502\"> <\/a>","protected":false},"author":1,"featured_media":0,"comment_status":"closed","ping_status":"closed","sticky":false,"template":"","format":"standard","meta":{"jetpack_post_was_ever_published":false,"_jetpack_newsletter_access":"","_jetpack_dont_email_post_to_subs":false,"_jetpack_newsletter_tier_id":0,"_jetpack_memberships_contains_paywalled_content":false,"_jetpack_memberships_contains_paid_content":false,"footnotes":"","jetpack_publicize_message":"","jetpack_publicize_feature_enabled":true,"jetpack_social_post_already_shared":true,"jetpack_social_options":{"image_generator_settings":{"template":"highway","default_image_id":0,"font":"","enabled":false},"version":2}},"categories":[1,140],"tags":[223,229],"class_list":["post-33502","post","type-post","status-publish","format-standard","hentry","category-geral","category-c140-jornal-o-poder-popular","tag-3a","tag-opprecente"],"jetpack_publicize_connections":[],"jetpack_featured_media_url":"","jetpack_shortlink":"https:\/\/wp.me\/p659gw-8Im","jetpack-related-posts":[],"jetpack_likes_enabled":true,"jetpack_sharing_enabled":true,"_links":{"self":[{"href":"https:\/\/pcb.org.br\/portal2\/wp-json\/wp\/v2\/posts\/33502","targetHints":{"allow":["GET"]}}],"collection":[{"href":"https:\/\/pcb.org.br\/portal2\/wp-json\/wp\/v2\/posts"}],"about":[{"href":"https:\/\/pcb.org.br\/portal2\/wp-json\/wp\/v2\/types\/post"}],"author":[{"embeddable":true,"href":"https:\/\/pcb.org.br\/portal2\/wp-json\/wp\/v2\/users\/1"}],"replies":[{"embeddable":true,"href":"https:\/\/pcb.org.br\/portal2\/wp-json\/wp\/v2\/comments?post=33502"}],"version-history":[{"count":3,"href":"https:\/\/pcb.org.br\/portal2\/wp-json\/wp\/v2\/posts\/33502\/revisions"}],"predecessor-version":[{"id":33505,"href":"https:\/\/pcb.org.br\/portal2\/wp-json\/wp\/v2\/posts\/33502\/revisions\/33505"}],"wp:attachment":[{"href":"https:\/\/pcb.org.br\/portal2\/wp-json\/wp\/v2\/media?parent=33502"}],"wp:term":[{"taxonomy":"category","embeddable":true,"href":"https:\/\/pcb.org.br\/portal2\/wp-json\/wp\/v2\/categories?post=33502"},{"taxonomy":"post_tag","embeddable":true,"href":"https:\/\/pcb.org.br\/portal2\/wp-json\/wp\/v2\/tags?post=33502"}],"curies":[{"name":"wp","href":"https:\/\/api.w.org\/{rel}","templated":true}]}}