{"id":33509,"date":"2026-01-06T11:45:46","date_gmt":"2026-01-06T14:45:46","guid":{"rendered":"https:\/\/pcb.org.br\/portal2\/?p=33509"},"modified":"2026-01-06T11:45:46","modified_gmt":"2026-01-06T14:45:46","slug":"o-paraiso","status":"publish","type":"post","link":"https:\/\/pcb.org.br\/portal2\/33509","title":{"rendered":"O para\u00edso"},"content":{"rendered":"<p><img data-recalc-dims=\"1\" loading=\"lazy\" decoding=\"async\" data-attachment-id=\"33510\" data-permalink=\"https:\/\/pcb.org.br\/portal2\/33509\/image-1-40\" data-orig-file=\"https:\/\/i0.wp.com\/pcb.org.br\/portal2\/wp-content\/uploads\/2026\/01\/image-1.png?fit=686%2C337&amp;ssl=1\" data-orig-size=\"686,337\" data-comments-opened=\"0\" data-image-meta=\"{&quot;aperture&quot;:&quot;0&quot;,&quot;credit&quot;:&quot;&quot;,&quot;camera&quot;:&quot;&quot;,&quot;caption&quot;:&quot;&quot;,&quot;created_timestamp&quot;:&quot;0&quot;,&quot;copyright&quot;:&quot;&quot;,&quot;focal_length&quot;:&quot;0&quot;,&quot;iso&quot;:&quot;0&quot;,&quot;shutter_speed&quot;:&quot;0&quot;,&quot;title&quot;:&quot;&quot;,&quot;orientation&quot;:&quot;0&quot;}\" data-image-title=\"image (1)\" data-image-description=\"\" data-image-caption=\"\" data-large-file=\"https:\/\/i0.wp.com\/pcb.org.br\/portal2\/wp-content\/uploads\/2026\/01\/image-1.png?fit=686%2C337&amp;ssl=1\" class=\"alignnone size-full wp-image-33510\" src=\"https:\/\/i0.wp.com\/pcb.org.br\/portal2\/wp-content\/uploads\/2026\/01\/image-1.png?resize=686%2C337&#038;ssl=1\" alt=\"\" width=\"686\" height=\"337\" srcset=\"https:\/\/i0.wp.com\/pcb.org.br\/portal2\/wp-content\/uploads\/2026\/01\/image-1.png?w=686&amp;ssl=1 686w, https:\/\/i0.wp.com\/pcb.org.br\/portal2\/wp-content\/uploads\/2026\/01\/image-1.png?resize=300%2C147&amp;ssl=1 300w\" sizes=\"auto, (max-width: 686px) 100vw, 686px\" \/><!--more--><\/p>\n<p>Gustavo Carneiro<\/p>\n<p>ODIARIO.INFO<\/p>\n<p>Este texto foi escrito antes de o g\u00e2ngster Trump ter lan\u00e7ado uma brutal agress\u00e3o direta \u00e0 Venezuela e raptado o seu Presidente e mulher. Agress\u00e3o h\u00e1 muito prevista (basta lembrar o \u201cclaro e atual\u201d risco para os EUA que j\u00e1 Obama declarava), que o enorme aparato militar instalado no Caribe anunciava para breve. Os \u201cargumentos\u201d para tal interven\u00e7\u00e3o s\u00e3o conhecidos, e \u00e9 deles que este texto trata. A raz\u00e3o central ser\u00e1 a liquida\u00e7\u00e3o do processo bolivariano. O imperialismo EUA n\u00e3o tolera a emancipa\u00e7\u00e3o nacional, muito menos no seu \u201cquintal\u201d. E cometer\u00e1 todos os crimes para tentar evit\u00e1-la.<\/p>\n<p>Segundo a narrativa em voga, redigida num qualquer gabinete em Washington e diligentemente amplificada pelas gigantescas cadeias midi\u00e1ticas ocidentais, o \u201csocialismo\u201d de Maduro \u2013 como, antes, de Ch\u00e1vez \u2013 destruiu a outrora pr\u00f3spera economia venezuelana e empobreceu o seu povo. A \u201cVenezuela saudita\u201d em que o petr\u00f3leo jorrava, o n\u00edvel de vida e o poder de compra n\u00e3o tinham paralelo na Am\u00e9rica Latina e os hot\u00e9is eram luxuosos (como escrevia a BBC em 2024), ter\u00e1 dado lugar a uma \u201cnova Cuba\u201d, pobre e faminta, com a paisagem marcada por intermin\u00e1veis favelas e o poder dominado por gangues criminosos\u2026<\/p>\n<p>Nesta vers\u00e3o h\u00e1 muitas falsidades e outras tantas omiss\u00f5es. Nessa t\u00e3o falada \u201cera dourada\u201d, das poucas vezes que a Venezuela era not\u00edcia nunca se referia as dram\u00e1ticas consequ\u00eancias das receitas neoliberais, da submiss\u00e3o ao imperialismo norte-americano e da imposi\u00e7\u00e3o de um modelo rentista e parasit\u00e1rio assente apenas no petr\u00f3leo, que nas d\u00e9cadas de 80 e 90 fizeram do pa\u00eds um dos mais desiguais do mundo: o luxo de uns poucos coexistia com a mis\u00e9ria da maioria. \u00c0 data da primeira vit\u00f3ria eleitoral de Hugo Ch\u00e1vez, em dezembro de 1998, metade dos venezuelanos estava na pobreza (e 20% na extrema pobreza) e eram ainda mais os que se amontoavam nos bairros degradados das periferias das grandes cidades, sobretudo da capital, Caracas: as tais favelas n\u00e3o s\u00f3 n\u00e3o surgiram com o \u201cchavismo\u201d como a Revolu\u00e7\u00e3o Bolivariana realojou milh\u00f5es de pessoas, assumindo o des\u00edgnio da garantia do direito a uma habita\u00e7\u00e3o digna.<\/p>\n<p>De fora das not\u00edcias (e tantas que foram, e s\u00e3o) ficaram tamb\u00e9m, ao longo dos \u00faltimos 25 anos, os extraordin\u00e1rios avan\u00e7os alcan\u00e7ados pelas for\u00e7as bolivarianas, que revelam tanto da \u201cnova\u201d Venezuela como da \u201cantiga\u201d: a universaliza\u00e7\u00e3o do ensino e da sa\u00fade, a erradica\u00e7\u00e3o do analfabetismo e a redu\u00e7\u00e3o expressiva da desnutri\u00e7\u00e3o, da mortalidade infantil e materna \u2013 reconhecidas por ag\u00eancias internacionais. At\u00e9 a implementa\u00e7\u00e3o do programa \u201cBairro Adentro\u201d, em 2003 \u2013 com participa\u00e7\u00e3o destacada de m\u00e9dicos cubanos \u2013, os mais pobres estavam exclu\u00eddos do acesso \u00e0 sa\u00fade p\u00fablica, que na tal Venezuela \u201crica\u201d e \u201cpr\u00f3spera\u201d era quase toda privada e n\u00e3o entrava, nem queria entrar, nos bairros populares. Mais midi\u00e1ticos foram os problemas econ\u00f4micos e sociais dos \u00faltimos anos, mas n\u00e3o as suas causas: das san\u00e7\u00f5es unilaterais ilegais, dos constrangimentos impostos \u00e0 economia, do roubo de ativos financeiros e de petr\u00f3leo, pouco se disse \u2013 e nada se explicou.<\/p>\n<p>Se o objetivo de liquidar o processo bolivariano \u00e9 evidente, h\u00e1 outro n\u00e3o menos central: apagar o lastro de desigualdades e injusti\u00e7as deixado pela oligarquia e o imperialismo, que \u00e9 precisamente o programa dos que hoje se escondem por detr\u00e1s de Edmundo Gonz\u00e1lez e Maria Corina Machado. Caso vencessem, a Venezuela desapareceria novamente das not\u00edcias. Voltaria o \u201cpara\u00edso\u201d.<\/p>\n<p>Fonte: <a href=\"https:\/\/www.avante.pt\/pt\/2718\/opiniao\/182169\/O-para%C3%ADso.htm?tpl=179\">https:\/\/www.avante.pt\/pt\/2718\/opiniao\/182169\/O-para%C3%ADso.htm?tpl=179<\/a><\/p>\n<p>&nbsp;<\/p>\n","protected":false},"excerpt":{"rendered":"<a class=\"moretag\" href=\"https:\/\/pcb.org.br\/portal2\/33509\"> <\/a>","protected":false},"author":8,"featured_media":0,"comment_status":"closed","ping_status":"closed","sticky":false,"template":"","format":"standard","meta":{"jetpack_post_was_ever_published":false,"_jetpack_newsletter_access":"","_jetpack_dont_email_post_to_subs":false,"_jetpack_newsletter_tier_id":0,"_jetpack_memberships_contains_paywalled_content":false,"_jetpack_memberships_contains_paid_content":false,"footnotes":"","jetpack_publicize_message":"","jetpack_publicize_feature_enabled":true,"jetpack_social_post_already_shared":true,"jetpack_social_options":{"image_generator_settings":{"template":"highway","default_image_id":0,"font":"","enabled":false},"version":2}},"categories":[73,65,10,45],"tags":[227],"class_list":["post-33509","post","type-post","status-publish","format-standard","hentry","category-c86-anti-imperialismo","category-c78-internacional","category-s19-opiniao","category-c54-venezuela","tag-5a"],"jetpack_publicize_connections":[],"jetpack_featured_media_url":"","jetpack_shortlink":"https:\/\/wp.me\/p659gw-8It","jetpack-related-posts":[],"jetpack_likes_enabled":true,"jetpack_sharing_enabled":true,"_links":{"self":[{"href":"https:\/\/pcb.org.br\/portal2\/wp-json\/wp\/v2\/posts\/33509","targetHints":{"allow":["GET"]}}],"collection":[{"href":"https:\/\/pcb.org.br\/portal2\/wp-json\/wp\/v2\/posts"}],"about":[{"href":"https:\/\/pcb.org.br\/portal2\/wp-json\/wp\/v2\/types\/post"}],"author":[{"embeddable":true,"href":"https:\/\/pcb.org.br\/portal2\/wp-json\/wp\/v2\/users\/8"}],"replies":[{"embeddable":true,"href":"https:\/\/pcb.org.br\/portal2\/wp-json\/wp\/v2\/comments?post=33509"}],"version-history":[{"count":1,"href":"https:\/\/pcb.org.br\/portal2\/wp-json\/wp\/v2\/posts\/33509\/revisions"}],"predecessor-version":[{"id":33511,"href":"https:\/\/pcb.org.br\/portal2\/wp-json\/wp\/v2\/posts\/33509\/revisions\/33511"}],"wp:attachment":[{"href":"https:\/\/pcb.org.br\/portal2\/wp-json\/wp\/v2\/media?parent=33509"}],"wp:term":[{"taxonomy":"category","embeddable":true,"href":"https:\/\/pcb.org.br\/portal2\/wp-json\/wp\/v2\/categories?post=33509"},{"taxonomy":"post_tag","embeddable":true,"href":"https:\/\/pcb.org.br\/portal2\/wp-json\/wp\/v2\/tags?post=33509"}],"curies":[{"name":"wp","href":"https:\/\/api.w.org\/{rel}","templated":true}]}}