{"id":33516,"date":"2026-01-07T12:14:01","date_gmt":"2026-01-07T15:14:01","guid":{"rendered":"https:\/\/pcb.org.br\/portal2\/?p=33516"},"modified":"2026-01-07T12:14:01","modified_gmt":"2026-01-07T15:14:01","slug":"em-defesa-da-soberania-da-venezuela","status":"publish","type":"post","link":"https:\/\/pcb.org.br\/portal2\/33516","title":{"rendered":"Em defesa da soberania da Venezuela!"},"content":{"rendered":"<p><img data-recalc-dims=\"1\" loading=\"lazy\" decoding=\"async\" data-attachment-id=\"33517\" data-permalink=\"https:\/\/pcb.org.br\/portal2\/33516\/unnamed-60\" data-orig-file=\"https:\/\/i0.wp.com\/pcb.org.br\/portal2\/wp-content\/uploads\/2026\/01\/unnamed.jpg?fit=940%2C788&amp;ssl=1\" data-orig-size=\"940,788\" data-comments-opened=\"0\" data-image-meta=\"{&quot;aperture&quot;:&quot;0&quot;,&quot;credit&quot;:&quot;&quot;,&quot;camera&quot;:&quot;&quot;,&quot;caption&quot;:&quot;&quot;,&quot;created_timestamp&quot;:&quot;0&quot;,&quot;copyright&quot;:&quot;&quot;,&quot;focal_length&quot;:&quot;0&quot;,&quot;iso&quot;:&quot;0&quot;,&quot;shutter_speed&quot;:&quot;0&quot;,&quot;title&quot;:&quot;&quot;,&quot;orientation&quot;:&quot;0&quot;}\" data-image-title=\"unnamed\" data-image-description=\"\" data-image-caption=\"\" data-large-file=\"https:\/\/i0.wp.com\/pcb.org.br\/portal2\/wp-content\/uploads\/2026\/01\/unnamed.jpg?fit=747%2C626&amp;ssl=1\" class=\"alignnone size-large wp-image-33517\" src=\"https:\/\/i0.wp.com\/pcb.org.br\/portal2\/wp-content\/uploads\/2026\/01\/unnamed.jpg?resize=747%2C626&#038;ssl=1\" alt=\"\" width=\"747\" height=\"626\" srcset=\"https:\/\/i0.wp.com\/pcb.org.br\/portal2\/wp-content\/uploads\/2026\/01\/unnamed.jpg?resize=900%2C754&amp;ssl=1 900w, https:\/\/i0.wp.com\/pcb.org.br\/portal2\/wp-content\/uploads\/2026\/01\/unnamed.jpg?resize=300%2C251&amp;ssl=1 300w, https:\/\/i0.wp.com\/pcb.org.br\/portal2\/wp-content\/uploads\/2026\/01\/unnamed.jpg?resize=768%2C644&amp;ssl=1 768w, https:\/\/i0.wp.com\/pcb.org.br\/portal2\/wp-content\/uploads\/2026\/01\/unnamed.jpg?w=940&amp;ssl=1 940w\" sizes=\"auto, (max-width: 747px) 100vw, 747px\" \/><!--more--><\/p>\n<p>Rep\u00fadio \u00e0 agress\u00e3o imperialista!<\/p>\n<p>De forma irrestrita e veemente, as entidades que subscrevem esta NOTA repudiam a agress\u00e3o militar perpetrada, na madrugada de 3 de janeiro de 2026, pelo governo dos Estados Unidos da Am\u00e9rica contra a Rep\u00fablica Bolivariana da Venezuela. Este ato de viol\u00eancia contra um territ\u00f3rio nacional \u00e9 uma criminosa transgress\u00e3o do direito internacional, uma afronta aos fundamentos da conviv\u00eancia pac\u00edfica entre os Estados soberanos e se configura como mais uma a\u00e7\u00e3o imperialista do governo Donald Trump.<\/p>\n<p>O mundo, em 2026, come\u00e7a, pois, sob o signo da rapinagem, da barb\u00e1rie e da guerra!<\/p>\n<p>Imp\u00f5e-se reconhecer que este atentado contra a soberania da Venezuela tem como objetivo o controle dos recursos estrat\u00e9gicos, em especial o petr\u00f3leo e minerais raros. Sob Trump, o governo dos EUA pretende estabelecer um protetorado imperialista no continente, de modo a coordenar futuros ataques e amea\u00e7as aos Estados que venham se opor \u00e0s diretrizes ditadas e ordens emanadas de Washington. Estamos, pois, diante de um ostensivo e brutal ato de terrorismo internacional.<\/p>\n<p>A defesa da Venezuela assume, assim, um car\u00e1ter urgente e irrestrito por parte das for\u00e7as democr\u00e1ticas e progressistas de todo o mundo.<\/p>\n<p>Esta viol\u00eancia deve ser respondida com as mais veementes manifesta\u00e7\u00f5es de repulsa ao intervencionismo imperialista e total solidariedade ao povo venezuelano em seu leg\u00edtimo direito de defesa e luta por sua soberania e liberdade.<\/p>\n<p>Em defesa da soberania da Venezuela!<\/p>\n<p>Pela imediata liberta\u00e7\u00e3o de Nicol\u00e1s Maduro e C\u00edlia Flores!<\/p>\n<p>Fora as a\u00e7\u00f5es imperialistas do governo Trump em todo o mundo!<\/p>\n<p>Signat\u00e1rios:<\/p>\n<p>ANDES. Sindicato Nacional dos Docentes das Institui\u00e7\u00f5es de Ensino Superior<\/p>\n<p>ADUFU. Se\u00e7\u00e3o Sindical dos Docentes da Universidade Federal de Uberl\u00e2ndia<\/p>\n<p>ADUNIRIO, Se\u00e7\u00e3o Sindical do Andes-SN<br \/>\nANPUH. Associa\u00e7\u00e3o Nacional de Hist\u00f3riaBoitempo editorial<\/p>\n<p>Cadernos Cemarx, IFCH, Unicamp<\/p>\n<p>C\u00e1lice. Grupo de Estudos Sobre a Ditadura Civil-Militar e Suas Conex\u00f5es, UFSM<\/p>\n<p>Centro Ciro Cardoso de Pesquisa do Pr\u00e9-Capitalismo, CCCP-Pr\u00e9k, UFF\/UFMT<\/p>\n<p>Centro de Estudos Marxistas, Cemarx, UNEB<\/p>\n<p>Coletivo de Estudos em Marxismo e Educa\u00e7\u00e3o \u2013 Colemarx, UFRJ<\/p>\n<p>Coletivo de Pesquisa Ativista em Psican\u00e1lise, Educa\u00e7\u00e3o e Cultura, UFRRJ<\/p>\n<p>Comit\u00ea Mineiro de Solidariedade ao Povo Palestino, BH<\/p>\n<p>Demod\u00ea. Grupo de Pesquisa sobre Democracia e Desigualdades, UnB<\/p>\n<p>Exodus. N\u00facleo de Estudos sobre Produ\u00e7\u00f5es Culturais Extempor\u00e2neas e Exc\u00eantricas na Era dos Extremos, IEL-Unicamp<\/p>\n<p>GEDLit. Grupo de Estudos em Did\u00e1tica da Literatura, IEL, Unicamp<\/p>\n<p>Gepal \u2013 Grupo de Estudos de Pol\u00edtica da Am\u00e9rica Latina\/UEL<\/p>\n<p>Grupo de Estudos de Hegemonia e Lutas na Am\u00e9rica Latina, GEHLAL<\/p>\n<p>Grupo de Estudos e Pesquisas em Economia Pol\u00edtica e Desenvolvimento, NEC, UFBA<\/p>\n<p>Grupo de Estudos e Pesquisas em Educa\u00e7\u00e3o e Diferencia\u00e7\u00e3o Sociocultural (Gepedisc), FE, Unicamp<\/p>\n<p>Grupo Sociedade Brasileira Contempor\u00e2nea: Cultura, Democracia e Pensamento social, UFPE, UFRPE, UFRN, UFRB e UFBA<\/p>\n<p>Grupo de Estudos e Pesquisas Sobre Educa\u00e7\u00e3o no Campo, GEPEC\/Histedbr\/UFSCar<\/p>\n<p>Grupo de Pesquisa Mundo do Trabalho e suas Metamorfoses, GPMT, Unicamp<\/p>\n<p>Grupo de Pesquisa Pensamento Pol\u00edtico Brasileiro e Latino-Americano, PEPO<\/p>\n<p>Grupo de Pesquisa Trabalho, Educa\u00e7\u00e3o e Sociedade, GPTES , INCIS\/UFU<\/p>\n<p>Grupo de Pesquisa Trabalho, Sa\u00fade e Subjetividade \u2013 NETSS \/Unicamp<\/p>\n<p>Grupo de Trabalho GTO, UFF<\/p>\n<p>Grupo These \u2013 Projetos de Pesquisa em Trabalho, Hist\u00f3ria, Educa\u00e7\u00e3o e Sa\u00fade UFF\/UERJ\/ EPSJV-Fiocruz<\/p>\n<p>Histedbr. Grupo de Estudos e Pesquisas \u201cHist\u00f3ria, Sociedade e Educa\u00e7\u00e3o no Brasil\u201d<\/p>\n<p>Instituto Astrojildo Pereira<\/p>\n<p>Instituto Caio Prado Jr, ICP<\/p>\n<p>International Gramsci Society \u2013 Brasil<\/p>\n<p>Laborat\u00f3rio de Estudos sobre Estado e Ideologia, LEI, UFRJ<\/p>\n<p>Laborat\u00f3rio de Hist\u00f3ria e Mem\u00f3ria da Luta de Classes \u2013 LABELU, UEFS<\/p>\n<p>Laborat\u00f3rio de Pol\u00edticas P\u00fablicas, LPP, UERJ<\/p>\n<p>LEMQUES. Laborat\u00f3rio de Ensino, Pesquisa e Extens\u00e3o Marxismo e Quest\u00e3o Social, UNIRIO<\/p>\n<p>Manifesto Coletivo \u2013 Anistia Nunca Mais!<\/p>\n<p>MINKA \u2013 Coletivo de Pesquisa em Trabalho-Educa\u00e7\u00e3o e Produ\u00e7\u00e3o de saberes, UFF<\/p>\n<p>NEAM. N\u00facleo de Estudos e Pesquisas em Aprofundamento Marxista, PUC-SP<\/p>\n<p>NEDDATE. N\u00facleo de Estudos, Documenta\u00e7\u00e3o e Dados em Trabalho-Educa\u00e7\u00e3o, UFF<\/p>\n<p>NEHTIPO. N\u00facleo de Estudos de Hist\u00f3ria: Trabalho, Ideologia e Poder. PUC-SP<\/p>\n<p>NEILS \u2013 N\u00facleo de Estudos de Ideologias e Lutas Sociais, PUC-SP<\/p>\n<p>NEPHC. N\u00facleo de Estudos e Pesquisas em Hist\u00f3ria Contempor\u00e2nea, UFG<\/p>\n<p>NEOM. N\u00facleo de Estudos de Ontologia Marxiana, Unesp, Mar\u00edlia<\/p>\n<p>NEPES. N\u00facleo de Estudos e Pesquisas em Estado Democr\u00e1tico e Sociedade Contempor\u00e2nea, UFPI<\/p>\n<p>N\u00facleo de Filosofia, Pol\u00edtica e Educa\u00e7\u00e3o, NUFIPE, UFF<\/p>\n<p>N\u00facleo Hist\u00f3ria, Mem\u00f3ria e Pensamento Econ\u00f4mico \u2013 IMEP \u2013 do Departamento de Economia da PUC-SP<\/p>\n<p>N\u00facleo Interdisciplinar de Estudos e Pesquisas sobre Marx e o Marxismo, NIEP-Marx, UFF<\/p>\n<p>Politiza: Grupo de Pesquisa Hist\u00f3ria Pol\u00edtica, dos Partidos e Movimentos Contempor\u00e2neos de Esquerda e Direita, UFBA<\/p>\n<p>PsiPoliS (Psican\u00e1lise, Pol\u00edtica, Significante) \u2013 IEL \/ UNICAMP<\/p>\n<p>Revista ArtCultura. Hist\u00f3ria, Cultura e Arte, UFU<\/p>\n<p>Revista Cr\u00edtica Marxista<\/p>\n<p>Revista Lutas Sociais<\/p>\n<p>Revista Margem Esquerda<\/p>\n<p>Revista Marx e o marxismo, NIEP-Marx, UFF<\/p>\n<p>Revista Novos Rumos<\/p>\n<p>Revista Novos Temas<\/p>\n<p>Revista Trabalho Necess\u00e1rio, UFF<\/p>\n<p>Revolu\u00e7\u00e3o Brasileira<\/p>\n<p>Site marxismo21<\/p>\n<p>Studio PANaroma de M\u00fasica Eletroac\u00fastica da Unesp<\/p>\n<p>(Lista atualizada em 5 de janeiro de 2026. Ades\u00f5es de entidades \u00e0 NOTA acima podem ser enviadas pelo e-mail: &lt;mouro1848@gmail.com&gt;)<\/p>\n","protected":false},"excerpt":{"rendered":"<a class=\"moretag\" href=\"https:\/\/pcb.org.br\/portal2\/33516\"> <\/a>","protected":false},"author":8,"featured_media":0,"comment_status":"closed","ping_status":"closed","sticky":false,"template":"","format":"standard","meta":{"jetpack_post_was_ever_published":false,"_jetpack_newsletter_access":"","_jetpack_dont_email_post_to_subs":false,"_jetpack_newsletter_tier_id":0,"_jetpack_memberships_contains_paywalled_content":false,"_jetpack_memberships_contains_paid_content":false,"footnotes":"","jetpack_publicize_message":"","jetpack_publicize_feature_enabled":true,"jetpack_social_post_already_shared":true,"jetpack_social_options":{"image_generator_settings":{"template":"highway","default_image_id":0,"font":"","enabled":false},"version":2}},"categories":[73,65,146,10,45],"tags":[226],"class_list":["post-33516","post","type-post","status-publish","format-standard","hentry","category-c86-anti-imperialismo","category-c78-internacional","category-internacionalismo","category-s19-opiniao","category-c54-venezuela","tag-4b"],"jetpack_publicize_connections":[],"jetpack_featured_media_url":"","jetpack_shortlink":"https:\/\/wp.me\/p659gw-8IA","jetpack-related-posts":[],"jetpack_likes_enabled":true,"jetpack_sharing_enabled":true,"_links":{"self":[{"href":"https:\/\/pcb.org.br\/portal2\/wp-json\/wp\/v2\/posts\/33516","targetHints":{"allow":["GET"]}}],"collection":[{"href":"https:\/\/pcb.org.br\/portal2\/wp-json\/wp\/v2\/posts"}],"about":[{"href":"https:\/\/pcb.org.br\/portal2\/wp-json\/wp\/v2\/types\/post"}],"author":[{"embeddable":true,"href":"https:\/\/pcb.org.br\/portal2\/wp-json\/wp\/v2\/users\/8"}],"replies":[{"embeddable":true,"href":"https:\/\/pcb.org.br\/portal2\/wp-json\/wp\/v2\/comments?post=33516"}],"version-history":[{"count":1,"href":"https:\/\/pcb.org.br\/portal2\/wp-json\/wp\/v2\/posts\/33516\/revisions"}],"predecessor-version":[{"id":33518,"href":"https:\/\/pcb.org.br\/portal2\/wp-json\/wp\/v2\/posts\/33516\/revisions\/33518"}],"wp:attachment":[{"href":"https:\/\/pcb.org.br\/portal2\/wp-json\/wp\/v2\/media?parent=33516"}],"wp:term":[{"taxonomy":"category","embeddable":true,"href":"https:\/\/pcb.org.br\/portal2\/wp-json\/wp\/v2\/categories?post=33516"},{"taxonomy":"post_tag","embeddable":true,"href":"https:\/\/pcb.org.br\/portal2\/wp-json\/wp\/v2\/tags?post=33516"}],"curies":[{"name":"wp","href":"https:\/\/api.w.org\/{rel}","templated":true}]}}