{"id":33547,"date":"2026-01-14T15:49:20","date_gmt":"2026-01-14T18:49:20","guid":{"rendered":"https:\/\/pcb.org.br\/portal2\/?p=33547"},"modified":"2026-01-14T15:49:20","modified_gmt":"2026-01-14T18:49:20","slug":"toda-solidariedade-a-cuba-2","status":"publish","type":"post","link":"https:\/\/pcb.org.br\/portal2\/33547","title":{"rendered":"Toda solidariedade a Cuba!"},"content":{"rendered":"<p><img data-recalc-dims=\"1\" loading=\"lazy\" decoding=\"async\" data-attachment-id=\"33548\" data-permalink=\"https:\/\/pcb.org.br\/portal2\/33547\/photo_5131860550466866265_y\" data-orig-file=\"https:\/\/i0.wp.com\/pcb.org.br\/portal2\/wp-content\/uploads\/2026\/01\/photo_5131860550466866265_y.jpg?fit=1024%2C1280&amp;ssl=1\" data-orig-size=\"1024,1280\" data-comments-opened=\"0\" data-image-meta=\"{&quot;aperture&quot;:&quot;0&quot;,&quot;credit&quot;:&quot;&quot;,&quot;camera&quot;:&quot;&quot;,&quot;caption&quot;:&quot;&quot;,&quot;created_timestamp&quot;:&quot;0&quot;,&quot;copyright&quot;:&quot;&quot;,&quot;focal_length&quot;:&quot;0&quot;,&quot;iso&quot;:&quot;0&quot;,&quot;shutter_speed&quot;:&quot;0&quot;,&quot;title&quot;:&quot;&quot;,&quot;orientation&quot;:&quot;0&quot;}\" data-image-title=\"photo_5131860550466866265_y\" data-image-description=\"\" data-image-caption=\"\" data-large-file=\"https:\/\/i0.wp.com\/pcb.org.br\/portal2\/wp-content\/uploads\/2026\/01\/photo_5131860550466866265_y.jpg?fit=720%2C900&amp;ssl=1\" class=\"alignnone size-large wp-image-33548\" src=\"https:\/\/i0.wp.com\/pcb.org.br\/portal2\/wp-content\/uploads\/2026\/01\/photo_5131860550466866265_y.jpg?resize=720%2C900&#038;ssl=1\" alt=\"\" width=\"720\" height=\"900\" srcset=\"https:\/\/i0.wp.com\/pcb.org.br\/portal2\/wp-content\/uploads\/2026\/01\/photo_5131860550466866265_y.jpg?resize=720%2C900&amp;ssl=1 720w, https:\/\/i0.wp.com\/pcb.org.br\/portal2\/wp-content\/uploads\/2026\/01\/photo_5131860550466866265_y.jpg?resize=240%2C300&amp;ssl=1 240w, https:\/\/i0.wp.com\/pcb.org.br\/portal2\/wp-content\/uploads\/2026\/01\/photo_5131860550466866265_y.jpg?resize=768%2C960&amp;ssl=1 768w, https:\/\/i0.wp.com\/pcb.org.br\/portal2\/wp-content\/uploads\/2026\/01\/photo_5131860550466866265_y.jpg?w=1024&amp;ssl=1 1024w\" sizes=\"auto, (max-width: 720px) 100vw, 720px\" \/><!--more--><\/p>\n<p>O Partido Comunista Brasileiro (PCB) expressa sua mais profunda solidariedade ao povo cubano e a sua Revolu\u00e7\u00e3o diante das declara\u00e7\u00f5es do Governo imperialista dos Estados Unidos de que &#8220;N\u00e3o haver\u00e1 mais petr\u00f3leo, nem dinheiro para Cuba&#8221; e abertamente sugerindo uma rendi\u00e7\u00e3o &#8220;antes que seja demasiadamente tarde&#8221;.<\/p>\n<p>O presidente Miguel D\u00edaz-Canel classificou essas declara\u00e7\u00f5es feitas contra Cuba como imorais e reafirmou a prontid\u00e3o do pa\u00eds para se defender, assegurando que Cuba \u00e9 uma na\u00e7\u00e3o livre, independente e soberana que n\u00e3o aceita imposi\u00e7\u00f5es. \u201cCuba n\u00e3o ataca, ela \u00e9 atacada pelos EUA h\u00e1 66 anos e n\u00e3o amea\u00e7a, ela se prepara, pronta para defender a P\u00e1tria at\u00e9 a \u00faltima gota de sangue. Cuba \u00e9 Coragem\u201d.<\/p>\n<p>O PCB repudia com veem\u00eancia qualquer interfer\u00eancia externa e exigimos que os EUA cessem imediatamente o bloqueio, san\u00e7\u00f5es e quaisquer amea\u00e7as contra Cuba. Hoje, praticamente todos os pa\u00edses do mundo condenam o bloqueio criminoso contra a Ilha Socialista.<\/p>\n<p>\u00c9 hora de organizar a mais ampla unidade dos povos latino-americanos contra as agress\u00f5es e amea\u00e7as do imperialismo norte americano.<\/p>\n<p>Pela Autodetermina\u00e7\u00e3o dos Povos!<br \/>\nEm defesa da Soberania Nacional e Popular!<br \/>\nPelo Fim do Bloqueio dos EUA contra Cuba!<br \/>\nFora Yankees da Am\u00e9rica Latina!<\/p>\n<p>Brasil, janeiro de 2026<br \/>\nPartido Comunista Brasileiro<br \/>\nComiss\u00e3o Pol\u00edtica Nacional<\/p>\n","protected":false},"excerpt":{"rendered":"<a class=\"moretag\" href=\"https:\/\/pcb.org.br\/portal2\/33547\"> <\/a>","protected":false},"author":8,"featured_media":0,"comment_status":"closed","ping_status":"closed","sticky":false,"template":"","format":"standard","meta":{"jetpack_post_was_ever_published":false,"_jetpack_newsletter_access":"","_jetpack_dont_email_post_to_subs":false,"_jetpack_newsletter_tier_id":0,"_jetpack_memberships_contains_paywalled_content":false,"_jetpack_memberships_contains_paid_content":false,"footnotes":"","jetpack_publicize_message":"","jetpack_publicize_feature_enabled":true,"jetpack_social_post_already_shared":true,"jetpack_social_options":{"image_generator_settings":{"template":"highway","default_image_id":0,"font":"","enabled":false},"version":2}},"categories":[14,48,75,26,47,77],"tags":[222,246],"class_list":["post-33547","post","type-post","status-publish","format-standard","hentry","category-s16-caribe","category-c58-cuba","category-c88-internacionalismo","category-c25-notas-politicas-do-pcb","category-c57-revolucao-cubana","category-c90-solidariedade-a-cuba","tag-2b","tag-np"],"jetpack_publicize_connections":[],"jetpack_featured_media_url":"","jetpack_shortlink":"https:\/\/wp.me\/p659gw-8J5","jetpack-related-posts":[],"jetpack_likes_enabled":true,"jetpack_sharing_enabled":true,"_links":{"self":[{"href":"https:\/\/pcb.org.br\/portal2\/wp-json\/wp\/v2\/posts\/33547","targetHints":{"allow":["GET"]}}],"collection":[{"href":"https:\/\/pcb.org.br\/portal2\/wp-json\/wp\/v2\/posts"}],"about":[{"href":"https:\/\/pcb.org.br\/portal2\/wp-json\/wp\/v2\/types\/post"}],"author":[{"embeddable":true,"href":"https:\/\/pcb.org.br\/portal2\/wp-json\/wp\/v2\/users\/8"}],"replies":[{"embeddable":true,"href":"https:\/\/pcb.org.br\/portal2\/wp-json\/wp\/v2\/comments?post=33547"}],"version-history":[{"count":1,"href":"https:\/\/pcb.org.br\/portal2\/wp-json\/wp\/v2\/posts\/33547\/revisions"}],"predecessor-version":[{"id":33549,"href":"https:\/\/pcb.org.br\/portal2\/wp-json\/wp\/v2\/posts\/33547\/revisions\/33549"}],"wp:attachment":[{"href":"https:\/\/pcb.org.br\/portal2\/wp-json\/wp\/v2\/media?parent=33547"}],"wp:term":[{"taxonomy":"category","embeddable":true,"href":"https:\/\/pcb.org.br\/portal2\/wp-json\/wp\/v2\/categories?post=33547"},{"taxonomy":"post_tag","embeddable":true,"href":"https:\/\/pcb.org.br\/portal2\/wp-json\/wp\/v2\/tags?post=33547"}],"curies":[{"name":"wp","href":"https:\/\/api.w.org\/{rel}","templated":true}]}}