{"id":33572,"date":"2026-01-23T22:22:19","date_gmt":"2026-01-24T01:22:19","guid":{"rendered":"https:\/\/pcb.org.br\/portal2\/?p=33572"},"modified":"2026-01-30T13:46:58","modified_gmt":"2026-01-30T16:46:58","slug":"uma-introducao-ao-pensamento-de-lukacs","status":"publish","type":"post","link":"https:\/\/pcb.org.br\/portal2\/33572","title":{"rendered":"Uma Introdu\u00e7\u00e3o ao Pensamento de Luk\u00e1cs"},"content":{"rendered":"<p><img data-recalc-dims=\"1\" loading=\"lazy\" decoding=\"async\" data-attachment-id=\"33573\" data-permalink=\"https:\/\/pcb.org.br\/portal2\/33572\/image-5-19\" data-orig-file=\"https:\/\/i0.wp.com\/pcb.org.br\/portal2\/wp-content\/uploads\/2026\/01\/image-5-2.png?fit=1080%2C1350&amp;ssl=1\" data-orig-size=\"1080,1350\" data-comments-opened=\"0\" data-image-meta=\"{&quot;aperture&quot;:&quot;0&quot;,&quot;credit&quot;:&quot;&quot;,&quot;camera&quot;:&quot;&quot;,&quot;caption&quot;:&quot;&quot;,&quot;created_timestamp&quot;:&quot;0&quot;,&quot;copyright&quot;:&quot;&quot;,&quot;focal_length&quot;:&quot;0&quot;,&quot;iso&quot;:&quot;0&quot;,&quot;shutter_speed&quot;:&quot;0&quot;,&quot;title&quot;:&quot;&quot;,&quot;orientation&quot;:&quot;0&quot;}\" data-image-title=\"image (5)\" data-image-description=\"\" data-image-caption=\"\" data-large-file=\"https:\/\/i0.wp.com\/pcb.org.br\/portal2\/wp-content\/uploads\/2026\/01\/image-5-2.png?fit=720%2C900&amp;ssl=1\" class=\"alignnone size-large wp-image-33573\" src=\"https:\/\/i0.wp.com\/pcb.org.br\/portal2\/wp-content\/uploads\/2026\/01\/image-5-2.png?resize=720%2C900&#038;ssl=1\" alt=\"\" width=\"720\" height=\"900\" srcset=\"https:\/\/i0.wp.com\/pcb.org.br\/portal2\/wp-content\/uploads\/2026\/01\/image-5-2.png?resize=720%2C900&amp;ssl=1 720w, https:\/\/i0.wp.com\/pcb.org.br\/portal2\/wp-content\/uploads\/2026\/01\/image-5-2.png?resize=240%2C300&amp;ssl=1 240w, https:\/\/i0.wp.com\/pcb.org.br\/portal2\/wp-content\/uploads\/2026\/01\/image-5-2.png?resize=768%2C960&amp;ssl=1 768w, https:\/\/i0.wp.com\/pcb.org.br\/portal2\/wp-content\/uploads\/2026\/01\/image-5-2.png?w=1080&amp;ssl=1 1080w\" sizes=\"auto, (max-width: 720px) 100vw, 720px\" \/><!--more--><\/p>\n<p>A FUNDA\u00c7\u00c3O DINARCO REIS APRESENTA:<\/p>\n<p>MINI CURSO COM JOS\u00c9 PAULO NETTO<\/p>\n<p>UMA INTRODU\u00c7\u00c3O AO PENSAMENTO DE LUK\u00c1CS<\/p>\n<p>AULAS EM FEVEREIRO \u00c0S QUARTAS, DAS 19:00 \u00c0S 21:30 PELA PLATAFORMA EVEN3<\/p>\n<p>DIA 04\/02 &#8211; AULA 1: A recusa do mundo burgu\u00eas (1902 a 1918)<br \/>\nDIA 11\/02 &#8211; AULA 2: A prova da pol\u00edtica (1918 a 1930)<br \/>\nDIA 18\/02 &#8211; AULA 3: Os tempos dif\u00edceis (1930 a 1958)<br \/>\nDIA 25\/02 &#8211; AULA 4: O guerreiro sem repouso (1958 a 1971)<\/p>\n<p>VALOR: R$ 80,00<\/p>\n<p>AS AULAS FICAR\u00c3O GRAVADAS<\/p>\n<p>SER\u00c1 ENVIADO CERTIFICADO PARA OS PARTICIPANTES<\/p>\n<p>Inscri\u00e7\u00f5es no link: <a href=\"https:\/\/www.even3.com.br\/curso-uma-introducao-ao-pensamento-de-lukacs-686302?even3_orig=events_eventlist\">https:\/\/www.even3.com.br\/curso-uma-introducao-ao-pensamento-de-lukacs-686302?even3_orig=events_eventlist<\/a><\/p>\n<p>&nbsp;<\/p>\n<p>LUK\u00c1CS E A ATUALIDADE DO MARXISMO<\/p>\n<p>Georg Luk\u00e1cs nasceu em Budapeste, Hungria, no dia 13 de abril de 1885. Tornou-se doutor em Filosofia pela Universidade de Budapeste em 1909. Ap\u00f3s a Revolu\u00e7\u00e3o de Outubro de 1917, ingressou no Partido Comunista da Hungria. Em 1919, com a eclos\u00e3o da Revolu\u00e7\u00e3o H\u00fangara, foi designado vice-comiss\u00e1rio do Povo para a Cultura e a Educa\u00e7\u00e3o P\u00fablica, realizando profunda reforma educacional, socializa\u00e7\u00e3o das editoras e abertura dos museus e teatros aos trabalhadores. O fascismo destruiu a experi\u00eancia socialista na Hungria e, no ex\u00edlio em Viena, Luk\u00e1cs elaborou os originais de uma de suas mais importantes obras te\u00f3ricas: Hist\u00f3ria e Consci\u00eancia de Classe, publicada em 1923.<\/p>\n<p>O livro foi condenado pela Internacional Comunista em seu V Congresso (1924), atacado por um suposto \u201crevisionismo te\u00f3rico\u201d. Luk\u00e1cs afastou-se da pol\u00edtica partid\u00e1ria ao ser amea\u00e7ado de expuls\u00e3o do PC h\u00fangaro ap\u00f3s a divulga\u00e7\u00e3o de suas Teses de Blum (pseud\u00f4nimo usado na clandestinidade), derrotadas no II Congresso do Partido (1929), por defender a \u201cditadura democr\u00e1tica do proletariado e do campesinato\u201d e retratar a classe trabalhadora como herdeira da melhor tradi\u00e7\u00e3o da humanidade \u2013 incluindo a\u00ed a tradi\u00e7\u00e3o revolucion\u00e1ria burguesa \u2013 e n\u00e3o apenas a criadora da nova cultura oper\u00e1ria.<\/p>\n<p>Com o fim da guerra e a derrota do fascismo, Luk\u00e1cs retornaria a Budapeste, tendo sido eleito membro do parlamento h\u00fangaro. Voltou a participar ativamente da vida cultural europeia, mas, entre 1949 e 1953, sofreu persegui\u00e7\u00e3o dos seguidores de St\u00e1lin. Escreve A Destrui\u00e7\u00e3o da Raz\u00e3o, na qual investigava as ra\u00edzes hist\u00f3ricas da trag\u00e9dia alem\u00e3 (do caminho prussiano ao nazismo) e criticava a postura da intelectualidade moderna (com destaque para Nietzsche), representante da decad\u00eancia ideol\u00f3gica da burguesia na etapa imperialista, cujas caracter\u00edsticas principais seriam o ataque ao materialismo dial\u00e9tico e a apologia ao capitalismo.<\/p>\n<p>Na d\u00e9cada de 1960, ap\u00f3s a publica\u00e7\u00e3o de sua Est\u00e9tica, ambiciosa tentativa de constituir uma teoria marxista das manifesta\u00e7\u00f5es art\u00edsticas, dedicou-se \u00e0 elabora\u00e7\u00e3o de uma \u00c9tica marxista, resultando, ap\u00f3s estudos iniciais sobre os fundamentos dos valores inscritos na pr\u00e1xis humana, na reda\u00e7\u00e3o da Ontologia do Ser Social, obra somente publicada na \u00edntegra postumamente.<\/p>\n<p>Segundo Jos\u00e9 Paulo Netto, uma das grandes contribui\u00e7\u00f5es te\u00f3ricas de Luk\u00e1cs foi denunciar o processo de manipula\u00e7\u00e3o social inerente ao capitalismo tardio e as novas formas de aliena\u00e7\u00e3o da\u00ed decorrentes. Por mais cr\u00edticas que tivesse aos Estados socialistas de seu tempo, fortemente marcados por pr\u00e1ticas antidemocr\u00e1ticas e burocratizantes, em entrevista do in\u00edcio de 1970, Luk\u00e1cs n\u00e3o deixava d\u00favidas a respeito de seu posicionamento pol\u00edtico e ideol\u00f3gico, ao qual foi fiel em toda a vida: \u201cO pior socialismo \u00e9 prefer\u00edvel ao melhor capitalismo\u201d.<\/p>\n<p>Na melhor tradi\u00e7\u00e3o do marxismo cl\u00e1ssico, Jos\u00e9 Paulo Netto associa sua produ\u00e7\u00e3o te\u00f3rica a um intenso engajamento na luta das ideias de seu tempo. Professor em\u00e9rito da Universidade Federal do Rio de Janeiro, tem v\u00ednculos com outras institui\u00e7\u00f5es de ensino do pa\u00eds e exterior e atua\u00e7\u00e3o destacada junto \u00e0 Escola Nacional Florestan Fernandes (ENFF), centro de estudos e debates vinculado ao MST. Incans\u00e1vel divulgador do marxismo cr\u00edtico no Brasil e autor de uma vasta obra pol\u00edtica e te\u00f3rica, \u00e9 tamb\u00e9m respons\u00e1vel por tradu\u00e7\u00f5es de textos de autores cl\u00e1ssicos, tais como Marx, Engels, L\u00eanin e Luk\u00e1cs.<\/p>\n<p>Bibliografia sugerida<\/p>\n<p>Frederico, Celso. Luk\u00e1cs &#8211; um cl\u00e1ssico do s\u00e9culo XX. S. Paulo, Moderna, 1997.<br \/>\nLuk\u00e1cs, G. Pensamento vivido. Autobiografia em di\u00e1logo. S. Paulo, Instituto Luk\u00e1cs, 2017.<br \/>\nNetto, Jos\u00e9 Paulo. Luk\u00e1cs &#8211; uma introdu\u00e7\u00e3o. S. Paulo, Boitempo, 2023.<\/p>\n","protected":false},"excerpt":{"rendered":"<a class=\"moretag\" href=\"https:\/\/pcb.org.br\/portal2\/33572\"> <\/a>","protected":false},"author":8,"featured_media":0,"comment_status":"closed","ping_status":"closed","sticky":false,"template":"","format":"standard","meta":{"jetpack_post_was_ever_published":false,"_jetpack_newsletter_access":"","_jetpack_dont_email_post_to_subs":false,"_jetpack_newsletter_tier_id":0,"_jetpack_memberships_contains_paywalled_content":false,"_jetpack_memberships_contains_paid_content":false,"footnotes":"","jetpack_publicize_message":"","jetpack_publicize_feature_enabled":true,"jetpack_social_post_already_shared":true,"jetpack_social_options":{"image_generator_settings":{"template":"highway","default_image_id":0,"font":"","enabled":false},"version":2}},"categories":[231],"tags":[223],"class_list":["post-33572","post","type-post","status-publish","format-standard","hentry","category-fdr","tag-3a"],"jetpack_publicize_connections":[],"jetpack_featured_media_url":"","jetpack_shortlink":"https:\/\/wp.me\/p659gw-8Ju","jetpack-related-posts":[],"jetpack_likes_enabled":true,"jetpack_sharing_enabled":true,"_links":{"self":[{"href":"https:\/\/pcb.org.br\/portal2\/wp-json\/wp\/v2\/posts\/33572","targetHints":{"allow":["GET"]}}],"collection":[{"href":"https:\/\/pcb.org.br\/portal2\/wp-json\/wp\/v2\/posts"}],"about":[{"href":"https:\/\/pcb.org.br\/portal2\/wp-json\/wp\/v2\/types\/post"}],"author":[{"embeddable":true,"href":"https:\/\/pcb.org.br\/portal2\/wp-json\/wp\/v2\/users\/8"}],"replies":[{"embeddable":true,"href":"https:\/\/pcb.org.br\/portal2\/wp-json\/wp\/v2\/comments?post=33572"}],"version-history":[{"count":2,"href":"https:\/\/pcb.org.br\/portal2\/wp-json\/wp\/v2\/posts\/33572\/revisions"}],"predecessor-version":[{"id":33588,"href":"https:\/\/pcb.org.br\/portal2\/wp-json\/wp\/v2\/posts\/33572\/revisions\/33588"}],"wp:attachment":[{"href":"https:\/\/pcb.org.br\/portal2\/wp-json\/wp\/v2\/media?parent=33572"}],"wp:term":[{"taxonomy":"category","embeddable":true,"href":"https:\/\/pcb.org.br\/portal2\/wp-json\/wp\/v2\/categories?post=33572"},{"taxonomy":"post_tag","embeddable":true,"href":"https:\/\/pcb.org.br\/portal2\/wp-json\/wp\/v2\/tags?post=33572"}],"curies":[{"name":"wp","href":"https:\/\/api.w.org\/{rel}","templated":true}]}}