{"id":3364,"date":"2012-08-16T15:14:32","date_gmt":"2012-08-16T15:14:32","guid":{"rendered":"http:\/\/pcb.org.br\/portal2\/?p=3364"},"modified":"2012-08-16T15:14:32","modified_gmt":"2012-08-16T15:14:32","slug":"boletim-de-campanha-14-de-agosto-de-2012","status":"publish","type":"post","link":"https:\/\/pcb.org.br\/portal2\/3364","title":{"rendered":"Boletim de Campanha\u2013 14 de agosto de 2012"},"content":{"rendered":"\n<p>Veja nesta edi\u00e7\u00e3o:<\/p>\n<p>&#8211; Plen\u00e1ria de Campanha amanh\u00e3 na Sede Estadual do PCB \u00e0s 19h<\/p>\n<p>&#8211; Ato de lan\u00e7amento lotou o audit\u00f3rio da ASSIBGE-RJ<\/p>\n<p>&#8211; Agenda da Semana<\/p>\n<p>Carioca nascido no Rocha, Hiran Roedel passou a inf\u00e2ncia em Sepetiba e a adolesc\u00eancia na Tijuca. Banc\u00e1rio do BEMGE, tornou-se militante do Partido Comunista Brasileiro (PCB) em 1982, ainda na clandestinidade.<\/p>\n<p>Em meados dos anos 1980, tornou-se professor e desde ent\u00e3o participa das lutas da categoria. Historiador, lecionando nos ensinos m\u00e9dio e superior, atualmente \u00e9 diretor do Sindicato dos Professores do Rio de Janeiro (SINPRO-RIO). Como funcion\u00e1rio p\u00fablico da Universidade Federal do Rio de Janeiro (UFRJ), tamb\u00e9m milita junto ao sindicato dos trabalhadores daquela institui\u00e7\u00e3o (SINTUFRJ).<\/p>\n<p>O PCB j\u00e1 apresentou Hiran como candidato em duas outras ocasi\u00f5es: em 2006, para Deputado Estadual e em 2010, para Deputado Federal.<\/p>\n<p><strong>LAN\u00c7AMENTO DA CAMPANHA E VOO NOTURNO<\/strong><\/p>\n<p>Na sexta-feira passada, o audit\u00f3rio do Sindicato dos funcion\u00e1rios do IBGE (ASSIBGE-SN) lotou ao receber o primeiro evento oficial da Campanha Hiran Roedel PCB 21021. O Ato Pol\u00edtico de lan\u00e7amento da candidatura contou com a presen\u00e7a do Secret\u00e1rio Geral do PCB, Ivan Pinheiro, al\u00e9m do candidato a prefeito pelo PSol, Marcelo Freixo, apoiado pelo PCB, e dos ex-deputados federais Milton Temer (PSol) e Vivaldo Barbosa (PDT).<\/p>\n<p>Ap\u00f3s a atividade, a Uni\u00e3o da Juventude Comunista (UJC) realizou o primeiro \u201cvoo noturno\u201d de divulga\u00e7\u00e3o da festa NOSSOS SONHOS JAMAIS ENVELHECEM [LINK], promovida pela Juventude e pela Campanha. O evento ocorrer\u00e1 na pr\u00f3xima sexta-feira, dia 17, a partir das 23h no Centro de Artes Maria Teresa Vieira (Rua da Carioca, 85 \u2013 quase na Pra\u00e7a Tiradentes).<\/p>\n<p><strong>PLEN\u00c1RIA AMPLIADA AMANH\u00c3!<\/strong><\/p>\n<p>A sede estadual do PCB (Rua Teot\u00f4nio Regadas, 26 \u2013 402) receber\u00e1 no dia 15, a partir das 19h, a Plen\u00e1ria Ampliada da Campanha. Nessa reuni\u00e3o, ser\u00e1 poss\u00edvel ficar por dentro dos \u00faltimos acontecimentos e participar da constru\u00e7\u00e3o da agenda das pr\u00f3ximas atividades.<\/p>\n<p>\u00c9 important\u00edssima a sugest\u00e3o de eventos para a campanha como com\u00edcios dom\u00e9sticos e panfletagens, sobretudo nas regi\u00f5es mais populares da cidade, bem como a disposi\u00e7\u00e3o de amigos, simpatizantes e militantes para a realiza\u00e7\u00e3o das propostas aprovadas.<\/p>\n<p><strong>AGENDA DA SEMANA:<\/strong><\/p>\n<p>&#8211; 15\/8, quarta, 19h: Plen\u00e1ria ampliada de campanha. Local: Sede Estadual do PCB. Ap\u00f3s, voo noturno para divulga\u00e7\u00e3o da festa.<\/p>\n<p>&#8211; 17\/8, sexta, 23h: Festa NOSSOS SONHOS JAMAIS ENVELHECEM. Local: Rua da Carioca, 85 (quase na Pra\u00e7a Tiradentes).<\/p>\n<p>&#8211; 18\/8, s\u00e1bado, 15h30: debate com Hiran (PCB) e representantes do PSol, PSTU e Anarquistas com o tema \u201cA esquerda e as elei\u00e7\u00f5es de 2012\u201d. Local: CCOB (Centro Cultural Octavio Brand\u00e3o), na Rua Miguel \u00c2ngelo, 120, perto do metr\u00f4 de Maria da Gra\u00e7a.<\/p>\n","protected":false},"excerpt":{"rendered":"\n\n\nCr\u00e9dito: hiranroedelpcb21021\n\n\n\n\n\n\n\n\nVisite:\u00a0hiranroedelpcb21021.blogspot.com.br \/\/\u00a0@hiranpcb21021 \/\/\u00a0www.facebook.com\/hiran21021\n<a class=\"moretag\" href=\"https:\/\/pcb.org.br\/portal2\/3364\"> <\/a>","protected":false},"author":1,"featured_media":0,"comment_status":"open","ping_status":"open","sticky":false,"template":"","format":"standard","meta":{"jetpack_post_was_ever_published":false,"_jetpack_newsletter_access":"","_jetpack_dont_email_post_to_subs":false,"_jetpack_newsletter_tier_id":0,"_jetpack_memberships_contains_paywalled_content":false,"_jetpack_memberships_contains_paid_content":false,"footnotes":"","jetpack_publicize_message":"","jetpack_publicize_feature_enabled":true,"jetpack_social_post_already_shared":false,"jetpack_social_options":{"image_generator_settings":{"template":"highway","default_image_id":0,"font":"","enabled":false},"version":2}},"categories":[110],"tags":[],"class_list":["post-3364","post","type-post","status-publish","format-standard","hentry","category-c123-eleicoes-2012"],"jetpack_publicize_connections":[],"jetpack_featured_media_url":"","jetpack_shortlink":"https:\/\/wp.me\/p659gw-Sg","jetpack-related-posts":[],"jetpack_likes_enabled":true,"jetpack_sharing_enabled":true,"_links":{"self":[{"href":"https:\/\/pcb.org.br\/portal2\/wp-json\/wp\/v2\/posts\/3364","targetHints":{"allow":["GET"]}}],"collection":[{"href":"https:\/\/pcb.org.br\/portal2\/wp-json\/wp\/v2\/posts"}],"about":[{"href":"https:\/\/pcb.org.br\/portal2\/wp-json\/wp\/v2\/types\/post"}],"author":[{"embeddable":true,"href":"https:\/\/pcb.org.br\/portal2\/wp-json\/wp\/v2\/users\/1"}],"replies":[{"embeddable":true,"href":"https:\/\/pcb.org.br\/portal2\/wp-json\/wp\/v2\/comments?post=3364"}],"version-history":[{"count":0,"href":"https:\/\/pcb.org.br\/portal2\/wp-json\/wp\/v2\/posts\/3364\/revisions"}],"wp:attachment":[{"href":"https:\/\/pcb.org.br\/portal2\/wp-json\/wp\/v2\/media?parent=3364"}],"wp:term":[{"taxonomy":"category","embeddable":true,"href":"https:\/\/pcb.org.br\/portal2\/wp-json\/wp\/v2\/categories?post=3364"},{"taxonomy":"post_tag","embeddable":true,"href":"https:\/\/pcb.org.br\/portal2\/wp-json\/wp\/v2\/tags?post=3364"}],"curies":[{"name":"wp","href":"https:\/\/api.w.org\/{rel}","templated":true}]}}