{"id":33672,"date":"2026-02-24T15:03:07","date_gmt":"2026-02-24T18:03:07","guid":{"rendered":"https:\/\/pcb.org.br\/portal2\/?p=33672"},"modified":"2026-02-24T15:03:07","modified_gmt":"2026-02-24T18:03:07","slug":"os-comunistas-e-a-campanha-da-fraternidade-2026","status":"publish","type":"post","link":"https:\/\/pcb.org.br\/portal2\/33672","title":{"rendered":"Os comunistas e a Campanha da Fraternidade 2026"},"content":{"rendered":"<p><img data-recalc-dims=\"1\" loading=\"lazy\" decoding=\"async\" data-attachment-id=\"33673\" data-permalink=\"https:\/\/pcb.org.br\/portal2\/33672\/image-1-42\" data-orig-file=\"https:\/\/i0.wp.com\/pcb.org.br\/portal2\/wp-content\/uploads\/2026\/02\/image-1.png?fit=1024%2C560&amp;ssl=1\" data-orig-size=\"1024,560\" data-comments-opened=\"0\" data-image-meta=\"{&quot;aperture&quot;:&quot;0&quot;,&quot;credit&quot;:&quot;&quot;,&quot;camera&quot;:&quot;&quot;,&quot;caption&quot;:&quot;&quot;,&quot;created_timestamp&quot;:&quot;0&quot;,&quot;copyright&quot;:&quot;&quot;,&quot;focal_length&quot;:&quot;0&quot;,&quot;iso&quot;:&quot;0&quot;,&quot;shutter_speed&quot;:&quot;0&quot;,&quot;title&quot;:&quot;&quot;,&quot;orientation&quot;:&quot;0&quot;}\" data-image-title=\"image (1)\" data-image-description=\"\" data-image-caption=\"\" data-large-file=\"https:\/\/i0.wp.com\/pcb.org.br\/portal2\/wp-content\/uploads\/2026\/02\/image-1.png?fit=747%2C408&amp;ssl=1\" class=\"alignnone size-large wp-image-33673\" src=\"https:\/\/i0.wp.com\/pcb.org.br\/portal2\/wp-content\/uploads\/2026\/02\/image-1.png?resize=747%2C408&#038;ssl=1\" alt=\"\" width=\"747\" height=\"408\" srcset=\"https:\/\/i0.wp.com\/pcb.org.br\/portal2\/wp-content\/uploads\/2026\/02\/image-1.png?resize=900%2C492&amp;ssl=1 900w, https:\/\/i0.wp.com\/pcb.org.br\/portal2\/wp-content\/uploads\/2026\/02\/image-1.png?resize=300%2C164&amp;ssl=1 300w, https:\/\/i0.wp.com\/pcb.org.br\/portal2\/wp-content\/uploads\/2026\/02\/image-1.png?resize=768%2C420&amp;ssl=1 768w, https:\/\/i0.wp.com\/pcb.org.br\/portal2\/wp-content\/uploads\/2026\/02\/image-1.png?w=1024&amp;ssl=1 1024w\" sizes=\"auto, (max-width: 747px) 100vw, 747px\" \/><!--more--><\/p>\n<p>Campanha da Fraternidade 2026 \u2013 Fraternidade e Moradia<\/p>\n<p>A Confer\u00eancia Nacional dos Bispos do Brasil (CNBB) lan\u00e7ou na \u00faltima quarta-feira, 18 de fevereiro, a Campanha da Fraternidade 2026, que tem, como tema, \u201cFraternidade e Moradia\u201d, e convida a Igreja e a sociedade a refletirem sobre \u201ca moradia como direito fundamental e express\u00e3o concreta da dignidade humana\u201d. As Campanhas da Fraternidade tiveram in\u00edcio em 1962 e foram se expandindo at\u00e9 os dias de hoje. A atual tem o apoio direto do Papa Le\u00e3o XIV, que destacou em sua mensagem que a Campanha \u00e9 uma express\u00e3o concreta da f\u00e9 e do compromisso com os pobres e reafirmou a necessidade de se enfrentar as causas estruturais da pobreza. \u201cA moradia n\u00e3o pode ser tratada como privil\u00e9gio, mas como condi\u00e7\u00e3o b\u00e1sica para o exerc\u00edcio de outros direitos\u201d, afirmou o secret\u00e1rio-geral da CNBB, Dom Ricardo Hoepers, ressaltando \u201cque pol\u00edticas p\u00fablicas habitacionais s\u00e3o dever do Estado e que a economia deve estar a servi\u00e7o da vida\u201d.<\/p>\n<p>A quest\u00e3o da moradia \u00e9 grave no Brasil: os alugu\u00e9is s\u00e3o muito caros, com leis que privilegiam os propriet\u00e1rios; financiamentos para aquisi\u00e7\u00e3o de moradias s\u00e3o bem onerosos; faltam programas estatais para a oferta de moradias populares dignas a pre\u00e7os acess\u00edveis para os trabalhadores e as trabalhadoras. Ao mesmo tempo, nas cidades brasileiras, muitos moram em condi\u00e7\u00f5es extremamente prec\u00e1rias, como em \u00e1reas sem acesso \u00e0 \u00e1gua encanada, saneamento, cal\u00e7amento de ruas, nas margens de rios e canais e outras \u00e1reas de riscos, em casas em condi\u00e7\u00f5es indignas. H\u00e1 um grande n\u00famero de im\u00f3veis fechados, usados simplesmente para a especula\u00e7\u00e3o ou para alugu\u00e9is de temporada. O capital imobili\u00e1rio investe em \u00e1reas nobres, deslocando as pessoas para as piores \u00e1reas das cidades, isto \u00e9, onde est\u00e1 ausente a pr\u00f3pria cidade. N\u00e3o bastasse, \u00e9 gigantesco o n\u00famero de pessoas em situa\u00e7\u00e3o de rua: mais de 300 mil em todo o pa\u00eds!<\/p>\n<p>A Campanha da Fraternidade aponta: \u201c A moradia digna \u00e9 a base para efetiva\u00e7\u00e3o do direito \u00e0 cidade e dos direitos humanos \u201d. N\u00f3s do PCB concordamos explicitamente. A moradia \u00e9 um direito b\u00e1sico, essencial e fundamental que deve ser estendido a todas\/os e n\u00e3o uma mercadoria de luxo para os que podem adquir\u00ed-la, como acontece sob a l\u00f3gica do mercado capitalista. Manifestamos nosso acordo com a ess\u00eancia da Campanha da Fraternidade e Moradia, pois ela mira na situa\u00e7\u00e3o dos mais desvalidos, nos empobrecidos de toda sorte, na classe trabalhadora brasileira e aponta corretamente que \u00e9 dever do Estado prover moradia digna e cidad\u00e3. S\u00e3o necess\u00e1rias a\u00e7\u00f5es p\u00fablicas, urbanas e rurais, que provejam moradia para todas\/os com infraestrutura e equipamentos urbanos \/ rurais adequados, conectados ao sistema de transporte p\u00fablico, programas habitacionais abrangentes para as camadas sociais de baixa renda, com propriedade estatal e gest\u00e3o coletiva pelos\/as moradores\/as, taxa\u00e7\u00e3o progressiva da propriedade imobili\u00e1ria n\u00e3o utilizada socialmente e de im\u00f3veis fechados, desapropria\u00e7\u00e3o de im\u00f3veis com elevadas d\u00edvidas de IPTU e outras, plena urbaniza\u00e7\u00e3o de \u00e1reas faveladas, vilas, ocupa\u00e7\u00f5es etc, financiamento para reformas em im\u00f3veis prec\u00e1rios, reforma agr\u00e1ria (terra \/ moradia) sob controle dos\/as trabalhadores\/as e outras medidas necess\u00e1rias e urgentes.<\/p>\n<p>O Partido Comunista Brasileiro \u2013 PCB se p\u00f5e, assim, a par e passo com a Campanha da Fraternidade e Moradia, estar\u00e1 sempre ao lado dos que lutam por justi\u00e7a social e igualdade, se mobiliza e mobilizar\u00e1 para lutar, em conjunto com todas as organiza\u00e7\u00f5es sociais compromissadas, por essa causa estruturante.<\/p>\n<p>Moradia digna, na cidade e no campo, \u00e9 um direito fundamental.<\/p>\n<p>Partido Comunista Brasileiro \u2013 PCB<br \/>\nComiss\u00e3o Pol\u00edtica Nacional do Comit\u00ea Central<\/p>\n","protected":false},"excerpt":{"rendered":"<a class=\"moretag\" href=\"https:\/\/pcb.org.br\/portal2\/33672\"> <\/a>","protected":false},"author":8,"featured_media":0,"comment_status":"closed","ping_status":"closed","sticky":false,"template":"","format":"standard","meta":{"jetpack_post_was_ever_published":false,"_jetpack_newsletter_access":"","_jetpack_dont_email_post_to_subs":false,"_jetpack_newsletter_tier_id":0,"_jetpack_memberships_contains_paywalled_content":false,"_jetpack_memberships_contains_paid_content":false,"footnotes":"","jetpack_publicize_message":"","jetpack_publicize_feature_enabled":true,"jetpack_social_post_already_shared":true,"jetpack_social_options":{"image_generator_settings":{"template":"highway","default_image_id":0,"font":"","enabled":false},"version":2}},"categories":[26],"tags":[222,246],"class_list":["post-33672","post","type-post","status-publish","format-standard","hentry","category-c25-notas-politicas-do-pcb","tag-2b","tag-np"],"jetpack_publicize_connections":[],"jetpack_featured_media_url":"","jetpack_shortlink":"https:\/\/wp.me\/p659gw-8L6","jetpack-related-posts":[],"jetpack_likes_enabled":true,"jetpack_sharing_enabled":true,"_links":{"self":[{"href":"https:\/\/pcb.org.br\/portal2\/wp-json\/wp\/v2\/posts\/33672","targetHints":{"allow":["GET"]}}],"collection":[{"href":"https:\/\/pcb.org.br\/portal2\/wp-json\/wp\/v2\/posts"}],"about":[{"href":"https:\/\/pcb.org.br\/portal2\/wp-json\/wp\/v2\/types\/post"}],"author":[{"embeddable":true,"href":"https:\/\/pcb.org.br\/portal2\/wp-json\/wp\/v2\/users\/8"}],"replies":[{"embeddable":true,"href":"https:\/\/pcb.org.br\/portal2\/wp-json\/wp\/v2\/comments?post=33672"}],"version-history":[{"count":1,"href":"https:\/\/pcb.org.br\/portal2\/wp-json\/wp\/v2\/posts\/33672\/revisions"}],"predecessor-version":[{"id":33674,"href":"https:\/\/pcb.org.br\/portal2\/wp-json\/wp\/v2\/posts\/33672\/revisions\/33674"}],"wp:attachment":[{"href":"https:\/\/pcb.org.br\/portal2\/wp-json\/wp\/v2\/media?parent=33672"}],"wp:term":[{"taxonomy":"category","embeddable":true,"href":"https:\/\/pcb.org.br\/portal2\/wp-json\/wp\/v2\/categories?post=33672"},{"taxonomy":"post_tag","embeddable":true,"href":"https:\/\/pcb.org.br\/portal2\/wp-json\/wp\/v2\/tags?post=33672"}],"curies":[{"name":"wp","href":"https:\/\/api.w.org\/{rel}","templated":true}]}}