{"id":33681,"date":"2026-02-27T21:37:37","date_gmt":"2026-02-28T00:37:37","guid":{"rendered":"https:\/\/pcb.org.br\/portal2\/?p=33681"},"modified":"2026-02-27T21:37:37","modified_gmt":"2026-02-28T00:37:37","slug":"nao-e-a-chuva-e-o-sistema","status":"publish","type":"post","link":"https:\/\/pcb.org.br\/portal2\/33681","title":{"rendered":"N\u00e3o \u00e9 a chuva! \u00c9 o sistema!"},"content":{"rendered":"<p><img data-recalc-dims=\"1\" loading=\"lazy\" decoding=\"async\" data-attachment-id=\"33682\" data-permalink=\"https:\/\/pcb.org.br\/portal2\/33681\/image-7-9\" data-orig-file=\"https:\/\/i0.wp.com\/pcb.org.br\/portal2\/wp-content\/uploads\/2026\/02\/image-7.png?fit=642%2C687&amp;ssl=1\" data-orig-size=\"642,687\" data-comments-opened=\"0\" data-image-meta=\"{&quot;aperture&quot;:&quot;0&quot;,&quot;credit&quot;:&quot;&quot;,&quot;camera&quot;:&quot;&quot;,&quot;caption&quot;:&quot;&quot;,&quot;created_timestamp&quot;:&quot;0&quot;,&quot;copyright&quot;:&quot;&quot;,&quot;focal_length&quot;:&quot;0&quot;,&quot;iso&quot;:&quot;0&quot;,&quot;shutter_speed&quot;:&quot;0&quot;,&quot;title&quot;:&quot;&quot;,&quot;orientation&quot;:&quot;0&quot;}\" data-image-title=\"image (7)\" data-image-description=\"\" data-image-caption=\"\" data-large-file=\"https:\/\/i0.wp.com\/pcb.org.br\/portal2\/wp-content\/uploads\/2026\/02\/image-7.png?fit=642%2C687&amp;ssl=1\" class=\"alignnone size-full wp-image-33682\" src=\"https:\/\/i0.wp.com\/pcb.org.br\/portal2\/wp-content\/uploads\/2026\/02\/image-7.png?resize=642%2C687&#038;ssl=1\" alt=\"\" width=\"642\" height=\"687\" srcset=\"https:\/\/i0.wp.com\/pcb.org.br\/portal2\/wp-content\/uploads\/2026\/02\/image-7.png?w=642&amp;ssl=1 642w, https:\/\/i0.wp.com\/pcb.org.br\/portal2\/wp-content\/uploads\/2026\/02\/image-7.png?resize=280%2C300&amp;ssl=1 280w\" sizes=\"auto, (max-width: 642px) 100vw, 642px\" \/><!--more--><\/p>\n<p>Nota de solidariedade \u00e0 popula\u00e7\u00e3o atingida pelos efeitos da Crise Clim\u00e1tica na Zona da Mata Mineira<\/p>\n<p>Partido Comunista Brasileiro \u2013 Juiz de Fora\/MG<\/p>\n<p>A manh\u00e3 de 24 de fevereiro foi de intensa dor e apreens\u00e3o na Zona da Mata Mineira, principalmente nos munic\u00edpios de Juiz de Fora, Matias Barbosa e Ub\u00e1. Uma intensa concentra\u00e7\u00e3o de chuvas desde o dia anterior, e parte da madrugada, provocou deslizamentos, alagamentos e transbordamento de rios, provocando destrui\u00e7\u00e3o, dezenas de v\u00edtimas fatais, desaparecidos e milhares de desabrigados. Mesmo ap\u00f3s intenso trabalho de limpeza e remo\u00e7\u00e3o, ainda existem pontos com grande quantidade de dejetos acumulados, resultando na interdi\u00e7\u00e3o de vias e prolongando o sofrimento de fam\u00edlias que tiveram seu cotidiano inviabilizado.<\/p>\n<p>Chamamos de crise clim\u00e1tica, pois o fator imediatamente causador dos desastres foi a intensa chuva concentrada, mas \u00e9 importante identificar responsabilidades humanas e do sistema capitalista nas causas da trag\u00e9dia. S\u00e3o abundantes as pesquisas que apontam como os eventos clim\u00e1ticos cada vez mais catastr\u00f3ficos t\u00eam liga\u00e7\u00e3o com o modo de produ\u00e7\u00e3o que esgota os recursos, produz polui\u00e7\u00e3o e lixo, comprometendo irreversivelmente o equil\u00edbrio ecol\u00f3gico. De forma imediatamente relacionada \u00e0 deteriora\u00e7\u00e3o dos locais de moradia, a ocupa\u00e7\u00e3o urbana atende interesses da renda imobili\u00e1ria, e n\u00e3o as necessidades do povo. Al\u00e9m da especula\u00e7\u00e3o, o incha\u00e7o de determinadas \u00e1reas sobrecarrega a rede de \u00e1gua e esgoto, impermeabiliza o solo, concentra ve\u00edculos e poluentes; ao mesmo tempo, expulsa parcelas da classe trabalhadora para \u00e1reas de risco, sofrendo de forma potencializada as consequ\u00eancias desse processo. Encostas de morros, matas ciliares, nascentes, a fauna e a flora, ficam impedidas de cumprir seu papel de restauradores naturais das condi\u00e7\u00f5es ambientais.<\/p>\n<p>\u00c0s consequ\u00eancias clim\u00e1ticas de um sistema economicamente predat\u00f3rio e socialmente explorador, somam-se as decis\u00f5es e pr\u00e1ticas dos representantes pol\u00edticos das fra\u00e7\u00f5es burguesas. A extrema direita favorece o avan\u00e7o da explora\u00e7\u00e3o destrutiva, ao mesmo tempo em que inviabiliza os instrumentos para lidar com a degrada\u00e7\u00e3o ambiental. Nos \u00faltimos dois anos, o governo privatista de Romeu Zema cortou 96% dos recursos destinados \u00e0 preven\u00e7\u00e3o do impacto das chuvas, com o trabalho dedicado de sua base na ALMG e a comemora\u00e7\u00e3o de seus apoiadores neofascistas.<\/p>\n<p>N\u00f3s do Partido Comunista Brasileiro \u2013 PCB de Juiz de Fora estamos prestando nosso apoio junto \u00e0s brigadas volunt\u00e1rias no aux\u00edlio dos trabalhos de recep\u00e7\u00e3o, triagem e distribui\u00e7\u00e3o de doa\u00e7\u00f5es que a popula\u00e7\u00e3o t\u00eam encaminhado, demonstrando a sensibilidade popular \u00e0s exig\u00eancias do momento. Nossa milit\u00e2ncia se solidariza com o povo da Zona da Mata, colocando-se \u00e0 disposi\u00e7\u00e3o para todas as tarefas que a situa\u00e7\u00e3o apresentar. O capitalismo coloca a exist\u00eancia humana em risco; a pol\u00edtica da direita \u00e9 uma amea\u00e7a \u00e0 vida. A coopera\u00e7\u00e3o da classe trabalhadora organizada salva. Venceremos!<\/p>\n<p>Nota do PCB Atibaia:<\/p>\n<p>Juiz de Fora, Ub\u00e1 e Matias Barbosa n\u00e3o viveram uma \u201cfatalidade\u201d. Viveram o resultado de um sistema que transforma cidade em neg\u00f3cio, moradia em mercadoria e vidas em descart\u00e1veis.<br \/>\nQuando rios transbordam e encostas cedem, n\u00e3o \u00e9 o acaso que escolhe quem perde tudo. \u00c9 a classe social. S\u00e3o sempre os mesmos territ\u00f3rios: periferias, bairros oper\u00e1rios, \u00e1reas sem drenagem, saneamento, infraestrutura e prote\u00e7\u00e3o do Estado.<\/p>\n<p>Quem morre, quem perde casa, quem vira desabrigado \u00e9, majoritariamente, trabalhador, pobre, negro, perif\u00e9rico. A cidade n\u00e3o \u00e9 neutra: \u00e9 planejada para proteger uns e expor outros. Ela distribui risco como pol\u00edtica p\u00fablica.<br \/>\nEm Juiz de Fora, a destrui\u00e7\u00e3o se espalhou onde sempre faltou Estado: Parque Burnier, Vila Olavo Costa, Vila Ideal, JK, Santa Rita. Bairros sem drenagem, saneamento, conten\u00e7\u00e3o de encostas e planejamento urbano adequados. Territ\u00f3rios onde o poder p\u00fablico nunca chegou com pol\u00edtica estrutural, apenas com promessa, abandono e sil\u00eancio.<br \/>\nEm Ub\u00e1, o rio revelou d\u00e9cadas de descaso. A cidade cresceu sem planejamento, guiada pelos interesses da ind\u00fastria e do capital, sem compromisso com a seguran\u00e7a da popula\u00e7\u00e3o. Casas ru\u00edram, im\u00f3veis desabaram, bairros oper\u00e1rios foram devastados. N\u00e3o foi a \u00e1gua que destruiu a cidade, foi um modelo urbano constru\u00eddo sem povo e contra o povo.<br \/>\nEm Matias Barbosa, o decreto de calamidade p\u00fablica apenas oficializa o que a popula\u00e7\u00e3o j\u00e1 sabe: viver em \u00e1rea de risco virou regra para quem n\u00e3o pode pagar por seguran\u00e7a. Encostas, margens de rios e territ\u00f3rios inst\u00e1veis tornaram-se o destino imposto \u00e0 popula\u00e7\u00e3o de baixa renda, enquanto \u00e1reas protegidas s\u00e3o cercadas por muros, condom\u00ednios e propriedades ociosas.<\/p>\n<p>Na Zona da Mata, os n\u00fameros n\u00e3o s\u00e3o estat\u00edstica fria: s\u00e3o vidas interrompidas, fam\u00edlias destru\u00eddas, comunidades dilaceradas. Mortos, desaparecidos, desabrigados, casas soterradas, bairros devastados.<\/p>\n<p>A chuva \u00e9 natural.<br \/>\nA trag\u00e9dia n\u00e3o.<br \/>\nA trag\u00e9dia \u00e9 pol\u00edtica.<br \/>\nA morte \u00e9 pol\u00edtica.<br \/>\nO risco \u00e9 pol\u00edtico.<br \/>\nNossa luta \u00e9 pela vida.<br \/>\nNossa trincheira \u00e9 o territ\u00f3rio.<br \/>\nNossa for\u00e7a \u00e9 a organiza\u00e7\u00e3o.<br \/>\nPelo direito \u00e0 cidade.<br \/>\nPela dignidade.<br \/>\nPela moradia.<br \/>\nPelo poder popular.<br \/>\nPorque n\u00e3o \u00e9 a chuva que mata.<br \/>\n\u00c9 o sistema.<\/p>\n","protected":false},"excerpt":{"rendered":"<a class=\"moretag\" href=\"https:\/\/pcb.org.br\/portal2\/33681\"> <\/a>","protected":false},"author":8,"featured_media":0,"comment_status":"closed","ping_status":"closed","sticky":false,"template":"","format":"standard","meta":{"jetpack_post_was_ever_published":false,"_jetpack_newsletter_access":"","_jetpack_dont_email_post_to_subs":false,"_jetpack_newsletter_tier_id":0,"_jetpack_memberships_contains_paywalled_content":false,"_jetpack_memberships_contains_paid_content":false,"footnotes":"","jetpack_publicize_message":"","jetpack_publicize_feature_enabled":true,"jetpack_social_post_already_shared":true,"jetpack_social_options":{"image_generator_settings":{"template":"highway","default_image_id":0,"font":"","enabled":false},"version":2}},"categories":[207],"tags":[225],"class_list":["post-33681","post","type-post","status-publish","format-standard","hentry","category-lutas-nos-estados","tag-4a"],"jetpack_publicize_connections":[],"jetpack_featured_media_url":"","jetpack_shortlink":"https:\/\/wp.me\/p659gw-8Lf","jetpack-related-posts":[],"jetpack_likes_enabled":true,"jetpack_sharing_enabled":true,"_links":{"self":[{"href":"https:\/\/pcb.org.br\/portal2\/wp-json\/wp\/v2\/posts\/33681","targetHints":{"allow":["GET"]}}],"collection":[{"href":"https:\/\/pcb.org.br\/portal2\/wp-json\/wp\/v2\/posts"}],"about":[{"href":"https:\/\/pcb.org.br\/portal2\/wp-json\/wp\/v2\/types\/post"}],"author":[{"embeddable":true,"href":"https:\/\/pcb.org.br\/portal2\/wp-json\/wp\/v2\/users\/8"}],"replies":[{"embeddable":true,"href":"https:\/\/pcb.org.br\/portal2\/wp-json\/wp\/v2\/comments?post=33681"}],"version-history":[{"count":1,"href":"https:\/\/pcb.org.br\/portal2\/wp-json\/wp\/v2\/posts\/33681\/revisions"}],"predecessor-version":[{"id":33683,"href":"https:\/\/pcb.org.br\/portal2\/wp-json\/wp\/v2\/posts\/33681\/revisions\/33683"}],"wp:attachment":[{"href":"https:\/\/pcb.org.br\/portal2\/wp-json\/wp\/v2\/media?parent=33681"}],"wp:term":[{"taxonomy":"category","embeddable":true,"href":"https:\/\/pcb.org.br\/portal2\/wp-json\/wp\/v2\/categories?post=33681"},{"taxonomy":"post_tag","embeddable":true,"href":"https:\/\/pcb.org.br\/portal2\/wp-json\/wp\/v2\/tags?post=33681"}],"curies":[{"name":"wp","href":"https:\/\/api.w.org\/{rel}","templated":true}]}}