{"id":33728,"date":"2026-03-17T12:47:41","date_gmt":"2026-03-17T15:47:41","guid":{"rendered":"https:\/\/pcb.org.br\/portal2\/?p=33728"},"modified":"2026-03-17T12:47:41","modified_gmt":"2026-03-17T15:47:41","slug":"tulio-lopes-pre-candidato-do-pcb-ao-governo-de-mg","status":"publish","type":"post","link":"https:\/\/pcb.org.br\/portal2\/33728","title":{"rendered":"T\u00falio Lopes: pr\u00e9-candidato do PCB ao Governo de MG"},"content":{"rendered":"<p><img data-recalc-dims=\"1\" loading=\"lazy\" decoding=\"async\" data-attachment-id=\"33729\" data-permalink=\"https:\/\/pcb.org.br\/portal2\/33728\/image-43\" data-orig-file=\"https:\/\/i0.wp.com\/pcb.org.br\/portal2\/wp-content\/uploads\/2026\/03\/image.jpeg?fit=542%2C542&amp;ssl=1\" data-orig-size=\"542,542\" data-comments-opened=\"0\" data-image-meta=\"{&quot;aperture&quot;:&quot;0&quot;,&quot;credit&quot;:&quot;&quot;,&quot;camera&quot;:&quot;&quot;,&quot;caption&quot;:&quot;&quot;,&quot;created_timestamp&quot;:&quot;0&quot;,&quot;copyright&quot;:&quot;&quot;,&quot;focal_length&quot;:&quot;0&quot;,&quot;iso&quot;:&quot;0&quot;,&quot;shutter_speed&quot;:&quot;0&quot;,&quot;title&quot;:&quot;&quot;,&quot;orientation&quot;:&quot;0&quot;}\" data-image-title=\"image\" data-image-description=\"\" data-image-caption=\"\" data-large-file=\"https:\/\/i0.wp.com\/pcb.org.br\/portal2\/wp-content\/uploads\/2026\/03\/image.jpeg?fit=542%2C542&amp;ssl=1\" class=\"alignnone size-full wp-image-33729\" src=\"https:\/\/i0.wp.com\/pcb.org.br\/portal2\/wp-content\/uploads\/2026\/03\/image.jpeg?resize=542%2C542&#038;ssl=1\" alt=\"\" width=\"542\" height=\"542\" srcset=\"https:\/\/i0.wp.com\/pcb.org.br\/portal2\/wp-content\/uploads\/2026\/03\/image.jpeg?w=542&amp;ssl=1 542w, https:\/\/i0.wp.com\/pcb.org.br\/portal2\/wp-content\/uploads\/2026\/03\/image.jpeg?resize=300%2C300&amp;ssl=1 300w, https:\/\/i0.wp.com\/pcb.org.br\/portal2\/wp-content\/uploads\/2026\/03\/image.jpeg?resize=150%2C150&amp;ssl=1 150w\" sizes=\"auto, (max-width: 542px) 100vw, 542px\" \/><!--more--><\/p>\n<p>JORNAL O PODER POPULAR<\/p>\n<p>&nbsp;<\/p>\n<p>O Comit\u00ea Regional do Partido Comunista Brasileiro (PCB) lan\u00e7ou, em dezembro de 2025, a pr\u00e9-candidatura do camarada T\u00falio Lopes ao Governo de Minas Gerais. A defini\u00e7\u00e3o pela pr\u00e9-candidatura parte da necessidade hist\u00f3rica de construir uma alternativa popular e de esquerda vinculada direta e organicamente \u00e0s lutas dos\/as servidores\/as p\u00fablicos\/as estaduais, da juventude e do povo trabalhador mineiro.<\/p>\n<p>O PCB mant\u00e9m uma posi\u00e7\u00e3o de independ\u00eancia de classe e combate aos projetos neoliberais e sociais liberais de sucessivos governos mineiros. Estivemos na linha de frente no enfrentamento ao Governo de Romeu Zema (NOVO) desde seu primeiro mandato, que se iniciou em 2019. Identificamos corretamente que se tratava de um governo ultraliberal e autorit\u00e1rio e que dever\u00edamos fazer oposi\u00e7\u00e3o construindo lutas, mobiliza\u00e7\u00f5es, paralisa\u00e7\u00f5es e greves, enquanto parte da esquerda mineira buscava compor com Zema uma \u201cfrente ampla\u201d contra Bolsonaro.<\/p>\n<p>Rejeitamos a pol\u00edtica de concilia\u00e7\u00e3o de classes e da constru\u00e7\u00e3o de uma frente ampla com setores da direita, assim como pol\u00edticas sect\u00e1rias e esquerdistas que n\u00e3o compreendem o papel de Zema e da extrema-direita em Minas e no Brasil. Hoje, essa pol\u00edtica se traduz na pr\u00e9-candidatura do camarada T\u00falio, atual Secret\u00e1rio Nacional de Juventude do Partido Comunista Brasileiro (PCB) e Secret\u00e1rio Pol\u00edtico do PCB em Minas Gerais. Atualmente, T\u00falio \u00e9 professor efetivo da UEMG \u2013 Unidade Divin\u00f3polis, presidente da ADUEMG e uma das principais lideran\u00e7as da luta dos servidores p\u00fablicos estaduais contra as pol\u00edticas privatistas do governo Zema.<\/p>\n<p>O Programa do PCB para a classe trabalhadora, a juventude e o povo trabalhador mineiro ter\u00e1 como eixos principais:<\/p>\n<p>Eixo I \u2014 Por um Governo dos trabalhadores e trabalhadoras! Apontamos a necessidade de conformarmos um governo dos trabalhadores e que a riqueza de Minas deve servir a quem nela vive e trabalha. O min\u00e9rio tem que ser nosso e precisamos de um novo modelo de minera\u00e7\u00e3o. Governar para o povo trabalhador mineiro!<\/p>\n<p>Eixo II \u2014 Minas para quem trabalha e para quem quer trabalhar! Afirmamos que educa\u00e7\u00e3o, transporte, seguran\u00e7a, cultura, ci\u00eancia e direitos humanos s\u00e3o direitos fundamentais e devem ser assegurados pelo Estado em um Governo dos(as) Trabalhadores(as), contrapondo e enfrentando a l\u00f3gica que transforma direitos em mercadoria.<\/p>\n<p>Eixo III \u2014 Planejar a economia para o povo trabalhador! Defendemos o planejamento econ\u00f4mico como arma pol\u00edtica da classe trabalhadora. Nele se articulam planejamento econ\u00f4mico popular, auditoria da d\u00edvida, or\u00e7amento popular, reforma agr\u00e1ria popular, cria\u00e7\u00e3o de empresas p\u00fablicas como a AgroMG e o desenvolvimento econ\u00f4mico sob controle popular, recolocando a produ\u00e7\u00e3o a servi\u00e7o da vida, e n\u00e3o do lucro.<\/p>\n<p>Eixo IV \u2014 Defender a natureza e a vida em Minas! N\u00e3o h\u00e1 justi\u00e7a social sem defesa do territ\u00f3rio e da vida. A destrui\u00e7\u00e3o ambiental n\u00e3o \u00e9 acidente, \u00e9 projeto. Por isso, enfrentaremos diretamente o modelo predat\u00f3rio de extrativismo e de gest\u00e3o ambiental vigente no estado e defenderemos a vida na luta contra as opress\u00f5es, pelos direitos das mulheres, dos povos origin\u00e1rios, dos ribeirinhos, dos quilombolas, da popula\u00e7\u00e3o LGBTQIAPN+ e contra o genoc\u00eddio da popula\u00e7\u00e3o negra.<\/p>\n<p>Eixo V \u2014 Poder Popular! Sem organiza\u00e7\u00e3o popular, nada muda. Propomos a cria\u00e7\u00e3o de conselhos populares na perspectiva da estrutura\u00e7\u00e3o de novas formas de participa\u00e7\u00e3o popular, possibilitando a fiscaliza\u00e7\u00e3o, veto e enfrentamento aos interesses do poder econ\u00f4mico.<\/p>\n<p>Nossa pr\u00e9-campanha ser\u00e1 um movimento pelo poder popular que buscar\u00e1 fortalecer a organiza\u00e7\u00e3o e luta do movimento sindical, popular, cultural e da juventude de Minas Gerais. Para isso, estamos formando Comit\u00eas Populares em todas \u00e0s regi\u00f5es do estado. Para acompanhar de perto essa luta, \u00e9 s\u00f3 seguir pelas redes sociais @pcbminasgerais e @tuliolopesmg.<\/p>\n<p>&nbsp;<\/p>\n<p>Quem \u00e9 T\u00falio Lopes?<\/p>\n<p>&nbsp;<\/p>\n<p>T\u00falio C\u00e9sar Dias Lopes, nasceu em Belo Horizonte ,\u2013 Minas Gerais, e \u00e9 militante do PCB desde 1999. \u00c9 torcedor do Am\u00e9rica Mineiro e Presidente do Prolet\u00e1rios Futebol Popular, time de futebol amador de Divin\u00f3polis. Foi candidato ao Governo do Estado de Minas Gerais em 2014 e ao Senado Federal em 2018, obtendo uma vota\u00e7\u00e3o hist\u00f3rica de mais de 90 mil votos.<\/p>\n<p>&nbsp;<\/p>\n<p>T\u00falio \u00e9 almoxarife, t\u00e9cnico em contabilidade, graduado em Hist\u00f3ria, especialista em Hist\u00f3ria e Cultura Pol\u00edtica, Mestre e Doutor em Educa\u00e7\u00e3o. J\u00e1 foi estagi\u00e1rio em T\u00e9cnico em Contabilidade na Companhia Vale do Rio Doce (CVRD), almoxarife no Hospital Belo Horizonte e professor das Redes Municipais de Contagem Vespasiano e da Rede Estadual em Belo Horizonte. Foi professor na Faculdade de Pol\u00edticas P\u00fablicas Tancredo Neves da UEMG \u2013 Belo Horizonte, na UEMG \u2013 Unidade Ibirit\u00e9 e na Universidade Federal dos Vales do Jequitinhonha e Mucuri (UFVJM \u2013 Diamantina).<\/p>\n<p>&nbsp;<\/p>\n<p>Na juventude, atuou no Movimento Estudantil secundarista integrando a Uni\u00e3o Municipal dos Estudantes Secundaristas de Belo Horizonte (UMES-BH) e formando Gr\u00eamios Estudantis. Participou do Centro Acad\u00eamico de Hist\u00f3ria (CAHIS-UFOP) e das atividades dae Federa\u00e7\u00e3o do Movimento Estudantil de Hist\u00f3ria (FEMEH). Al\u00e9m disso, foi coordenador geral do DCE UFOP e Secret\u00e1rio Geral da Uni\u00e3o Estadual dos Estudantes \u2013 UEE-MG.<\/p>\n<p>&nbsp;<\/p>\n<p>Participou do Movimento Popular e Comunit\u00e1rio em Belo Horizonte, foi diretor da Associa\u00e7\u00e3o dos Moradores do Bairro da Gra\u00e7a e participou do Comit\u00ea Mineiro do F\u00f3rum Social Mundial (FSM), participando de atividades em Belo Horizonte, Porto Alegre, Bel\u00e9m do Par\u00e1 e Salvador.<\/p>\n<p>&nbsp;<\/p>\n<p>No movimento sindical fez parte da primeira coordena\u00e7\u00e3o nacional da corrente sindical Unidade Classista, vinculada a Federa\u00e7\u00e3o Sindical Mundial (FSM). Foi conselheiro do SINDUTE-Subsede Contagem e do SINDUTE-MG. Participou da funda\u00e7\u00e3o da Associa\u00e7\u00e3o dos Docentes da UEMG \u2013 ADUEMG \u2013 Se\u00e7\u00e3o Sindical do ANDES-SN.<\/p>\n<p>&nbsp;<\/p>\n<p>No PCB, j\u00e1 assumiu a tarefa de secret\u00e1rio-geral da Uni\u00e3o da Juventude Comunista (UJC), participando de atividades da Federa\u00e7\u00e3o Mundial das Juventudes Democr\u00e1ticas (FMJD) em diversos pa\u00edses, como na \u00c1frica do Sul, Cuba Socialista, Chile, Col\u00f4mbia, Chipre, Inglaterra, R\u00fassia e Venezuela Bolivariana. Hoje \u00e9 Secret\u00e1rio Nacional de Juventude do PCB, Secret\u00e1rio Pol\u00edtico do PCB em Minas Gerais e presidente da ADUEMG.<\/p>\n<p>&nbsp;<\/p>\n<p>CONSTRUIR O PODER POPULAR EM MINAS GERAIS!<\/p>\n","protected":false},"excerpt":{"rendered":"<a class=\"moretag\" href=\"https:\/\/pcb.org.br\/portal2\/33728\"> <\/a>","protected":false},"author":8,"featured_media":0,"comment_status":"closed","ping_status":"closed","sticky":false,"template":"","format":"standard","meta":{"jetpack_post_was_ever_published":false,"_jetpack_newsletter_access":"","_jetpack_dont_email_post_to_subs":false,"_jetpack_newsletter_tier_id":0,"_jetpack_memberships_contains_paywalled_content":false,"_jetpack_memberships_contains_paid_content":false,"footnotes":"","jetpack_publicize_message":"","jetpack_publicize_feature_enabled":true,"jetpack_social_post_already_shared":true,"jetpack_social_options":{"image_generator_settings":{"template":"highway","default_image_id":0,"font":"","enabled":false},"version":2}},"categories":[17,389],"tags":[224],"class_list":["post-33728","post","type-post","status-publish","format-standard","hentry","category-s21-eleicoes","category-eleicoes-2026","tag-3b"],"jetpack_publicize_connections":[],"jetpack_featured_media_url":"","jetpack_shortlink":"https:\/\/wp.me\/p659gw-8M0","jetpack-related-posts":[],"jetpack_likes_enabled":true,"jetpack_sharing_enabled":true,"_links":{"self":[{"href":"https:\/\/pcb.org.br\/portal2\/wp-json\/wp\/v2\/posts\/33728","targetHints":{"allow":["GET"]}}],"collection":[{"href":"https:\/\/pcb.org.br\/portal2\/wp-json\/wp\/v2\/posts"}],"about":[{"href":"https:\/\/pcb.org.br\/portal2\/wp-json\/wp\/v2\/types\/post"}],"author":[{"embeddable":true,"href":"https:\/\/pcb.org.br\/portal2\/wp-json\/wp\/v2\/users\/8"}],"replies":[{"embeddable":true,"href":"https:\/\/pcb.org.br\/portal2\/wp-json\/wp\/v2\/comments?post=33728"}],"version-history":[{"count":1,"href":"https:\/\/pcb.org.br\/portal2\/wp-json\/wp\/v2\/posts\/33728\/revisions"}],"predecessor-version":[{"id":33730,"href":"https:\/\/pcb.org.br\/portal2\/wp-json\/wp\/v2\/posts\/33728\/revisions\/33730"}],"wp:attachment":[{"href":"https:\/\/pcb.org.br\/portal2\/wp-json\/wp\/v2\/media?parent=33728"}],"wp:term":[{"taxonomy":"category","embeddable":true,"href":"https:\/\/pcb.org.br\/portal2\/wp-json\/wp\/v2\/categories?post=33728"},{"taxonomy":"post_tag","embeddable":true,"href":"https:\/\/pcb.org.br\/portal2\/wp-json\/wp\/v2\/tags?post=33728"}],"curies":[{"name":"wp","href":"https:\/\/api.w.org\/{rel}","templated":true}]}}