{"id":33757,"date":"2026-04-01T19:54:55","date_gmt":"2026-04-01T22:54:55","guid":{"rendered":"https:\/\/pcb.org.br\/portal2\/?p=33757"},"modified":"2026-04-01T19:54:55","modified_gmt":"2026-04-01T22:54:55","slug":"pre-candidatura-do-pcb-ao-governo-do-maranhao","status":"publish","type":"post","link":"https:\/\/pcb.org.br\/portal2\/33757","title":{"rendered":"Pr\u00e9-candidatura do PCB ao governo do Maranh\u00e3o"},"content":{"rendered":"<p><img data-recalc-dims=\"1\" loading=\"lazy\" decoding=\"async\" data-attachment-id=\"33758\" data-permalink=\"https:\/\/pcb.org.br\/portal2\/33757\/image-7-10\" data-orig-file=\"https:\/\/i0.wp.com\/pcb.org.br\/portal2\/wp-content\/uploads\/2026\/04\/image-7.png?fit=1600%2C1254&amp;ssl=1\" data-orig-size=\"1600,1254\" data-comments-opened=\"0\" data-image-meta=\"{&quot;aperture&quot;:&quot;0&quot;,&quot;credit&quot;:&quot;&quot;,&quot;camera&quot;:&quot;&quot;,&quot;caption&quot;:&quot;&quot;,&quot;created_timestamp&quot;:&quot;0&quot;,&quot;copyright&quot;:&quot;&quot;,&quot;focal_length&quot;:&quot;0&quot;,&quot;iso&quot;:&quot;0&quot;,&quot;shutter_speed&quot;:&quot;0&quot;,&quot;title&quot;:&quot;&quot;,&quot;orientation&quot;:&quot;0&quot;}\" data-image-title=\"image (7)\" data-image-description=\"\" data-image-caption=\"\" data-large-file=\"https:\/\/i0.wp.com\/pcb.org.br\/portal2\/wp-content\/uploads\/2026\/04\/image-7.png?fit=747%2C585&amp;ssl=1\" class=\"alignnone size-large wp-image-33758\" src=\"https:\/\/i0.wp.com\/pcb.org.br\/portal2\/wp-content\/uploads\/2026\/04\/image-7.png?resize=747%2C585&#038;ssl=1\" alt=\"\" width=\"747\" height=\"585\" srcset=\"https:\/\/i0.wp.com\/pcb.org.br\/portal2\/wp-content\/uploads\/2026\/04\/image-7.png?resize=900%2C705&amp;ssl=1 900w, https:\/\/i0.wp.com\/pcb.org.br\/portal2\/wp-content\/uploads\/2026\/04\/image-7.png?resize=300%2C235&amp;ssl=1 300w, https:\/\/i0.wp.com\/pcb.org.br\/portal2\/wp-content\/uploads\/2026\/04\/image-7.png?resize=768%2C602&amp;ssl=1 768w, https:\/\/i0.wp.com\/pcb.org.br\/portal2\/wp-content\/uploads\/2026\/04\/image-7.png?resize=1536%2C1204&amp;ssl=1 1536w, https:\/\/i0.wp.com\/pcb.org.br\/portal2\/wp-content\/uploads\/2026\/04\/image-7.png?w=1600&amp;ssl=1 1600w\" sizes=\"auto, (max-width: 747px) 100vw, 747px\" \/><!--more--><\/p>\n<p><strong>O PCB-MA anuncia a pr\u00e9-candidatura ao Governo do Estado do Maranh\u00e3o com Reginaldo Lima (governador) e Bartolomeu Moreira (vice-governador)<\/strong><\/p>\n<p><strong>Comit\u00ea Regional do PCB Maranh\u00e3o<\/strong><\/p>\n<p>O Partido Comunista Brasileiro no Maranh\u00e3o (PCB-MA) anuncia pr\u00e9-candidatura ao Governo do Estado com Reginaldo Lima \u00e0 frente da chapa e Bartolomeu Moreira como pr\u00e9-candidato a vice-governador. Natural de Imperatriz (MA), Reginaldo Lima, de 43 anos, \u00e9 radialista e j\u00e1 participou do processo eleitoral municipal como candidato a vice-prefeito de Imperatriz. Sua trajet\u00f3ria inclui atua\u00e7\u00e3o no debate p\u00fablico e participa\u00e7\u00e3o em iniciativas voltadas \u00e0 organiza\u00e7\u00e3o social, consolidando sua presen\u00e7a no cen\u00e1rio pol\u00edtico local e ampliando sua proje\u00e7\u00e3o no Estado.<\/p>\n<p>A pr\u00e9-candidatura ao governo estadual se apresenta em um contexto marcado por desafios hist\u00f3ricos no Maranh\u00e3o, como o aprofundamento das desigualdades sociais, a alta concentra\u00e7\u00e3o de terra, as dificuldades no acesso a servi\u00e7os essenciais e a precariza\u00e7\u00e3o das condi\u00e7\u00f5es de vida em diferentes regi\u00f5es. Nesse cen\u00e1rio, o nome de Reginaldo Lima surge inserido em um projeto pol\u00edtico que busca dialogar com trabalhadores e trabalhadoras do campo e da cidade, comunidades tradicionais e setores populares.<\/p>\n<p>Ao seu lado, Bartolomeu Moreira, lideran\u00e7a quilombola de 61 anos, comp\u00f5e a chapa como pr\u00e9-candidato a vice-governador. Com atua\u00e7\u00e3o ligada \u00e0 defesa dos territ\u00f3rios tradicionais, Bartolomeu representa a presen\u00e7a ativa das comunidades quilombolas no debate pol\u00edtico estadual, ampliando a representatividade de segmentos historicamente exclu\u00eddos dos espa\u00e7os de decis\u00e3o.<\/p>\n<p>PROPOSTAS EM CONSTRU\u00c7\u00c3O<\/p>\n<p>O PCB-MA desenvolve programa alinhado \u00e0 luta pelo poder popular e pelo socialismo, com propostas a serem debatidas com a popula\u00e7\u00e3o:<\/p>\n<p>\u2022 Reforma agr\u00e1ria popular: desapropria\u00e7\u00e3o de latif\u00fandios improdutivos, entrega de terra a camponeses acampados, enfrentamento \u00e0 grilagem e \u00e0 concentra\u00e7\u00e3o fundi\u00e1ria.<\/p>\n<p>\u2022 Estatiza\u00e7\u00e3o dos setores essenciais: energia, minera\u00e7\u00e3o, transporte, empresas de \u00e1gua e saneamento b\u00e1sico, cria\u00e7\u00e3o de banco do estado, sob controle social, rompendo com o financiamento p\u00fablicos ao grande capital.<\/p>\n<p>\u2022 Defesa do territ\u00f3rio: combate \u00e0 devasta\u00e7\u00e3o do Cerrado e da Amaz\u00f4nia maranhense pelo agroneg\u00f3cio e minera\u00e7\u00e3o; demarca\u00e7\u00e3o de terras ind\u00edgenas, quilombolas e comunidades tradicionais.<\/p>\n<p>\u2022 Luta das mulheres: enfrentamento ao feminic\u00eddio, amplia\u00e7\u00e3o da rede de prote\u00e7\u00e3o, igualdade salarial, combate ao ass\u00e9dio e garantia de direitos reprodutivos.<\/p>\n<p>\u2022 Combate ao modelo concentrador: oposi\u00e7\u00e3o ao desenvolvimento que gera pobreza e desigualdade; reorganiza\u00e7\u00e3o das prioridades econ\u00f4micas em favor do povo.<\/p>\n<p>\u2022 Redu\u00e7\u00e3o da jornada: revoga\u00e7\u00e3o da escala 6&#215;1 e implementa\u00e7\u00e3o de 30 horas semanais sem redu\u00e7\u00e3o salarial, garantindo qualidade de vida para a classe trabalhadora.<\/p>\n<p>\u2022 Participa\u00e7\u00e3o popular: conselhos populares de gest\u00e3o nas \u00e1reas de sa\u00fade, educa\u00e7\u00e3o, habita\u00e7\u00e3o e seguran\u00e7a, com decis\u00f5es estrat\u00e9gicas sob controle popular.<\/p>\n<p>\u2022 Direitos sociais e infraestrutura: moradia digna, mobilidade urbana e rural, universaliza\u00e7\u00e3o da sa\u00fade e educa\u00e7\u00e3o, com investimentos estatais e valoriza\u00e7\u00e3o do trabalho.<\/p>\n<p>A pr\u00e9-candidatura de Reginaldo Lima e Bartolomeu Moreira constr\u00f3i uma alternativa para o Maranh\u00e3o contra desigualdades, concentra\u00e7\u00e3o de terra, viol\u00eancia contra mulheres, devasta\u00e7\u00e3o ambiental, superexplora\u00e7\u00e3o do trabalho e precariza\u00e7\u00e3o dos servi\u00e7os p\u00fablicos. Propostas ser\u00e3o aprofundadas por meio de debates a serem realizados com movimentos sociais, sindicatos e trabalhadores do campo e da cidade.<\/p>\n<p><strong>PELA CONSTRU\u00c7\u00c3O DO PODER POPULAR NO MARANH\u00c3O!<\/strong><\/p>\n","protected":false},"excerpt":{"rendered":"<a class=\"moretag\" href=\"https:\/\/pcb.org.br\/portal2\/33757\"> <\/a>","protected":false},"author":8,"featured_media":0,"comment_status":"closed","ping_status":"closed","sticky":false,"template":"","format":"standard","meta":{"jetpack_post_was_ever_published":false,"_jetpack_newsletter_access":"","_jetpack_dont_email_post_to_subs":false,"_jetpack_newsletter_tier_id":0,"_jetpack_memberships_contains_paywalled_content":false,"_jetpack_memberships_contains_paid_content":false,"footnotes":"","jetpack_publicize_message":"","jetpack_publicize_feature_enabled":true,"jetpack_social_post_already_shared":true,"jetpack_social_options":{"image_generator_settings":{"template":"highway","default_image_id":0,"font":"","enabled":false},"version":2}},"categories":[17,389,207],"tags":[224],"class_list":["post-33757","post","type-post","status-publish","format-standard","hentry","category-s21-eleicoes","category-eleicoes-2026","category-lutas-nos-estados","tag-3b"],"jetpack_publicize_connections":[],"jetpack_featured_media_url":"","jetpack_shortlink":"https:\/\/wp.me\/p659gw-8Mt","jetpack-related-posts":[],"jetpack_likes_enabled":true,"jetpack_sharing_enabled":true,"_links":{"self":[{"href":"https:\/\/pcb.org.br\/portal2\/wp-json\/wp\/v2\/posts\/33757","targetHints":{"allow":["GET"]}}],"collection":[{"href":"https:\/\/pcb.org.br\/portal2\/wp-json\/wp\/v2\/posts"}],"about":[{"href":"https:\/\/pcb.org.br\/portal2\/wp-json\/wp\/v2\/types\/post"}],"author":[{"embeddable":true,"href":"https:\/\/pcb.org.br\/portal2\/wp-json\/wp\/v2\/users\/8"}],"replies":[{"embeddable":true,"href":"https:\/\/pcb.org.br\/portal2\/wp-json\/wp\/v2\/comments?post=33757"}],"version-history":[{"count":1,"href":"https:\/\/pcb.org.br\/portal2\/wp-json\/wp\/v2\/posts\/33757\/revisions"}],"predecessor-version":[{"id":33759,"href":"https:\/\/pcb.org.br\/portal2\/wp-json\/wp\/v2\/posts\/33757\/revisions\/33759"}],"wp:attachment":[{"href":"https:\/\/pcb.org.br\/portal2\/wp-json\/wp\/v2\/media?parent=33757"}],"wp:term":[{"taxonomy":"category","embeddable":true,"href":"https:\/\/pcb.org.br\/portal2\/wp-json\/wp\/v2\/categories?post=33757"},{"taxonomy":"post_tag","embeddable":true,"href":"https:\/\/pcb.org.br\/portal2\/wp-json\/wp\/v2\/tags?post=33757"}],"curies":[{"name":"wp","href":"https:\/\/api.w.org\/{rel}","templated":true}]}}