{"id":33773,"date":"2026-04-03T07:19:34","date_gmt":"2026-04-03T10:19:34","guid":{"rendered":"https:\/\/pcb.org.br\/portal2\/?p=33773"},"modified":"2026-04-03T21:45:12","modified_gmt":"2026-04-04T00:45:12","slug":"opp-104-socialismo-ou-barbarie","status":"publish","type":"post","link":"https:\/\/pcb.org.br\/portal2\/33773","title":{"rendered":"OPP 104:  SOCIALISMO OU BARB\u00c1RIE"},"content":{"rendered":"<p><img decoding=\"async\" class=\"imagem\" title=\"imagem\" src=\"https:\/\/lh3.googleusercontent.com\/pw\/AP1GczOko1FyZ39Yq7laE6AmrmwOdxRdn9JLrVHjrKkKywXMUtMw-J7Smt2XE9EsjkUTXjtlAljy7gatm9ECPow5jUz9AOLusuAsIJRMOjp0Yg2rwvUOvibPoZ-DD3iJ-TRi7BneXWAmSVFVvIpmaiyLXRDFlg=w665-h940-s-no?authuser=0\" alt=\"imagem\" \/><!--more--> BASTA DE AGRESS\u00d5ES IMPERIALISTAS AOS POVOS DO MUNDO!<\/p>\n<p>O PODER POPULAR N\u00ba 104 (ABRIL 2026 \u2013 EDI\u00c7\u00c3O MENSAL)<\/p>\n<p>Mat\u00e9rias:<\/p>\n<p>P\u00e1g. 2 \u2013 Editorial: Socialismo ou barb\u00e1rie<\/p>\n<p>P\u00e1g. 3 \u2013 Movimento Popular: a luta pela moradia no Brasil<\/p>\n<p>P\u00e1g. 4 \u2013 Unidade Classista: Petr\u00f3leo brasileiro para Cuba j\u00e1!<\/p>\n<p>P\u00e1g. 5 \u2013 UJC: \u00c9 tempo de cortar o mal pela raiz!<\/p>\n<p>P\u00e1g. 6 e 7 \u2013 Edmilson Costa \u2013 o pr\u00e9-candidato do Poder Popular<\/p>\n<p>P\u00e1g. 8 e 9 \u2013 Greg\u00f3rio Bezerra: 126 anos do homem de ferro e flor<\/p>\n<p>P\u00e1g. 10 \u2013 Pr\u00e9-candidatura do PCB no Maranh\u00e3o<\/p>\n<p>P\u00e1g. 11 \u2013 Palestina Livre \u2013 Pris\u00f5es israelenses, o inferno na terra (Vijay Prashad e Ubai al-Aboudi)<\/p>\n<p>P\u00e1g. 12 \u2013 Livro \u201cPCB 100 anos de hist\u00f3ria e lutas\u201d \u2013 Editorial Vit\u00f3ria<\/p>\n<p>Conselho Editorial (Comiss\u00e3o Nacional de Comunica\u00e7\u00e3o do PCB): Edmilson Costa, Ant\u00f4nio Lima Jr., Fabio Bezerra, Lucas Silva MTB 0092795, Nath\u00e1lia Mozer, Ricardo Costa, Roberto Arrais (jornalista respons\u00e1vel \u2013 985\/DRT \u2013 FENAJ).<\/p>\n<p>Colaboradores desta edi\u00e7\u00e3o: Comiss\u00e3o Pol\u00edtica Nacional do PCB, Coordena\u00e7\u00e3o Nacional da Unidade Classista, Comit\u00ea Regional do PCB &#8211; MA, Eduardo Serra, Edmilson Costa, Funda\u00e7\u00e3o Dinarco Reis, Roberto Arrais, Victor Hugo Arona, Vijay Prashad e Ubai al-Aboudi.<\/p>\n<hr \/>\n<div align=\"center\">\n<p>Leitura:<\/p>\n<p><a href=\"https:\/\/drive.google.com\/file\/d\/1n79AauJ3PMO6Zm7Ztf5ckOtdb2qKAnd2\/view\" target=\"_blank\" rel=\"noopener\"><img loading=\"lazy\" decoding=\"async\" class=\"\" src=\"https:\/\/i0.wp.com\/pcb.org.br\/portal\/images\/stories\/download1.png?resize=48%2C48\" width=\"48\" height=\"48\" \/><\/a><\/p>\n<hr \/>\n<p>Impress\u00e3o:<\/p>\n<p><a href=\"https:\/\/drive.google.com\/file\/d\/1pGNrzAqy9lXmMyFf6O0XmWsYYcT1iNXp\/view\"><img loading=\"lazy\" decoding=\"async\" class=\"\" src=\"https:\/\/i0.wp.com\/pcb.org.br\/portal\/images\/stories\/download1.png?resize=48%2C48\" width=\"48\" height=\"48\" \/><\/a><\/p>\n<\/div>\n","protected":false},"excerpt":{"rendered":"<a class=\"moretag\" href=\"https:\/\/pcb.org.br\/portal2\/33773\"> <\/a>","protected":false},"author":1,"featured_media":0,"comment_status":"closed","ping_status":"closed","sticky":false,"template":"","format":"standard","meta":{"jetpack_post_was_ever_published":false,"_jetpack_newsletter_access":"","_jetpack_dont_email_post_to_subs":false,"_jetpack_newsletter_tier_id":0,"_jetpack_memberships_contains_paywalled_content":false,"_jetpack_memberships_contains_paid_content":false,"footnotes":"","jetpack_publicize_message":"","jetpack_publicize_feature_enabled":true,"jetpack_social_post_already_shared":true,"jetpack_social_options":{"image_generator_settings":{"template":"highway","default_image_id":0,"font":"","enabled":false},"version":2}},"categories":[1,140],"tags":[233,229],"class_list":["post-33773","post","type-post","status-publish","format-standard","hentry","category-geral","category-c140-jornal-o-poder-popular","tag-6a","tag-opprecente"],"jetpack_publicize_connections":[],"jetpack_featured_media_url":"","jetpack_shortlink":"https:\/\/wp.me\/p659gw-8MJ","jetpack-related-posts":[],"jetpack_likes_enabled":true,"jetpack_sharing_enabled":true,"_links":{"self":[{"href":"https:\/\/pcb.org.br\/portal2\/wp-json\/wp\/v2\/posts\/33773","targetHints":{"allow":["GET"]}}],"collection":[{"href":"https:\/\/pcb.org.br\/portal2\/wp-json\/wp\/v2\/posts"}],"about":[{"href":"https:\/\/pcb.org.br\/portal2\/wp-json\/wp\/v2\/types\/post"}],"author":[{"embeddable":true,"href":"https:\/\/pcb.org.br\/portal2\/wp-json\/wp\/v2\/users\/1"}],"replies":[{"embeddable":true,"href":"https:\/\/pcb.org.br\/portal2\/wp-json\/wp\/v2\/comments?post=33773"}],"version-history":[{"count":2,"href":"https:\/\/pcb.org.br\/portal2\/wp-json\/wp\/v2\/posts\/33773\/revisions"}],"predecessor-version":[{"id":33776,"href":"https:\/\/pcb.org.br\/portal2\/wp-json\/wp\/v2\/posts\/33773\/revisions\/33776"}],"wp:attachment":[{"href":"https:\/\/pcb.org.br\/portal2\/wp-json\/wp\/v2\/media?parent=33773"}],"wp:term":[{"taxonomy":"category","embeddable":true,"href":"https:\/\/pcb.org.br\/portal2\/wp-json\/wp\/v2\/categories?post=33773"},{"taxonomy":"post_tag","embeddable":true,"href":"https:\/\/pcb.org.br\/portal2\/wp-json\/wp\/v2\/tags?post=33773"}],"curies":[{"name":"wp","href":"https:\/\/api.w.org\/{rel}","templated":true}]}}