{"id":33816,"date":"2026-04-25T19:31:07","date_gmt":"2026-04-25T22:31:07","guid":{"rendered":"https:\/\/pcb.org.br\/portal2\/?p=33816"},"modified":"2026-04-25T19:31:07","modified_gmt":"2026-04-25T22:31:07","slug":"lancamento-da-pre-candidatura-de-edmilson-costa","status":"publish","type":"post","link":"https:\/\/pcb.org.br\/portal2\/33816","title":{"rendered":"Lan\u00e7amento da pr\u00e9-candidatura de Edmilson Costa"},"content":{"rendered":"<p><img data-recalc-dims=\"1\" loading=\"lazy\" decoding=\"async\" data-attachment-id=\"33817\" data-permalink=\"https:\/\/pcb.org.br\/portal2\/33816\/image-47\" data-orig-file=\"https:\/\/i0.wp.com\/pcb.org.br\/portal2\/wp-content\/uploads\/2026\/04\/image-2.png?fit=512%2C640&amp;ssl=1\" data-orig-size=\"512,640\" data-comments-opened=\"0\" data-image-meta=\"{&quot;aperture&quot;:&quot;0&quot;,&quot;credit&quot;:&quot;&quot;,&quot;camera&quot;:&quot;&quot;,&quot;caption&quot;:&quot;&quot;,&quot;created_timestamp&quot;:&quot;0&quot;,&quot;copyright&quot;:&quot;&quot;,&quot;focal_length&quot;:&quot;0&quot;,&quot;iso&quot;:&quot;0&quot;,&quot;shutter_speed&quot;:&quot;0&quot;,&quot;title&quot;:&quot;&quot;,&quot;orientation&quot;:&quot;0&quot;}\" data-image-title=\"image\" data-image-description=\"\" data-image-caption=\"\" data-large-file=\"https:\/\/i0.wp.com\/pcb.org.br\/portal2\/wp-content\/uploads\/2026\/04\/image-2.png?fit=512%2C640&amp;ssl=1\" class=\"alignnone size-full wp-image-33817\" src=\"https:\/\/i0.wp.com\/pcb.org.br\/portal2\/wp-content\/uploads\/2026\/04\/image-2.png?resize=512%2C640&#038;ssl=1\" alt=\"\" width=\"512\" height=\"640\" srcset=\"https:\/\/i0.wp.com\/pcb.org.br\/portal2\/wp-content\/uploads\/2026\/04\/image-2.png?w=512&amp;ssl=1 512w, https:\/\/i0.wp.com\/pcb.org.br\/portal2\/wp-content\/uploads\/2026\/04\/image-2.png?resize=240%2C300&amp;ssl=1 240w\" sizes=\"auto, (max-width: 512px) 100vw, 512px\" \/><!--more--><\/p>\n<p>O Partido Comunista Brasileiro (PCB) convida para o lan\u00e7amento da pr\u00e9-candidatura do camarada Edmilson Costa \u00e0 presid\u00eancia da Rep\u00fablica, juntamente com a apresenta\u00e7\u00e3o da Plataforma dos Comunistas para o Rio de Janeiro.<\/p>\n<p>Em uma conjuntura marcada por adversidades e desafios profundos, o PCB apresenta \u00e0 sociedade \u2014 em especial \u00e0 classe trabalhadora \u2014 uma alternativa comunista aos problemas conjunturais e estruturais do nosso tempo.<\/p>\n<p>Nossa pr\u00e9-candidatura e nossa plataforma nascem do compromisso com as lutas concretas do povo: com os trabalhadores e trabalhadoras, com a juventude, com as periferias e favelas e com os movimentos sociais e sindicais. E ainda, em di\u00e1logo e conflu\u00eancia com as causas antirracista, feminista e anti-LGBTfobia. Queremos fortalecer a organiza\u00e7\u00e3o popular e apontar um caminho de transforma\u00e7\u00e3o da nossa sociedade, na dire\u00e7\u00e3o da constru\u00e7\u00e3o do poder popular e de uma nova sociedade, onde a explora\u00e7\u00e3o e a opress\u00e3o possam ser superados, para que flores\u00e7a uma sociabilidade humana mais justa, igualit\u00e1ria e em harmonia.<\/p>\n<p>Este \u00e9 um chamado \u00e0 luta, \u00e0 organiza\u00e7\u00e3o e \u00e0 esperan\u00e7a ativa.<\/p>\n<p>Nesse sentido, convidamos todas e todos a estarem presentes neste importante momento de organiza\u00e7\u00e3o e luta.<\/p>\n<p>Local: Audit\u00f3rio da ABI (7\u00ba andar)<br \/>\nData: 29 de abril<br \/>\nHor\u00e1rio: 18:00<\/p>\n<p>Militante hist\u00f3rico da causa socialista desde os tempos de juventude, Edmilson Costa \u00e9 doutor em Economia pela Unicamp, com p\u00f3s-doutorado no Instituto de Filosofia e Ci\u00eancias Humanas da mesma institui\u00e7\u00e3o, sendo autor de diversas obras sobre o capitalismo contempor\u00e2neo e a crise econ\u00f4mica mundial, al\u00e9m de livros de poesias.<\/p>\n<p>Edmilson Costa esteve sempre junto \u00e0s lutas de nosso povo: foi dirigente estudantil e perseguido no per\u00edodo da ditadura empresarial-militar de 1964-1985 e esteve presente em todos os movimentos em defesa das liberdades democr\u00e1ticas, pelo poder popular e pela soberania nacional. A pr\u00e9-candidatura de Edmilson Costa veio para qualificar o debate sobre o Brasil e apresentar um conjunto de propostas para combater a dram\u00e1tica crise social, as prec\u00e1rias condi\u00e7\u00f5es de vida dos trabalhadores e das trabalhadoras, o enfrentamento ao imperialismo estadunidense, al\u00e9m de reafirmar a solidariedade com todos os povos em luta por sua soberania e autodetermina\u00e7\u00e3o.<\/p>\n<p>Para Edmilson Costa e o PCB, o Brasil vive um momento decisivo. Milh\u00f5es de fam\u00edlias enfrentam os baixos sal\u00e1rios, moram em habita\u00e7\u00f5es com condi\u00e7\u00f5es degradantes ou n\u00e3o t\u00eam acesso \u00e0 moradia digna, convivem com a realidade cotidiana de transportes ca\u00f3ticos, saneamento prec\u00e1rio, sa\u00fade deficiente e servi\u00e7os p\u00fablicos que n\u00e3o chegam para todos e todas. Enquanto isso, os banqueiros, grandes empres\u00e1rios e donos do agroneg\u00f3cio continuam acumulando lucros gigantescos \u00e0s custas do povo trabalhador. \u00c9 por isso que o PCB buscar\u00e1 apresentar, durante o processo eleitoral deste ano, uma alternativa pol\u00edtica constru\u00edda com o prop\u00f3sito de devolver o pa\u00eds ao seu verdadeiro dono &#8211; o povo brasileiro. Esta pr\u00e9-campanha nasce da necessidade urgente de transformar o Brasil por dentro, com coragem, com justi\u00e7a social e com participa\u00e7\u00e3o popular.<\/p>\n<p>O Brasil n\u00e3o aguenta mais tanta desigualdade social, injusti\u00e7a, discrimina\u00e7\u00e3o e viol\u00eancia contra o povo negro, as mulheres, pessoas LGBTQIA+, povos ind\u00edgenas, quilombolas e popula\u00e7\u00f5es das periferias. Chegou a hora de o povo virar a mesa e dar a volta por cima. A pr\u00e9-candidatura de Edmilson nasce de um sentimento de revolta que a popula\u00e7\u00e3o guarda no fundo do peito. Nasce da esperan\u00e7a e da certeza de que o Brasil pode ser diferente, de que esse sistema precisa mudar. Por isso dizemos com toda for\u00e7a: \u00e9 hora de realizar as transforma\u00e7\u00f5es sociais e pol\u00edticas que o Brasil necessita para mudar de verdade. Chegou a hora de construir um novo projeto para o Brasil, na perspectiva do poder popular e do socialismo.<\/p>\n<p>#EdmilsonCostaPCB #PoderPopular #PCB104anos #Partid\u00e3o #socialismo<\/p>\n","protected":false},"excerpt":{"rendered":"<a class=\"moretag\" href=\"https:\/\/pcb.org.br\/portal2\/33816\"> <\/a>","protected":false},"author":8,"featured_media":0,"comment_status":"closed","ping_status":"closed","sticky":false,"template":"","format":"standard","meta":{"jetpack_post_was_ever_published":false,"_jetpack_newsletter_access":"","_jetpack_dont_email_post_to_subs":false,"_jetpack_newsletter_tier_id":0,"_jetpack_memberships_contains_paywalled_content":false,"_jetpack_memberships_contains_paid_content":false,"footnotes":"","jetpack_publicize_message":"","jetpack_publicize_feature_enabled":true,"jetpack_social_post_already_shared":true,"jetpack_social_options":{"image_generator_settings":{"template":"highway","default_image_id":0,"font":"","enabled":false},"version":2}},"categories":[17,389],"tags":[219],"class_list":["post-33816","post","type-post","status-publish","format-standard","hentry","category-s21-eleicoes","category-eleicoes-2026","tag-manchete"],"jetpack_publicize_connections":[],"jetpack_featured_media_url":"","jetpack_shortlink":"https:\/\/wp.me\/p659gw-8Nq","jetpack-related-posts":[],"jetpack_likes_enabled":true,"jetpack_sharing_enabled":true,"_links":{"self":[{"href":"https:\/\/pcb.org.br\/portal2\/wp-json\/wp\/v2\/posts\/33816","targetHints":{"allow":["GET"]}}],"collection":[{"href":"https:\/\/pcb.org.br\/portal2\/wp-json\/wp\/v2\/posts"}],"about":[{"href":"https:\/\/pcb.org.br\/portal2\/wp-json\/wp\/v2\/types\/post"}],"author":[{"embeddable":true,"href":"https:\/\/pcb.org.br\/portal2\/wp-json\/wp\/v2\/users\/8"}],"replies":[{"embeddable":true,"href":"https:\/\/pcb.org.br\/portal2\/wp-json\/wp\/v2\/comments?post=33816"}],"version-history":[{"count":1,"href":"https:\/\/pcb.org.br\/portal2\/wp-json\/wp\/v2\/posts\/33816\/revisions"}],"predecessor-version":[{"id":33818,"href":"https:\/\/pcb.org.br\/portal2\/wp-json\/wp\/v2\/posts\/33816\/revisions\/33818"}],"wp:attachment":[{"href":"https:\/\/pcb.org.br\/portal2\/wp-json\/wp\/v2\/media?parent=33816"}],"wp:term":[{"taxonomy":"category","embeddable":true,"href":"https:\/\/pcb.org.br\/portal2\/wp-json\/wp\/v2\/categories?post=33816"},{"taxonomy":"post_tag","embeddable":true,"href":"https:\/\/pcb.org.br\/portal2\/wp-json\/wp\/v2\/tags?post=33816"}],"curies":[{"name":"wp","href":"https:\/\/api.w.org\/{rel}","templated":true}]}}