{"id":33832,"date":"2026-04-29T19:29:13","date_gmt":"2026-04-29T22:29:13","guid":{"rendered":"https:\/\/pcb.org.br\/portal2\/?p=33832"},"modified":"2026-04-29T19:29:13","modified_gmt":"2026-04-29T22:29:13","slug":"toda-solidariedade-ao-companheiro-ze-maria-pstu","status":"publish","type":"post","link":"https:\/\/pcb.org.br\/portal2\/33832","title":{"rendered":"Toda solidariedade ao companheiro Z\u00e9 Maria (PSTU)!"},"content":{"rendered":"<p><img data-recalc-dims=\"1\" loading=\"lazy\" decoding=\"async\" data-attachment-id=\"33833\" data-permalink=\"https:\/\/pcb.org.br\/portal2\/33832\/image-48\" data-orig-file=\"https:\/\/i0.wp.com\/pcb.org.br\/portal2\/wp-content\/uploads\/2026\/04\/image-4.png?fit=616%2C494&amp;ssl=1\" data-orig-size=\"616,494\" data-comments-opened=\"0\" data-image-meta=\"{&quot;aperture&quot;:&quot;0&quot;,&quot;credit&quot;:&quot;&quot;,&quot;camera&quot;:&quot;&quot;,&quot;caption&quot;:&quot;&quot;,&quot;created_timestamp&quot;:&quot;0&quot;,&quot;copyright&quot;:&quot;&quot;,&quot;focal_length&quot;:&quot;0&quot;,&quot;iso&quot;:&quot;0&quot;,&quot;shutter_speed&quot;:&quot;0&quot;,&quot;title&quot;:&quot;&quot;,&quot;orientation&quot;:&quot;0&quot;}\" data-image-title=\"image\" data-image-description=\"\" data-image-caption=\"\" data-large-file=\"https:\/\/i0.wp.com\/pcb.org.br\/portal2\/wp-content\/uploads\/2026\/04\/image-4.png?fit=616%2C494&amp;ssl=1\" class=\"alignnone size-full wp-image-33833\" src=\"https:\/\/i0.wp.com\/pcb.org.br\/portal2\/wp-content\/uploads\/2026\/04\/image-4.png?resize=616%2C494&#038;ssl=1\" alt=\"\" width=\"616\" height=\"494\" srcset=\"https:\/\/i0.wp.com\/pcb.org.br\/portal2\/wp-content\/uploads\/2026\/04\/image-4.png?w=616&amp;ssl=1 616w, https:\/\/i0.wp.com\/pcb.org.br\/portal2\/wp-content\/uploads\/2026\/04\/image-4.png?resize=300%2C241&amp;ssl=1 300w\" sizes=\"auto, (max-width: 616px) 100vw, 616px\" \/><!--more--><\/p>\n<p>Nota Pol\u00edtica do Partido Comunista Brasileiro (PCB)<\/p>\n<p>O PARTIDO COMUNISTA BRASILEIRO-PCB, juntamente com seus coletivos (Unidade Classista, Uni\u00e3o da Juventude Comunista, Coletivo Feminista Classista Ana Montenegro, Coletivo Negro Minervino de Oliveira e Coletivo LGBT Comunista, manifesta sua plena solidariedade ao companheiro Z\u00e9 Maria de Almeida, atual presidente do PSTU, que foi condenado pela Justi\u00e7a de S\u00e3o Paulo a dois anos de pris\u00e3o em regime aberto, sob a alega\u00e7\u00e3o de pr\u00e1tica de racismo em ato ocorrido em outubro de 2023, quando se manifestou contra os ataques do Estado sionista de Israel \u00e0 popula\u00e7\u00e3o palestina na Faixa de Gaza.<\/p>\n<p>\u00c9 sabido de todos que o lobby sionista tem tentado de todas as formas calar e intimidar as organiza\u00e7\u00f5es e os ativistas que defendem a causa palestina em todo o mundo. Desde outubro de 2023, mais de 80 mil palestinos foram assassinados pelos bombardeios e incurs\u00f5es militares de Israel em Gaza e cerca de 400 mil pessoas ficaram gravemente feridas, em sua ampla maioria crian\u00e7as, idosos e mulheres.<\/p>\n<p>O genoc\u00eddio em curso contra o povo palestino \u00e9 a fase mais aguda de mais de 77 anos de domina\u00e7\u00e3o israelense em terras palestinas, aprofundando um ciclo de viol\u00eancia generalizada, pris\u00f5es arbitr\u00e1rias, invas\u00f5es de terras e desterro da popula\u00e7\u00e3o palestina.<\/p>\n<p>Denunciar o sionismo e sua rela\u00e7\u00e3o direta com a escalada das agress\u00f5es imperialistas na regi\u00e3o \u00e9 um dever de todos aqueles que compreendem a import\u00e2ncia da solidariedade aos povos em sua leg\u00edtima luta de resist\u00eancia e liberta\u00e7\u00e3o nacional contra o jugo colonialista. Al\u00e9m disso, esse processo de conflitos na regi\u00e3o, reflete as conex\u00f5es internacionais de domina\u00e7\u00e3o do imperialismo estadunidense e seu lastro de apoio pol\u00edtico e ideol\u00f3gico com segmentos da extrema direita em todo o mundo, sendo que no Brasil isso se evidencia na forte sintonia e alian\u00e7a existente com o bolsonarismo e seus aliados.<\/p>\n<p>A a\u00e7\u00e3o impetrada na Justi\u00e7a de S\u00e3o Paulo pela Confedera\u00e7\u00e3o Israelita do Brasil (CONIB), assim como a tramita\u00e7\u00e3o do PL 1424\/2026 da Deputada Federal T\u00e1bata Amaral, s\u00e3o algumas das tentativas de tentar calar e coibir as den\u00fancias contra os crimes humanit\u00e1rios cometidos pelo Estado sionista de Israel e seu governo genocida.<\/p>\n<p>\u00c9 fundamental que todos e todas compreendam a gravidade desse ataque, no contexto conjuntural de recrudescimento do autoritarismo no cen\u00e1rio pol\u00edtico mundial. \u00c9 necess\u00e1rio mantermos as mobiliza\u00e7\u00f5es e a luta unit\u00e1ria das for\u00e7as democr\u00e1ticas e progressistas contra toda e qualquer tentativa de intimida\u00e7\u00e3o e persegui\u00e7\u00e3o \u00e0queles e \u00e0quelas que defendem a causa palestina e a soberania nacional e popular dos povos que resistem aos ataques e \u00e0s agress\u00f5es do imperialismo.<\/p>\n<p>Lutar n\u00e3o \u00e9 crime!<\/p>\n<p>Viva a luta do Povo Palestino!<\/p>\n<p>Toda solidariedade ao Companheiro Z\u00e9 Maria de Almeida do PSTU!<\/p>\n<p>Pela anula\u00e7\u00e3o dessa absurda condena\u00e7\u00e3o!<\/p>\n<p>PARTIDO COMUNISTA BRASILEIRO &#8211; PCB<br \/>\nCOMIT\u00ca CENTRAL<\/p>\n","protected":false},"excerpt":{"rendered":"<a class=\"moretag\" href=\"https:\/\/pcb.org.br\/portal2\/33832\"> <\/a>","protected":false},"author":8,"featured_media":0,"comment_status":"closed","ping_status":"closed","sticky":false,"template":"","format":"standard","meta":{"jetpack_post_was_ever_published":false,"_jetpack_newsletter_access":"","_jetpack_dont_email_post_to_subs":false,"_jetpack_newsletter_tier_id":0,"_jetpack_memberships_contains_paywalled_content":false,"_jetpack_memberships_contains_paid_content":false,"footnotes":"","jetpack_publicize_message":"","jetpack_publicize_feature_enabled":true,"jetpack_social_post_already_shared":true,"jetpack_social_options":{"image_generator_settings":{"template":"highway","default_image_id":0,"font":"","enabled":false},"version":2}},"categories":[26,78],"tags":[221,246],"class_list":["post-33832","post","type-post","status-publish","format-standard","hentry","category-c25-notas-politicas-do-pcb","category-c91-solidariedade-a-palestina","tag-2a","tag-np"],"jetpack_publicize_connections":[],"jetpack_featured_media_url":"","jetpack_shortlink":"https:\/\/wp.me\/p659gw-8NG","jetpack-related-posts":[],"jetpack_likes_enabled":true,"jetpack_sharing_enabled":true,"_links":{"self":[{"href":"https:\/\/pcb.org.br\/portal2\/wp-json\/wp\/v2\/posts\/33832","targetHints":{"allow":["GET"]}}],"collection":[{"href":"https:\/\/pcb.org.br\/portal2\/wp-json\/wp\/v2\/posts"}],"about":[{"href":"https:\/\/pcb.org.br\/portal2\/wp-json\/wp\/v2\/types\/post"}],"author":[{"embeddable":true,"href":"https:\/\/pcb.org.br\/portal2\/wp-json\/wp\/v2\/users\/8"}],"replies":[{"embeddable":true,"href":"https:\/\/pcb.org.br\/portal2\/wp-json\/wp\/v2\/comments?post=33832"}],"version-history":[{"count":1,"href":"https:\/\/pcb.org.br\/portal2\/wp-json\/wp\/v2\/posts\/33832\/revisions"}],"predecessor-version":[{"id":33834,"href":"https:\/\/pcb.org.br\/portal2\/wp-json\/wp\/v2\/posts\/33832\/revisions\/33834"}],"wp:attachment":[{"href":"https:\/\/pcb.org.br\/portal2\/wp-json\/wp\/v2\/media?parent=33832"}],"wp:term":[{"taxonomy":"category","embeddable":true,"href":"https:\/\/pcb.org.br\/portal2\/wp-json\/wp\/v2\/categories?post=33832"},{"taxonomy":"post_tag","embeddable":true,"href":"https:\/\/pcb.org.br\/portal2\/wp-json\/wp\/v2\/tags?post=33832"}],"curies":[{"name":"wp","href":"https:\/\/api.w.org\/{rel}","templated":true}]}}