{"id":33835,"date":"2026-04-29T19:31:27","date_gmt":"2026-04-29T22:31:27","guid":{"rendered":"https:\/\/pcb.org.br\/portal2\/?p=33835"},"modified":"2026-04-29T19:31:27","modified_gmt":"2026-04-29T22:31:27","slug":"nota-politica-do-partido-comunista-brasileiro-pcb","status":"publish","type":"post","link":"https:\/\/pcb.org.br\/portal2\/33835","title":{"rendered":"Nota Pol\u00edtica do Partido Comunista Brasileiro (PCB)"},"content":{"rendered":"<p><img data-recalc-dims=\"1\" loading=\"lazy\" decoding=\"async\" data-attachment-id=\"33836\" data-permalink=\"https:\/\/pcb.org.br\/portal2\/33835\/image-1-48\" data-orig-file=\"https:\/\/i0.wp.com\/pcb.org.br\/portal2\/wp-content\/uploads\/2026\/04\/image-1-2.png?fit=900%2C507&amp;ssl=1\" data-orig-size=\"900,507\" data-comments-opened=\"0\" data-image-meta=\"{&quot;aperture&quot;:&quot;0&quot;,&quot;credit&quot;:&quot;&quot;,&quot;camera&quot;:&quot;&quot;,&quot;caption&quot;:&quot;&quot;,&quot;created_timestamp&quot;:&quot;0&quot;,&quot;copyright&quot;:&quot;&quot;,&quot;focal_length&quot;:&quot;0&quot;,&quot;iso&quot;:&quot;0&quot;,&quot;shutter_speed&quot;:&quot;0&quot;,&quot;title&quot;:&quot;&quot;,&quot;orientation&quot;:&quot;0&quot;}\" data-image-title=\"image (1)\" data-image-description=\"\" data-image-caption=\"\" data-large-file=\"https:\/\/i0.wp.com\/pcb.org.br\/portal2\/wp-content\/uploads\/2026\/04\/image-1-2.png?fit=747%2C421&amp;ssl=1\" class=\"alignnone size-full wp-image-33836\" src=\"https:\/\/i0.wp.com\/pcb.org.br\/portal2\/wp-content\/uploads\/2026\/04\/image-1-2.png?resize=747%2C421&#038;ssl=1\" alt=\"\" width=\"747\" height=\"421\" srcset=\"https:\/\/i0.wp.com\/pcb.org.br\/portal2\/wp-content\/uploads\/2026\/04\/image-1-2.png?w=900&amp;ssl=1 900w, https:\/\/i0.wp.com\/pcb.org.br\/portal2\/wp-content\/uploads\/2026\/04\/image-1-2.png?resize=300%2C169&amp;ssl=1 300w, https:\/\/i0.wp.com\/pcb.org.br\/portal2\/wp-content\/uploads\/2026\/04\/image-1-2.png?resize=768%2C433&amp;ssl=1 768w, https:\/\/i0.wp.com\/pcb.org.br\/portal2\/wp-content\/uploads\/2026\/04\/image-1-2.png?resize=388%2C220&amp;ssl=1 388w\" sizes=\"auto, (max-width: 747px) 100vw, 747px\" \/><!--more--><\/p>\n<p><strong>Construir o movimento anti-imperialista e avan\u00e7ar a luta da classe trabalhadora!<\/strong><\/p>\n<p>O Comit\u00ea Central do Partido Comunista Brasileiro (PCB) avalia que o sistema imperialista, quanto mais intensifica seu decl\u00ednio, mais abusa da viol\u00eancia e da agressividade. O que estamos assistindo n\u00e3o s\u00e3o fatos isolados, mas parte da ofensiva global de um sistema em decad\u00eancia que tenta, com mais agress\u00f5es e ataques, manter sua hegemonia sobre os povos. Ap\u00f3s a invas\u00e3o da Venezuela e a escalada permanente contra as na\u00e7\u00f5es que n\u00e3o se submetem \u00e0s ordens de Washington, os Estados Unidos, em alian\u00e7a com Israel, atacaram o Ir\u00e3 no momento em que estavam em negocia\u00e7\u00f5es.<\/p>\n<p>Trump e seu aliado sionista apostaram numa r\u00e1pida capitula\u00e7\u00e3o, imaginando o mesmo cen\u00e1rio que ocorreu na Venezuela, mas foram surpreendidos pela brava resist\u00eancia do Ir\u00e3, que conseguiu atingir todas as bases militares dos Estados Unidos no Oriente M\u00e9dio, al\u00e9m de provocar graves danos no interior de Israel, desmoralizado o chamado \u201cDomo de Ferro\u201d, um sistema de defesa a\u00e9rea que n\u00e3o foi capaz de deter os m\u00edsseis iranianos, praticamente quebrando o mito de invencibilidade do imperialismo estadunidense e de Israel.<\/p>\n<p>Ao mesmo tempo em que sa\u00fada a resist\u00eancia do povo e das for\u00e7as armadas do Ir\u00e3, o PCB denuncia e repudia com veem\u00eancia essa guerra de agress\u00e3o. O Ir\u00e3 demonstrou bravura mediante a enorme capacidade de realizar uma guerra assim\u00e9trica, envolvendo uma dura resposta militar, aliada ao fechamento do estreito de Ormuz, fato que ganhou uma enorme dimens\u00e3o pol\u00edtica e econ\u00f4mica no mundo inteiro. O povo iraniano e suas for\u00e7as armadas demonstraram que uma resist\u00eancia organizada \u00e9 capaz de enfrentar as maiores pot\u00eancias militares.<\/p>\n<p>Mesmo diante das contumazes fanfarronices de Trump, amea\u00e7ando destruir a civiliza\u00e7\u00e3o iraniana, n\u00e3o se pode subestimar o poder destrutivo do imperialismo dos EUA e do sionismo. Essas duas for\u00e7as seguem sendo brutais, violentas e destrutivas. Mas a firmeza como tem se comportado o Ir\u00e3 torna-se um exemplo para todos os povos do mundo porque demonstrou que os Estados Unidos e o governo de Israel n\u00e3o s\u00e3o invenc\u00edveis, ao passo que suas a\u00e7\u00f5es contribu\u00edram para o isolamento internacional dessas duas na\u00e7\u00f5es belicistas.<\/p>\n<p>At\u00e9 agora n\u00e3o se pode ainda prever um desfecho da guerra no Oriente M\u00e9dio porque o imperialismo em decad\u00eancia se comporta como um animal ferido e, por isso, se torna ainda mais perigoso. Os recentes ataques israelenses ao L\u00edbano, resultando inclusive na morte de membros de uma fam\u00edlia brasileira (\u00e0 qual externamos nossa total solidariedade), demonstra a inten\u00e7\u00e3o do sionismo de estender o conflito a toda a regi\u00e3o, visando ampliar os seus dom\u00ednios, com apoio dos EUA. Dessa forma, os desdobramentos da guerra permanecem incertos, mas uma eventual derrota imperialista e sionista na regi\u00e3o, aliada \u00e0 derrota da OTAN na Ucr\u00e2nia, pode influir no sentido da mudan\u00e7a na correla\u00e7\u00e3o de for\u00e7as no mundo, abrindo espa\u00e7o para a emerg\u00eancia dos povos que resistem aos ataques imperialistas.<\/p>\n<p>Diante dessas dificuldades, o imperialismo estadunidense deve concentrar suas for\u00e7as para refor\u00e7ar a domina\u00e7\u00e3o sobre a Am\u00e9rica Latina, buscando aplicar sua doutrina de seguran\u00e7a nacional. N\u00e3o por acaso intensificam-se as amea\u00e7as de interven\u00e7\u00e3o militar em Cuba e cresce a press\u00e3o sobre toda a regi\u00e3o, particularmente porque o governo Trump vem interferindo nas elei\u00e7\u00f5es de v\u00e1rios pa\u00edses. N\u00e3o se pode esquecer que o Brasil, por sua dimens\u00e3o econ\u00f4mica, pol\u00edtica e pelos imensos recursos naturais, est\u00e1 no radar do imperialismo dos EUA, apesar de muitos se iludirem com uma suposta qu\u00edmica entre Trump e Lula.<\/p>\n<p>Vale lembrar que a hist\u00f3ria nos ensina que o imperialismo n\u00e3o tem amigos, tem apenas interesses. Parte da ofensiva contra nosso pa\u00eds pode ser constatada nas press\u00f5es pelo fim do pix, nas cr\u00edticas a uma poss\u00edvel regula\u00e7\u00e3o das big techs e agora com a negociata dos recursos estrat\u00e9gicos, mediante a aquisi\u00e7\u00e3o por parte de uma empresa dos Estados Unidos da \u00fanica firma brasileira que opera terras raras. Trata-se de um verdadeiro saque aos recursos naturais, realizado com a coniv\u00eancia dos setores entreguistas e a omiss\u00e3o do governo.<\/p>\n<p>Portanto, cada vez mais est\u00e1 na ordem do dia a luta anti-imperialista no Brasil, porque essa ofensiva vai se intensificar \u00e0 medida que os Estados Unidos v\u00e3o perdendo terreno em outras partes do mundo. Mas \u00e9 fundamental entender que a luta anti-imperialista deve ser realizada colocando na ordem do dia a pauta dos trabalhadores e das trabalhadoras, porque nenhum movimento com essa dimens\u00e3o poder\u00e1 ser vitorioso se n\u00e3o incorporar as reivindica\u00e7\u00f5es da classe trabalhadora nesse processo.<\/p>\n<p>A gan\u00e2ncia dos Estados Unidos em rela\u00e7\u00e3o ao Brasil n\u00e3o pode ser subestimada porque o imperialismo possui forte base social no pa\u00eds, cuja principal express\u00e3o \u00e9 o bolsonarismo, que est\u00e1 presente tanto na C\u00e2mara dos Deputados quanto no Senado, em v\u00e1rios governos estaduais, no interior das For\u00e7as Armadas, nas camadas m\u00e9dias urbanas e at\u00e9 em setores do proletariado. Tais grupos se tornar\u00e3o mais ativos com as elei\u00e7\u00f5es deste ano, principalmente se ocorrer alguma interfer\u00eancia externa.<\/p>\n<p>N\u00e3o se pode esquecer ainda que o bolsonarismo \u00e9 a express\u00e3o dos setores mais reacion\u00e1rios das classes dominantes e representa uma amea\u00e7a concreta para os\/as trabalhadores\/as e o povo brasileiro, porque faz parte de um projeto que aposta na destrui\u00e7\u00e3o de direitos sociais, na pol\u00edtica do \u00f3dio, no racismo, no machismo e na misoginia, na LGBTfobia, em toda forma de opress\u00e3o, no irracionalismo e no ataque \u00e0s liberdades democr\u00e1ticas. Al\u00e9m disso, o bolsonarismo \u00e9 o principal defensor dos interesses dos Estados Unidos e funciona como quinta coluna em nosso pa\u00eds.<\/p>\n<p>Por isso, a nossa luta deve ser realizada em duas frentes: de um lado, combater permanentemente o bolsonarismo e a extrema direita tanto nesse processo eleitoral quanto em todas as lutas cotidianas e nas institui\u00e7\u00f5es, em fun\u00e7\u00e3o do perigo que representa para o Brasil e a classe trabalhadora. A hist\u00f3ria mostra que projetos autorit\u00e1rios s\u00f3 podem ser derrotados com mobiliza\u00e7\u00e3o popular nas ruas, nos locais de trabalho, nos bairros, nas escolas, nas universidades. A extrema-direita s\u00f3 recua diante da for\u00e7a organizada das massas.<\/p>\n<p>Por outro lado, \u00e9 importante tamb\u00e9m denunciar a pol\u00edtica de concilia\u00e7\u00e3o de classes do atual governo. Embora Lula tenha derrotado eleitoralmente o bolsonarismo, o que nos livrou do genocida agora preso, o governo realiza uma pol\u00edtica nos limites dos interesses dos grandes grupos econ\u00f4micos e do agroneg\u00f3cio, mant\u00e9m o trip\u00e9 macroecon\u00f4mico neoliberal, al\u00e9m de n\u00e3o cumprir a promessa de revogar a reforma trabalhista e rever a reforma previdenci\u00e1ria. Realiza uma pol\u00edtica de compensa\u00e7\u00e3o social que n\u00e3o altera a estrutura da explora\u00e7\u00e3o e ainda serve como vitrine para justificar o social-liberalismo.<\/p>\n<p>H\u00e1 forte insatisfa\u00e7\u00e3o da popula\u00e7\u00e3o com a viol\u00eancia urbana, as desigualdades, a superexplora\u00e7\u00e3o do trabalho, a precariedade dos servi\u00e7os p\u00fablicos, a falta de moradia, o endividamento das fam\u00edlias (acentuada pela propaga\u00e7\u00e3o das bets), situa\u00e7\u00e3o que, de modo geral, acaba pesando mais contra o governo Lula do que contra os donos dos capital. Al\u00e9m disso, a press\u00e3o do PT para evitar candidaturas do campo da esquerda no primeiro turno, para for\u00e7ar apoio exclusivo a Lula, pode ser um tiro no p\u00e9, j\u00e1 que a direita lan\u00e7ar\u00e1 v\u00e1rios candidatos e v\u00e3o disparar em un\u00edssono suas baterias contra o governo.<\/p>\n<p>\u00c9 nesse contexto que o PCB apresenta a pr\u00e9-candidatura do camarada Edmilson Costa. Uma pr\u00e9-candidatura que n\u00e3o se curva aos interesses dominantes, que n\u00e3o silencia diante dos poderosos e que vai qualificar o debate, colocando na ordem do dia um conjunto de temas que as outras candidaturas n\u00e3o querem ou n\u00e3o podem colocar em fun\u00e7\u00e3o de suas identidades de classes e alian\u00e7as pol\u00edticas, como a luta contra o imperialismo, a defesa da soberania nacional e popular, a revoga\u00e7\u00e3o das contrarreformas, a recomposi\u00e7\u00e3o do poder de compra dos sal\u00e1rios e a necessidade de profundas transforma\u00e7\u00f5es sociais.<\/p>\n<p>Propomos tamb\u00e9m profundas transforma\u00e7\u00f5es estruturais no sistema pol\u00edtico, na economia, nas rela\u00e7\u00f5es sociais e trabalhistas, na sa\u00fade e educa\u00e7\u00e3o e nas rela\u00e7\u00f5es internacionais, como forma de fomentar o debate pol\u00edtico visando a constru\u00e7\u00e3o do poder popular e do socialismo em nosso pa\u00eds. Esta pr\u00e9-candidatura n\u00e3o \u00e9 apenas eleitoral, mas um instrumento de luta, uma trincheira para elevar a consci\u00eancia, organizar o povo e construir uma alternativa real de poder. \u00c9 uma pr\u00e9-candidatura que vai colocar a pol\u00edtica no posto de comando porque acreditamos que a popula\u00e7\u00e3o est\u00e1 cansada desse sistema que privilegia apenas os ricos e poderosos. Chegou a vez de devolver o Brasil ao seu verdadeiro dono: o povo brasileiro.<\/p>\n<p><strong>Toda solidariedade a Cuba, Venezuela, Palestina, Ir\u00e3 e a todos os povos que lutam contra o imperialismo.<\/strong><\/p>\n<p><strong>Fora o imperialismo da Am\u00e9rica Latina e do Brasil!<\/strong><\/p>\n<p><strong>Comit\u00ea Central do Partido Comunista Brasileiro (PCB)<\/strong><\/p>\n","protected":false},"excerpt":{"rendered":"<a class=\"moretag\" href=\"https:\/\/pcb.org.br\/portal2\/33835\"> <\/a>","protected":false},"author":8,"featured_media":0,"comment_status":"closed","ping_status":"closed","sticky":false,"template":"","format":"standard","meta":{"jetpack_post_was_ever_published":false,"_jetpack_newsletter_access":"","_jetpack_dont_email_post_to_subs":false,"_jetpack_newsletter_tier_id":0,"_jetpack_memberships_contains_paywalled_content":false,"_jetpack_memberships_contains_paid_content":false,"footnotes":"","jetpack_publicize_message":"","jetpack_publicize_feature_enabled":true,"jetpack_social_post_already_shared":true,"jetpack_social_options":{"image_generator_settings":{"template":"highway","default_image_id":0,"font":"","enabled":false},"version":2}},"categories":[26],"tags":[219,246],"class_list":["post-33835","post","type-post","status-publish","format-standard","hentry","category-c25-notas-politicas-do-pcb","tag-manchete","tag-np"],"jetpack_publicize_connections":[],"jetpack_featured_media_url":"","jetpack_shortlink":"https:\/\/wp.me\/p659gw-8NJ","jetpack-related-posts":[],"jetpack_likes_enabled":true,"jetpack_sharing_enabled":true,"_links":{"self":[{"href":"https:\/\/pcb.org.br\/portal2\/wp-json\/wp\/v2\/posts\/33835","targetHints":{"allow":["GET"]}}],"collection":[{"href":"https:\/\/pcb.org.br\/portal2\/wp-json\/wp\/v2\/posts"}],"about":[{"href":"https:\/\/pcb.org.br\/portal2\/wp-json\/wp\/v2\/types\/post"}],"author":[{"embeddable":true,"href":"https:\/\/pcb.org.br\/portal2\/wp-json\/wp\/v2\/users\/8"}],"replies":[{"embeddable":true,"href":"https:\/\/pcb.org.br\/portal2\/wp-json\/wp\/v2\/comments?post=33835"}],"version-history":[{"count":1,"href":"https:\/\/pcb.org.br\/portal2\/wp-json\/wp\/v2\/posts\/33835\/revisions"}],"predecessor-version":[{"id":33837,"href":"https:\/\/pcb.org.br\/portal2\/wp-json\/wp\/v2\/posts\/33835\/revisions\/33837"}],"wp:attachment":[{"href":"https:\/\/pcb.org.br\/portal2\/wp-json\/wp\/v2\/media?parent=33835"}],"wp:term":[{"taxonomy":"category","embeddable":true,"href":"https:\/\/pcb.org.br\/portal2\/wp-json\/wp\/v2\/categories?post=33835"},{"taxonomy":"post_tag","embeddable":true,"href":"https:\/\/pcb.org.br\/portal2\/wp-json\/wp\/v2\/tags?post=33835"}],"curies":[{"name":"wp","href":"https:\/\/api.w.org\/{rel}","templated":true}]}}