{"id":33838,"date":"2026-04-29T19:33:57","date_gmt":"2026-04-29T22:33:57","guid":{"rendered":"https:\/\/pcb.org.br\/portal2\/?p=33838"},"modified":"2026-04-29T19:33:57","modified_gmt":"2026-04-29T22:33:57","slug":"maio-vermelho-avancar-na-luta-por-direitos","status":"publish","type":"post","link":"https:\/\/pcb.org.br\/portal2\/33838","title":{"rendered":"Maio Vermelho: avan\u00e7ar na luta por direitos!"},"content":{"rendered":"<p><img data-recalc-dims=\"1\" loading=\"lazy\" decoding=\"async\" data-attachment-id=\"33839\" data-permalink=\"https:\/\/pcb.org.br\/portal2\/33838\/image-49\" data-orig-file=\"https:\/\/i0.wp.com\/pcb.org.br\/portal2\/wp-content\/uploads\/2026\/04\/image.jpeg?fit=1024%2C1280&amp;ssl=1\" data-orig-size=\"1024,1280\" data-comments-opened=\"0\" data-image-meta=\"{&quot;aperture&quot;:&quot;0&quot;,&quot;credit&quot;:&quot;&quot;,&quot;camera&quot;:&quot;&quot;,&quot;caption&quot;:&quot;&quot;,&quot;created_timestamp&quot;:&quot;0&quot;,&quot;copyright&quot;:&quot;&quot;,&quot;focal_length&quot;:&quot;0&quot;,&quot;iso&quot;:&quot;0&quot;,&quot;shutter_speed&quot;:&quot;0&quot;,&quot;title&quot;:&quot;&quot;,&quot;orientation&quot;:&quot;0&quot;}\" data-image-title=\"image\" data-image-description=\"\" data-image-caption=\"\" data-large-file=\"https:\/\/i0.wp.com\/pcb.org.br\/portal2\/wp-content\/uploads\/2026\/04\/image.jpeg?fit=720%2C900&amp;ssl=1\" class=\"alignnone size-large wp-image-33839\" src=\"https:\/\/i0.wp.com\/pcb.org.br\/portal2\/wp-content\/uploads\/2026\/04\/image.jpeg?resize=720%2C900&#038;ssl=1\" alt=\"\" width=\"720\" height=\"900\" srcset=\"https:\/\/i0.wp.com\/pcb.org.br\/portal2\/wp-content\/uploads\/2026\/04\/image.jpeg?resize=720%2C900&amp;ssl=1 720w, https:\/\/i0.wp.com\/pcb.org.br\/portal2\/wp-content\/uploads\/2026\/04\/image.jpeg?resize=240%2C300&amp;ssl=1 240w, https:\/\/i0.wp.com\/pcb.org.br\/portal2\/wp-content\/uploads\/2026\/04\/image.jpeg?resize=768%2C960&amp;ssl=1 768w, https:\/\/i0.wp.com\/pcb.org.br\/portal2\/wp-content\/uploads\/2026\/04\/image.jpeg?w=1024&amp;ssl=1 1024w\" sizes=\"auto, (max-width: 720px) 100vw, 720px\" \/><!--more--><\/p>\n<p><strong>O PRIMEIRO DE MAIO, O ENCLAT E AS PR\u00d3XIMAS TAREFAS<\/strong><\/p>\n<p>Chegamos a mais um Primeiro de Maio enfrentando uma intensa ofensiva imperialista e um governo federal que mant\u00e9m uma pol\u00edtica de submiss\u00e3o aos interesses do capital.<\/p>\n<p>Sobrevivemos em um pa\u00eds recordista em mortalidade por diversas doen\u00e7as, com \u00edndices crescentes de explora\u00e7\u00e3o do trabalho e das diversas formas de opress\u00e3o, a exemplo do aumento significativo de casos de feminic\u00eddio. Com a maioria esmagadora de governantes e legisladores reacion\u00e1rios, com altos \u00edndices de desemprego e trabalho sem registro, com um d\u00e9ficit de moradias e de saneamento b\u00e1sico gigantesco e com o avan\u00e7o da destrui\u00e7\u00e3o do meio ambiente.<\/p>\n<p>Al\u00e9m disso, observamos a crescente fragmenta\u00e7\u00e3o da classe trabalhadora, dividida em milhares de sindicatos, correntes e centrais sindicais e com obst\u00e1culos para promover a independ\u00eancia de classe e a unidade de a\u00e7\u00e3o.<\/p>\n<p>Um exemplo disso tem sido a enorme dificuldade em construir uma forte campanha nacional pelo fim da escala 6&#215;1 e pela redu\u00e7\u00e3o da jornada semanal de trabalho.<\/p>\n<p>Outro exemplo \u00e9 a aus\u00eancia de um encontro ou confer\u00eancia nacional da classe trabalhadora que convoque todos os sindicatos do pa\u00eds, filiados e n\u00e3o filiados \u00e0s centrais, para debater por ramo de produ\u00e7\u00e3o e regi\u00f5es, com trabalhadoras e trabalhadores do campo e da cidade.<\/p>\n<p>Dessa forma, torna-se mais do que necess\u00e1rio que, neste Primeiro de Maio e nos pr\u00f3ximos meses, intensifiquemos as a\u00e7\u00f5es para mobilizar trabalhadores, trabalhadoras e a juventude nos locais de trabalho, moradia e estudo, nos pontos de \u00f4nibus, barcas, metr\u00f4s, trens, nas portas de f\u00e1brica e nas redes sociais (internet), para enraizarmos, junto aos diversos setores da classe trabalhadora, a urg\u00eancia das lutas.<\/p>\n<p>Devemos ainda, construir atos de Primeiro de Maio nas capitais e nas demais cidades e expressar nossas bandeiras de luta, com destaque para o fim da escala 6&#215;1 e a redu\u00e7\u00e3o da jornada para 30h semanais sem redu\u00e7\u00e3o salarial, abaixo o imperialismo, em defesa de Cuba socialista, pela revoga\u00e7\u00e3o das contrarreformas trabalhista e previdenci\u00e1ria, pelo fim do arcabou\u00e7o fiscal (novo teto de gastos) e pela constru\u00e7\u00e3o de um encontro nacional da classe trabalhadora.<\/p>\n<p>Fortalecer a Campanha Nacional de Solidariedade a Cuba e construir campanhas regionais junto com sindicatos e movimentos populares.<\/p>\n<p>Fortalecer a campanha pela liberta\u00e7\u00e3o de Maduro e Cilia, com panfletagens e manifesta\u00e7\u00f5es junto com os Comit\u00eas em Defesa da Venezuela.<\/p>\n<p>Fortalecer a Campanha em Defesa da Palestina por meio dos Comit\u00eas em Defesa da Palestina e, onde for poss\u00edvel, unific\u00e1-la com as lutas em defesa de Cuba e da Venezuela.<\/p>\n<p>Avante, camaradas!<\/p>\n<p>CONSTRUINDO O PODER POPULAR, RUMO AO SOCIALISMO!<\/p>\n<p>\u00c9 FOR\u00c7A E A\u00c7\u00c3O, AQUI \u00c9 O PARTID\u00c3O!<\/p>\n<p><strong>Secretaria Sindical \u2013 PCB<\/strong><br \/>\n<strong>Comiss\u00e3o Pol\u00edtica Nacional do PCB<\/strong><br \/>\n<strong>Coordena\u00e7\u00e3o Nacional da Unidade Classista<\/strong><\/p>\n","protected":false},"excerpt":{"rendered":"<a class=\"moretag\" href=\"https:\/\/pcb.org.br\/portal2\/33838\"> <\/a>","protected":false},"author":8,"featured_media":0,"comment_status":"closed","ping_status":"closed","sticky":false,"template":"","format":"standard","meta":{"jetpack_post_was_ever_published":false,"_jetpack_newsletter_access":"","_jetpack_dont_email_post_to_subs":false,"_jetpack_newsletter_tier_id":0,"_jetpack_memberships_contains_paywalled_content":false,"_jetpack_memberships_contains_paid_content":false,"footnotes":"","jetpack_publicize_message":"","jetpack_publicize_feature_enabled":true,"jetpack_social_post_already_shared":true,"jetpack_social_options":{"image_generator_settings":{"template":"highway","default_image_id":0,"font":"","enabled":false},"version":2}},"categories":[214,9,26,15,31],"tags":[223,246],"class_list":["post-33838","post","type-post","status-publish","format-standard","hentry","category-1-de-maio","category-s10-internacional","category-c25-notas-politicas-do-pcb","category-s18-sindical","category-c31-unidade-classista","tag-3a","tag-np"],"jetpack_publicize_connections":[],"jetpack_featured_media_url":"","jetpack_shortlink":"https:\/\/wp.me\/p659gw-8NM","jetpack-related-posts":[],"jetpack_likes_enabled":true,"jetpack_sharing_enabled":true,"_links":{"self":[{"href":"https:\/\/pcb.org.br\/portal2\/wp-json\/wp\/v2\/posts\/33838","targetHints":{"allow":["GET"]}}],"collection":[{"href":"https:\/\/pcb.org.br\/portal2\/wp-json\/wp\/v2\/posts"}],"about":[{"href":"https:\/\/pcb.org.br\/portal2\/wp-json\/wp\/v2\/types\/post"}],"author":[{"embeddable":true,"href":"https:\/\/pcb.org.br\/portal2\/wp-json\/wp\/v2\/users\/8"}],"replies":[{"embeddable":true,"href":"https:\/\/pcb.org.br\/portal2\/wp-json\/wp\/v2\/comments?post=33838"}],"version-history":[{"count":1,"href":"https:\/\/pcb.org.br\/portal2\/wp-json\/wp\/v2\/posts\/33838\/revisions"}],"predecessor-version":[{"id":33840,"href":"https:\/\/pcb.org.br\/portal2\/wp-json\/wp\/v2\/posts\/33838\/revisions\/33840"}],"wp:attachment":[{"href":"https:\/\/pcb.org.br\/portal2\/wp-json\/wp\/v2\/media?parent=33838"}],"wp:term":[{"taxonomy":"category","embeddable":true,"href":"https:\/\/pcb.org.br\/portal2\/wp-json\/wp\/v2\/categories?post=33838"},{"taxonomy":"post_tag","embeddable":true,"href":"https:\/\/pcb.org.br\/portal2\/wp-json\/wp\/v2\/tags?post=33838"}],"curies":[{"name":"wp","href":"https:\/\/api.w.org\/{rel}","templated":true}]}}