{"id":3394,"date":"2012-08-20T21:59:40","date_gmt":"2012-08-20T21:59:40","guid":{"rendered":"http:\/\/pcb.org.br\/portal2\/?p=3394"},"modified":"2012-08-20T21:59:40","modified_gmt":"2012-08-20T21:59:40","slug":"homenagem-a-piedad-cordoba-e-ratificacao-do-apoio-a-chavez-na-argentina","status":"publish","type":"post","link":"https:\/\/pcb.org.br\/portal2\/3394","title":{"rendered":"Homenagem a Piedad C\u00f3rdoba e ratifica\u00e7\u00e3o do apoio a Ch\u00e1vez na Argentina"},"content":{"rendered":"\n<p>Piedad C\u00f3rdoba acompanhada por Atilio Bor\u00f3n, o presidente da FUBA, Igal Kejsefman, e o diretor de Resumen Latinoamericano, Carlos Azn\u00e1rez, no ato realizado no Hotel Bauen, em Buenos Aires.<\/p>\n<p>A ex-senadora colombiana Piedad C\u00f3rdoba foi calorosamente ovacionada pelo grande p\u00fablico que encheu as instala\u00e7\u00f5es do teatro do Hotel Bauen, no centro de Buenos Aires. Duplamente homenageada por sua luta consequente em defesa dos direitos humanos e por n\u00e3o baixar a cabe\u00e7a diante da prepot\u00eancia do atual governo colombiano que n\u00e3o para de criminaliz\u00e1-la, a integrante do partido Marcha Patri\u00f3tica recebeu por parte da Federa\u00e7\u00e3o Universit\u00e1ria de Buenos Aires (FUBA), a distin\u00e7\u00e3o &#8220;Deodoro Roca&#8221;, que foi entregue pelo presidente da dita organiza\u00e7\u00e3o estudantil, Igal Kejsefman.<\/p>\n<p>O ato foi coorganizado pela FUBA, a Marcha Patri\u00f3tica e o peri\u00f3dico Resumen Latinoamericano.<\/p>\n<p>Tanto o titular da FUBA, como o polit\u00f3logo Atilio Bor\u00f3n e o jornalista Carlos Azn\u00e1rez, destacaram a valentia e o compromisso da ex-senadora, raz\u00f5es fundamentais pelas quais seus inimigos a perseguem e tentam process\u00e1-la, al\u00e9m das numerosas vezes em que foi amea\u00e7ada de morte.<\/p>\n<p>Tamb\u00e9m subiram ao palco e se abra\u00e7aram com Piedad as Madres de Plaza de Mayo \u2013 L\u00ednea Fundadora, Nora Corti\u00f1as e Mirta Baravalle, o que despertou um grande aplauso do p\u00fablico presente.<\/p>\n<p>Ap\u00f3s a leitura do manifesto em solidariedade \u00e0 dirigente colombiana, assinado por in\u00fameras personalidades argentinas, Piedad C\u00f3rdoba agradeceu todo o apoio recebido.<\/p>\n<p>Destacou a importante luta que est\u00e1 travando com seus companheiros e companheiras da Marcha Patri\u00f3tica para gerar um cen\u00e1rio de esperan\u00e7a e luta para o povo colombiano. Detalhou varias das pol\u00edticas repressivas encaradas pelo atual governo, entre as quais a campanha de mentiras sobre o financiamento do novo partido pela guerrilha ou a demoniza\u00e7\u00e3o realizada nos \u00faltimos anos sobre sua pr\u00f3pria figura, na tentativa de afast\u00e1-la da atua\u00e7\u00e3o pol\u00edtica.<\/p>\n<p>Pediu a todos os colombianos e colombianas que estejam fora de seu pa\u00eds que cerrem fileiras junto \u00e0 Marcha Patri\u00f3tica, somando-se \u00e0s campanhas de den\u00fancia contra os embates repressivos sofridos pelos \u201cque lutam contra o autoritarismo dentro da Col\u00f4mbia\u201d. Tamb\u00e9m assinalou que est\u00e1 disposta a recorrer \u00e0 Unasul (mediante uma carta), solicitando que esta alian\u00e7a de pa\u00edses latino-americanos escute as raz\u00f5es dos componentes da Marcha Patri\u00f3tica e n\u00e3o permane\u00e7am apenas com uma vers\u00e3o sobre o que ocorre na Col\u00f4mbia.<\/p>\n<p>Por \u00faltimo, disse que \u201ctemos a certeza de que vamos vencer\u201d e reiterou que \u201cn\u00e3o nos assustam com as amea\u00e7as e nem com as intimida\u00e7\u00f5es. Continuaremos caminhando e lutando at\u00e9 conseguirmos a liberdade com justi\u00e7a social para nosso pa\u00eds\u201d.<\/p>\n<p>Na segunda parte do ato de confraternidade latino-americana e dentro da convocat\u00f3ria realizada por C\u00e1tedras Bolivarianas do jornal Resumen Latinoamericano, foi poss\u00edvel escutar Atilio Bor\u00f3n\u00a0 e o conselheiro pol\u00edtico da Embaixada da Rep\u00fablica Bolivariana da Venezuela, Juan E. Romero. Depois de ser apresentado por Azn\u00e1rez, que reiterou a necessidade de multiplicar as manifesta\u00e7\u00f5es de ades\u00e3o ao processo revolucion\u00e1rio, justamente a menos de dois meses da estrat\u00e9gica elei\u00e7\u00e3o de 7 de outubro, Bor\u00f3n fez uma pormenorizada descri\u00e7\u00e3o das manobras realizadas pelo imp\u00e9rio para atacar os distintos cen\u00e1rios emancipacionistas do continente, al\u00e9m de aprofundar seus embates b\u00e9licos no mundo \u00e1rabe e na \u00c1frica. Tamb\u00e9m destacou as excelentes possibilidades econ\u00f4micas possu\u00eddas pelas Venezuela, apesar da crise capitalista, e o que isso provoca naqueles que tentam desestabiliz\u00e1-la como pa\u00eds.<\/p>\n<p>Finalmente, o diplomata venezuelano Romero explicou as diferentes manobras da burguesia para gerar uma situa\u00e7\u00e3o desestabilizadora em seu pa\u00eds, que v\u00e3o \u201cdesde o n\u00e3o reconhecimento do triunfo eleitoral do dia 7, com a alega\u00e7\u00e3o de fraudes, at\u00e9 as campanhas acusat\u00f3rias contra a lideran\u00e7a de Hugo Ch\u00e1vez\u201d. Assim, argumentou que se est\u00e3o dadas todas as condi\u00e7\u00f5es para a vit\u00f3ria (inclusive \u00e9 o que apresentam as pesquisas da pr\u00f3pria oposi\u00e7\u00e3o) \u201cn\u00e3o \u00e9 preciso cair em triunfalismos, mas sim refor\u00e7ar ainda mais a milit\u00e2ncia para assegurar a vit\u00f3ria\u201d.<\/p>\n<p>Tradu\u00e7\u00e3o: Partido Comunista Brasileiro (PCB)<\/p>\n","protected":false},"excerpt":{"rendered":"\n\n\nCr\u00e9dito: Resumen\n\n\n\n\n\n\n\n\nRESUMEN LATINOAMERICANO\n<a class=\"moretag\" href=\"https:\/\/pcb.org.br\/portal2\/3394\"> <\/a>","protected":false},"author":1,"featured_media":0,"comment_status":"open","ping_status":"open","sticky":false,"template":"","format":"standard","meta":{"jetpack_post_was_ever_published":false,"_jetpack_newsletter_access":"","_jetpack_dont_email_post_to_subs":false,"_jetpack_newsletter_tier_id":0,"_jetpack_memberships_contains_paywalled_content":false,"_jetpack_memberships_contains_paid_content":false,"footnotes":"","jetpack_publicize_message":"","jetpack_publicize_feature_enabled":true,"jetpack_social_post_already_shared":false,"jetpack_social_options":{"image_generator_settings":{"template":"highway","default_image_id":0,"font":"","enabled":false},"version":2}},"categories":[45],"tags":[],"class_list":["post-3394","post","type-post","status-publish","format-standard","hentry","category-c54-venezuela"],"jetpack_publicize_connections":[],"jetpack_featured_media_url":"","jetpack_shortlink":"https:\/\/wp.me\/p659gw-SK","jetpack-related-posts":[],"jetpack_likes_enabled":true,"jetpack_sharing_enabled":true,"_links":{"self":[{"href":"https:\/\/pcb.org.br\/portal2\/wp-json\/wp\/v2\/posts\/3394","targetHints":{"allow":["GET"]}}],"collection":[{"href":"https:\/\/pcb.org.br\/portal2\/wp-json\/wp\/v2\/posts"}],"about":[{"href":"https:\/\/pcb.org.br\/portal2\/wp-json\/wp\/v2\/types\/post"}],"author":[{"embeddable":true,"href":"https:\/\/pcb.org.br\/portal2\/wp-json\/wp\/v2\/users\/1"}],"replies":[{"embeddable":true,"href":"https:\/\/pcb.org.br\/portal2\/wp-json\/wp\/v2\/comments?post=3394"}],"version-history":[{"count":0,"href":"https:\/\/pcb.org.br\/portal2\/wp-json\/wp\/v2\/posts\/3394\/revisions"}],"wp:attachment":[{"href":"https:\/\/pcb.org.br\/portal2\/wp-json\/wp\/v2\/media?parent=3394"}],"wp:term":[{"taxonomy":"category","embeddable":true,"href":"https:\/\/pcb.org.br\/portal2\/wp-json\/wp\/v2\/categories?post=3394"},{"taxonomy":"post_tag","embeddable":true,"href":"https:\/\/pcb.org.br\/portal2\/wp-json\/wp\/v2\/tags?post=3394"}],"curies":[{"name":"wp","href":"https:\/\/api.w.org\/{rel}","templated":true}]}}