{"id":3395,"date":"2012-08-20T22:03:23","date_gmt":"2012-08-20T22:03:23","guid":{"rendered":"http:\/\/pcb.org.br\/portal2\/?p=3395"},"modified":"2012-08-20T22:03:23","modified_gmt":"2012-08-20T22:03:23","slug":"o-reino-unido-como-qestado-canalhaq","status":"publish","type":"post","link":"https:\/\/pcb.org.br\/portal2\/3395","title":{"rendered":"O Reino Unido como &#8220;estado canalha&#8221;"},"content":{"rendered":"\n<p>Buenos Aires, 17 de agosto de 2012<\/p>\n<p>A partir de fins do s\u00e9culo passado, ganhou crescente aceita\u00e7\u00e3o na opini\u00e3o p\u00fablica internacional a express\u00e3o \u201cestado canalha\u201d. Incentivado pela m\u00e1quina propagand\u00edstica norte-americana, o conceito tinha como objetivo satanizar os pa\u00edses hostilizados por Washington, com a evidente inten\u00e7\u00e3o de justificar as agress\u00f5es do imp\u00e9rio. Nesta lista estavam inclusos Afeganist\u00e3o, Coreia do Norte, Cuba, Iraque, Ir\u00e3, L\u00edbia, S\u00e9rvia-Montenegro, Sud\u00e3o e S\u00edria. Atualmente, a listagem se reduziu a cinco pa\u00edses, porque gra\u00e7as \u00e0s pol\u00edticas de promo\u00e7\u00e3o de \u201cmudan\u00e7as de regime\u201d (eufemismo para evitar dizer \u201cinterven\u00e7\u00e3o aberta dos EUA\u201d), Afeganist\u00e3o, Iraque, L\u00edbia e S\u00e9rvia-Montenegro foram incorporados \u00e0 categoria de na\u00e7\u00f5es democr\u00e1ticas. O Sud\u00e3o, por sua vez, foi dividido em dois e a regi\u00e3o rica em petr\u00f3leo se converteu em Sud\u00e3o do Sul. O resto continua sendo um \u201cestado canalha\u201d.<\/p>\n<p>Por\u00e9m, as reviravoltas da hist\u00f3ria ou a \u201cast\u00facia da raz\u00e3o\u201d hegeliana fizeram com que hoje esse termo se volte contra seu criador. Os estigmatizados o eram por sua pretensa viola\u00e7\u00e3o aos direitos humanos, seu apoio ao terrorismo e suas armas de destrui\u00e7\u00e3o maci\u00e7a constitu\u00edam amea\u00e7as letais \u00e0 comunidade de na\u00e7\u00f5es. Cuba, a maior exportadora mundial de professores e m\u00e9dicos permanece nessa lista da inf\u00e2mia at\u00e9 os dias de hoje! Em s\u00edntese, eram governos que violavam a legalidade internacional e, por isso mesmo, a obriga\u00e7\u00e3o dos Estados Unidos e seus aliados era acabar com esse flagelo. No entanto, fora dois eminentes intelectuais norte-americanos, Noam Chomsky e William Blum, e um cineasta, Oliver Stone, que desconstru\u00edram o argumento da Casa Branca ao fundamentar as raz\u00f5es pelas quais o principal \u201cestado canalha\u201d do planeta e a maior amea\u00e7a terrorista \u00e0 paz mundial n\u00e3o era outro sen\u00e3o os Estados Unidos.<\/p>\n<p>O Reino Unido n\u00e3o fica atr\u00e1s como \u201cestado canalha\u201d. Nos \u00faltimos tempos fez mais que o suficiente para dividir o p\u00f3dio com seu descendente do outro lado do Atl\u00e2ntico. A evid\u00eancia \u00e9 espantosa e se algo faltava \u00e0s suas reiteradas manifesta\u00e7\u00f5es de desprezo perante a legalidade internacional, representada pelas resolu\u00e7\u00f5es da Assembleia Geral e o Comit\u00ea de Descoloniza\u00e7\u00e3o das Na\u00e7\u00f5es Unidas, no caso das Ilhas Malvinas (bem como em mais outros 9 casos, totalizando 16), a atitude de Londres em rela\u00e7\u00e3o \u00e0 Julian Assange acaba com qualquer d\u00favida sobre o assunto. Seria poss\u00edvel afirmar que, com a gest\u00e3o de David Cameron, o Reino Unido se converteu em um aut\u00eantico \u201cviolador em s\u00e9rie\u201d de leis e tratados internacionais.<\/p>\n<p>Bravatas, como o envio do destr\u00f3ier\u00a0Dauntless \u00e0s Malvinas, empalidecem diante da den\u00fancia do chanceler equatoriano Ricardo Pati\u00f1o afirmando que o governo brit\u00e2nico transmitiu a Quito uma \u201camea\u00e7a expressa e por escrito de que poderiam assaltar nossa Embaixada do Equador em Londres caso n\u00e3o entregassem Julian Assange\u201d. O Secret\u00e1rio de Assuntos Estrangeiros do RU ratificou, posteriormente, essa amea\u00e7a que viola a Conven\u00e7\u00e3o de Viena, onde se estabelece a inviolabilidade das sedes diplom\u00e1ticas (extensiva \u00e0 resid\u00eancia dos embaixadores, autom\u00f3veis das embaixadas e \u00e0s bagagens diplom\u00e1ticas), coisa que nem os sanguin\u00e1rios ditadores como Jorge R. Videla e Augusto Pinochet atreveram a desrespeitar. Basta lembrar que o ex-presidente H\u00e9ctor C\u00e1mpora ficou refugiado na embaixada do M\u00e9xico em Buenos Aires durante cinco anos e, quando obteve asilo pol\u00edtico, saiu do pa\u00eds sem ser molestado. No entanto, Londres assegurou, ainda que o Equador j\u00e1 tenha concedido o asilo a Assange, n\u00e3o o deixar\u00e1 sair da embaixada.<\/p>\n<p>Assim, transgride o que explicitamente estabelece a Conven\u00e7\u00e3o sobre o Estatuto dos Refugiados que o pr\u00f3prio RU assinou, descumprindo na pr\u00e1tica com sua desobedi\u00eancia. \u00c9 que o delito cometido por Assange tornou-se imperdo\u00e1vel ao tornar p\u00fablica a corrup\u00e7\u00e3o e os crimes cometidos e mantidos em segredo pelo imp\u00e9rio. Em consequ\u00eancia, os Estados Unidos vem mobilizando suas for\u00e7as a n\u00edvel mundial para acoss\u00e1-lo, ainda que seja violando todas as leis e tratados internacionais e atropelando todas as liberdades e direitos humanos, para dar a ele o castigo que merece.<\/p>\n<p>A imprensa hegem\u00f4nica de todo o mundo aplaude a \u201ccoragem de Londres\u201d. \u00c9 que o RU \u00e9 um d\u00f3cil pe\u00e3o da estrat\u00e9gia imperial, como tamb\u00e9m o \u00e9 o atual governo sueco e, pior ainda, o da Austr\u00e1lia, pa\u00eds do qual \u00e9 oriundo Assange e que, de maneira escandalosa, ignorou o caso. Claro, em novembro de 2011, Barack Obama anunciou que enviaria uma tripula\u00e7\u00e3o de 2.500 marines a uma nova base a ser inaugurada em Camberra, na Austr\u00e1lia, como primeiro passo de uma estrat\u00e9gia muito mais ambiciosa para conter o \u201cexpansionismo chin\u00eas\u201d nesse pa\u00eds. Diante disso, como poderia o governo australiano preocupar-se com a sorte do atualmente mais famoso de seus cidad\u00e3os?<\/p>\n<p>Tradu\u00e7\u00e3o: Partido Comunista Brasileiro (PCB)<\/p>\n","protected":false},"excerpt":{"rendered":"\n\n\nCr\u00e9dito: e.glbimg.com\n\n\n\n\n\n\n\n\nPor Atilio A. Boron\n<a class=\"moretag\" href=\"https:\/\/pcb.org.br\/portal2\/3395\"> <\/a>","protected":false},"author":1,"featured_media":0,"comment_status":"open","ping_status":"open","sticky":false,"template":"","format":"standard","meta":{"jetpack_post_was_ever_published":false,"_jetpack_newsletter_access":"","_jetpack_dont_email_post_to_subs":false,"_jetpack_newsletter_tier_id":0,"_jetpack_memberships_contains_paywalled_content":false,"_jetpack_memberships_contains_paid_content":false,"footnotes":"","jetpack_publicize_message":"","jetpack_publicize_feature_enabled":true,"jetpack_social_post_already_shared":false,"jetpack_social_options":{"image_generator_settings":{"template":"highway","default_image_id":0,"font":"","enabled":false},"version":2}},"categories":[38],"tags":[],"class_list":["post-3395","post","type-post","status-publish","format-standard","hentry","category-c43-imperialismo"],"jetpack_publicize_connections":[],"jetpack_featured_media_url":"","jetpack_shortlink":"https:\/\/wp.me\/p659gw-SL","jetpack-related-posts":[],"jetpack_likes_enabled":true,"jetpack_sharing_enabled":true,"_links":{"self":[{"href":"https:\/\/pcb.org.br\/portal2\/wp-json\/wp\/v2\/posts\/3395","targetHints":{"allow":["GET"]}}],"collection":[{"href":"https:\/\/pcb.org.br\/portal2\/wp-json\/wp\/v2\/posts"}],"about":[{"href":"https:\/\/pcb.org.br\/portal2\/wp-json\/wp\/v2\/types\/post"}],"author":[{"embeddable":true,"href":"https:\/\/pcb.org.br\/portal2\/wp-json\/wp\/v2\/users\/1"}],"replies":[{"embeddable":true,"href":"https:\/\/pcb.org.br\/portal2\/wp-json\/wp\/v2\/comments?post=3395"}],"version-history":[{"count":0,"href":"https:\/\/pcb.org.br\/portal2\/wp-json\/wp\/v2\/posts\/3395\/revisions"}],"wp:attachment":[{"href":"https:\/\/pcb.org.br\/portal2\/wp-json\/wp\/v2\/media?parent=3395"}],"wp:term":[{"taxonomy":"category","embeddable":true,"href":"https:\/\/pcb.org.br\/portal2\/wp-json\/wp\/v2\/categories?post=3395"},{"taxonomy":"post_tag","embeddable":true,"href":"https:\/\/pcb.org.br\/portal2\/wp-json\/wp\/v2\/tags?post=3395"}],"curies":[{"name":"wp","href":"https:\/\/api.w.org\/{rel}","templated":true}]}}