{"id":3397,"date":"2012-08-20T22:32:08","date_gmt":"2012-08-20T22:32:08","guid":{"rendered":"http:\/\/pcb.org.br\/portal2\/?p=3397"},"modified":"2017-08-25T00:55:34","modified_gmt":"2017-08-25T03:55:34","slug":"manipulacao-dos-meios-de-comunicacao-o-caso-de-anita-prestes-e-o-escandalo-do-qmensalaoq","status":"publish","type":"post","link":"https:\/\/pcb.org.br\/portal2\/3397","title":{"rendered":"Manipula\u00e7\u00e3o dos meios de comunica\u00e7\u00e3o: o caso de Anita Prestes e o esc\u00e2ndalo do &#8220;Mensal\u00e3o&#8221;"},"content":{"rendered":"\n<p>Manifestamos nossa irrestrita solidariedade \u00e0 professora Anita Leoc\u00e1dia Prestes, diante da insidiosa manipula\u00e7\u00e3o de diversos meios de comunica\u00e7\u00e3o conservadores que tentam insinuar a liga\u00e7\u00e3o dela como envolvida no rumoroso processo conhecido como \u201cmensal\u00e3o\u201d.<\/p>\n<p>A manipula\u00e7\u00e3o consiste em n\u00e3o revelar o sobrenome e nem a fotografia de uma indiciada, chamada Anita Leoc\u00e1dia Pereira da Costa, para sugerir a impress\u00e3o de que se trata da digna professora, cuja conduta impoluta e s\u00f3lida forma\u00e7\u00e3o \u00e9tica e ideol\u00f3gica s\u00e3o conhecidas de todos aqueles que a conhecem.<\/p>\n<p>Um importante portal de not\u00edcias chegou ao ponto de expor a fotografia de Anita Leoc\u00e1dia Prestes, ao lado de sua tia Ligia Prestes, irm\u00e3 do Cavaleiro da Esperan\u00e7a. Apesar de este portal ter feito uma errata alguns dias depois, em espa\u00e7o secund\u00e1rio, a foto de nossa estimada professora foi exposta durante dias em sua p\u00e1gina principal, atribuindo-se a ela as acusa\u00e7\u00f5es que pairam contra a sua hom\u00f4nima.<\/p>\n<p>Estes \u201cerros\u201d de informa\u00e7\u00e3o n\u00e3o s\u00e3o fortuitos. Trata-se de uma torpe campanha que tenta atingir n\u00e3o s\u00f3 a professora Anita Leoc\u00e1dia Prestes, mas tamb\u00e9m a irretoc\u00e1vel imagem de seu pai, Luiz Carlos Prestes, s\u00edmbolo maior da luta intransigente contra uma forma de sociedade em que a corrup\u00e7\u00e3o \u00e9 sist\u00eamica e a \u201cliberdade de imprensa\u201d \u00e9 usada para alienar, manipular e sobretudo manter os privil\u00e9gios das classes dominantes.<\/p>\n<p>Rio de Janeiro, 2 de agosto de 2012<\/p>\n<p>Os signat\u00e1rios<\/p>\n<p><a href=\"http:\/\/www.peticaopublica.com.br\/PeticaoListaSignatarios.aspx?page=&amp;sr=1&amp;pi=ANILEPRE\" target=\"_blank\">http:\/\/www.peticaopublica.com.br\/PeticaoListaSignatarios.aspx?page=&amp;sr=1&amp;pi=ANILEPRE<\/a><\/p>\n<p>N\u00f3s subscrevemos o abaixo-assinado\u00a0<a href=\"http:\/\/www.peticaopublica.com.br\/PeticaoVer.aspx?pi=ANILEPRE\" target=\"_blank\">SOLIDARIEDADE A ANITA LEOC\u00c1DIA PRESTES<\/a>, Para Povo brasileiro<\/p>\n<p>869 pessoas j\u00e1 assinaram.<\/p>\n<p><a href=\"http:\/\/www.peticaopublica.com.br\/PeticaoVer.aspx?pi=ANILEPRE\" target=\"_blank\">Leia o abaixo-assinado SOLIDARIEDADE A ANITA LEOC\u00c1DIA PRESTES<\/a><\/p>\n<p><input name=\"ctl00$ContentPlaceHolder1$cmdAssinarPeticao1\" type=\"submit\" value=\"Assinar o abaixo-assinado SOLIDARIEDADE A ANITA LEOC\u00c1DIA PRESTES\" \/><\/p>\n<p>Lista de \u00faltimas assinaturas do abaixo-assinado:<\/p>\n<table border=\"0\">\n<tbody>\n<tr>\n<td>1<\/td>\n<td>Ivan Pinheiro<\/td>\n<td>Secret\u00e1rio Geral do PCB<\/td>\n<\/tr>\n<tr>\n<td>2<\/td>\n<td>Jo\u00e3o Luiz Duboc Pinaud- Presidente da Casa da Am\u00e9rica Latina,presidente da rama do Rio de Janeiro da AAj.<\/td>\n<td>Esta ivestida contra reconhecida dignidade de Anita Leocadia Prestes somente pode gerar repulsa geral e demonstra s\u00f3rdidas pr\u00e1ticas contra pessoas que tem uma vida entregue ao pa\u00eds e a sua real liberta\u00e7\u00e3o.<\/td>\n<\/tr>\n<tr>\n<td>3<\/td>\n<td>Katia da Matta Pinheiro,diretora de assuntos institucionais da Casa da Am\u00e9rica Latina<\/td>\n<td>Minha solidariedade irrestita \u00e0 Anita Leoc\u00e1dia Prestes ,valiosa Historiadora,exemplo de integridade ,coragem e entrega \u00e0s causas justas que conduzem \u00e0 sociedade igualit\u00e1ria!<\/td>\n<\/tr>\n<tr>\n<td>4<\/td>\n<td>Leila Rodrigues da Silva<\/td>\n<td><\/td>\n<\/tr>\n<tr>\n<td>5<\/td>\n<td>Marina Gusm\u00e3o de Mendon\u00e7a<\/td>\n<td><\/td>\n<\/tr>\n<tr>\n<td>6<\/td>\n<td>caio navarro de toledo<\/td>\n<td><\/td>\n<\/tr>\n<tr>\n<td>7<\/td>\n<td>Sonia Maria Ranincheski<\/td>\n<td><\/td>\n<\/tr>\n<tr>\n<td>8<\/td>\n<td>edgar gonnzalez marin<\/td>\n<td>reciba usted camarada mi mayor gesto de solidaridad en mi nombre personal y como c\u00f2nsul feneral de Venezula , estoy seguro Anita que tu dignidad y t\u00f9 posicion ante la vida no la va a entorpecer ni destruir el papel y el lapiz de unas presonas que no tienen verguenza ni dignidade que creen que haciendo ese tipo de jugadas sucias como es costumbre pueden destruir la MORAL de cualquier persona. 100 % creemos en ti 0 % se le puede creer a esos palangrista de oficio. Saludos y un gran Abrazo Solidario y Revolucionario !<\/td>\n<\/tr>\n<tr>\n<td>9<\/td>\n<td>Carlos Augusto Santana Pereira<\/td>\n<td><\/td>\n<\/tr>\n<tr>\n<td>10<\/td>\n<td>Adriana Carvalho<\/td>\n<td><\/td>\n<\/tr>\n<tr>\n<td>11<\/td>\n<td>Evelise Zimmer Neves<\/td>\n<td>Imoral, repulsivo que se tente vincular a Profa. Anita a esses ladroes, safados e outros ordin\u00e1rios da laia de Z\u00e9 Dirceu.<\/td>\n<\/tr>\n<tr>\n<td>12<\/td>\n<td>LENI CAMPOS AKCELRUD<\/td>\n<td><\/td>\n<\/tr>\n<tr>\n<td>13<\/td>\n<td>Virginia Maria Gomes de Mattos Fontes<\/td>\n<td><\/td>\n<\/tr>\n<tr>\n<td>14<\/td>\n<td>Karine Neves Mourao<\/td>\n<td><\/td>\n<\/tr>\n<tr>\n<td>15<\/td>\n<td>MILTON PINHEIRO (UNEB\/ICP)<\/td>\n<td><\/td>\n<\/tr>\n<tr>\n<td>16<\/td>\n<td>Sofia Manzano (Unicamp)<\/td>\n<td><\/td>\n<\/tr>\n<tr>\n<td>17<\/td>\n<td>cristiana de vasconcelos lopes<\/td>\n<td><\/td>\n<\/tr>\n<tr>\n<td>18<\/td>\n<td>Lincoln de Abreu Penna<\/td>\n<td><\/td>\n<\/tr>\n<tr>\n<td>19<\/td>\n<td>carlos Roberto Sanches<\/td>\n<td><\/td>\n<\/tr>\n<tr>\n<td>20<\/td>\n<td>Robert Sterling Rose<\/td>\n<td><\/td>\n<\/tr>\n<\/tbody>\n<\/table>\n<p><a href=\"http:\/\/prestesaressurgir.blogspot.com\/2012\/08\/midia-tenta-promover-linchamento.html\" target=\"_blank\">http:\/\/prestesaressurgir.blogspot.com\/2012\/08\/midia-tenta-promover-linchamento.html<\/a><\/p>\n","protected":false},"excerpt":{"rendered":"\n\n\nCr\u00e9dito: 1.bp.blogspot\n\n\n\n\n\n\n\n\nSOLIDARIEDADE A ANITA LEOC\u00c1DIA PRESTES\n<a class=\"moretag\" href=\"https:\/\/pcb.org.br\/portal2\/3397\"> <\/a>","protected":false},"author":1,"featured_media":0,"comment_status":"open","ping_status":"open","sticky":false,"template":"","format":"standard","meta":{"jetpack_post_was_ever_published":false,"_jetpack_newsletter_access":"","_jetpack_dont_email_post_to_subs":false,"_jetpack_newsletter_tier_id":0,"_jetpack_memberships_contains_paywalled_content":false,"_jetpack_memberships_contains_paid_content":false,"footnotes":"","jetpack_publicize_message":"","jetpack_publicize_feature_enabled":true,"jetpack_social_post_already_shared":false,"jetpack_social_options":{"image_generator_settings":{"template":"highway","default_image_id":0,"font":"","enabled":false},"version":2}},"categories":[7],"tags":[],"class_list":["post-3397","post","type-post","status-publish","format-standard","hentry","category-s8-brasil"],"jetpack_publicize_connections":[],"jetpack_featured_media_url":"","jetpack_shortlink":"https:\/\/wp.me\/p659gw-SN","jetpack-related-posts":[],"jetpack_likes_enabled":true,"jetpack_sharing_enabled":true,"_links":{"self":[{"href":"https:\/\/pcb.org.br\/portal2\/wp-json\/wp\/v2\/posts\/3397","targetHints":{"allow":["GET"]}}],"collection":[{"href":"https:\/\/pcb.org.br\/portal2\/wp-json\/wp\/v2\/posts"}],"about":[{"href":"https:\/\/pcb.org.br\/portal2\/wp-json\/wp\/v2\/types\/post"}],"author":[{"embeddable":true,"href":"https:\/\/pcb.org.br\/portal2\/wp-json\/wp\/v2\/users\/1"}],"replies":[{"embeddable":true,"href":"https:\/\/pcb.org.br\/portal2\/wp-json\/wp\/v2\/comments?post=3397"}],"version-history":[{"count":0,"href":"https:\/\/pcb.org.br\/portal2\/wp-json\/wp\/v2\/posts\/3397\/revisions"}],"wp:attachment":[{"href":"https:\/\/pcb.org.br\/portal2\/wp-json\/wp\/v2\/media?parent=3397"}],"wp:term":[{"taxonomy":"category","embeddable":true,"href":"https:\/\/pcb.org.br\/portal2\/wp-json\/wp\/v2\/categories?post=3397"},{"taxonomy":"post_tag","embeddable":true,"href":"https:\/\/pcb.org.br\/portal2\/wp-json\/wp\/v2\/tags?post=3397"}],"curies":[{"name":"wp","href":"https:\/\/api.w.org\/{rel}","templated":true}]}}