{"id":3405,"date":"2012-08-22T14:30:09","date_gmt":"2012-08-22T14:30:09","guid":{"rendered":"http:\/\/pcb.org.br\/portal2\/?p=3405"},"modified":"2012-08-22T14:30:09","modified_gmt":"2012-08-22T14:30:09","slug":"grave-denuncia-contra-carabineros","status":"publish","type":"post","link":"https:\/\/pcb.org.br\/portal2\/3405","title":{"rendered":"Grave denuncia contra Carabineros:"},"content":{"rendered":"\n<p>A situa\u00e7\u00e3o afetou as alunas do Liceu Maria Lu\u00edsa Bombal, em Rancagua. Uma jovem, menor de idade, ao resistir quando lhe arrancavam a roupa, foi duramente espancada pelos policiais. Ao ser indagado sobre o fato, o comandante do batalh\u00e3o de Carabineiros respons\u00e1vel pela a\u00e7\u00e3o respondeu de forma ir\u00f4nica: &#8220;Lhes retiramos a roupa parcialmente&#8221;. Tribunais exigiram colocar &#8220;um fim imediato \u00e0 pr\u00e1tica&#8221; de desnudar os jovens estudantes. Um deputado expressou que o sucedido &#8220;era muito grave e atenta contra os Direitos Humanos&#8221;.<\/p>\n<p>Um pol\u00eamico procedimento policial teve lugar ap\u00f3s a desocupa\u00e7\u00e3o do Liceu Maria Lu\u00edsa Bombal de Rancagua, onde 10 estudantes foram detidos por &#8220;ocupa\u00e7\u00e3o ilegal&#8221; do estabelecimento. Segundo o testemunho dos escolares, os Carabineiros os obrigaram a ficarem nus.<\/p>\n<p>Os fatos tiveram lugar quando a pol\u00edcia de choque chegou no recinto atrav\u00e9s da rua Chorrillos, para proceder \u00e0 desocupa\u00e7\u00e3o do im\u00f3vel. Os Carabineiros detiveram 7 homens e 3 mulheres, que acusaram as for\u00e7as especiais de obrig\u00e1-los a retirarem suas roupas depois da deten\u00e7\u00e3o, al\u00e9m de denunciarem que a desocupa\u00e7\u00e3o foi realizada de forma extremamente violente, sem chance de se retirarem de forma pac\u00edfica e negociada.<\/p>\n<p>&#8220;N\u00e3o nos deram a op\u00e7\u00e3o de sair voluntariamente. Ao chegar na delegacia ordenaram que tir\u00e1ssemos as roupas. \u00c9 bem il\u00f3gico que nos desnudem havendo menores de idade, e n\u00e3o s\u00e3o delinquentes, mas estudantes que est\u00e1vamos em um protesto que transcorria de forma pac\u00edfica&#8221;, comentou Jennifer Olivares, porta-voz dos estudantes.<\/p>\n<p>O tenente-coronel dos Carabineiros, Iv\u00e1n Guajardo, declarou que &#8220;o protocolo indica que todo detido que ingresse em nosso quartel deve ser revistado minuciosamente. N\u00e3o \u00e9 que se realize uma retirada completa das vestimentas,\u00a0 mas apenas parcialmente&#8221;.<\/p>\n<p>De acordo com a fonte policial, eles atuaram por meio de uma peti\u00e7\u00e3o do prefeito Eduardo Soto. Asseguram ainda que uma das detidas &#8220;ao opor-se ao procedimento policial, acabou se acidentando, resultando em les\u00f5es leves&#8221;.<\/p>\n<p>Ap\u00f3s tomar conhecimento da acusa\u00e7\u00e3o dos escolares, o deputado por Rancagua, Juan Luis Castro (PS), declarou que pedir\u00e1 uma investiga\u00e7\u00e3o sobre a atua\u00e7\u00e3o dos Carabineiros e expressou que o sucedido era muito grave, posto que atenta contra os Direitos Humanos.<\/p>\n<p>&#8220;Este fato transgrede todas as normas de direitos humanos e direitos das crian\u00e7as e dos adolescentes. \u00c9 um ato abusivo, vexat\u00f3rio, um excesso que amerita uma investiga\u00e7\u00e3o exaustiva, muito profunda, sobre os procedimentos dos Carabineiros&#8221;, disse o parlamentar.<\/p>\n<p>Atentado aos direitos humanos<\/p>\n<p>A Defensoria Penal de O&#8217;Higgins asseverou que os Carabineiros atuaram &#8220;fora da lei&#8221; ao desnudar os estudantes detidos do Liceu Maria Lu\u00edsa Bombal, da dita regi\u00e3o, a realizar o registro como protocolo de seguran\u00e7a, segundo denunciaram os jovens.<\/p>\n<p>A Defensoria enfatizou que esta pr\u00e1tica \u00e9 contr\u00e1ria \u00e0s leis da Rep\u00fablica que protegem os menores de idade detidos e que al\u00e9m disso, se ajustam \u00e0 Conven\u00e7\u00e3o de Direitos da Crian\u00e7a e outros tratados internacionais, os quais o Chile \u00e9 signat\u00e1rio.<\/p>\n<p>A institui\u00e7\u00e3o completou dizendo que &#8220;inclusive no Hospital Regional existe a proibi\u00e7\u00e3o de constatar les\u00f5es e pedir aos menores detidos que tirem a roupa sem a presen\u00e7a de um adulto respons\u00e1vel pelo infrator&#8221;, sem considerar a pol\u00edcia para estes casos.<\/p>\n<p>Sob estes termos, assevera a Defensoria em um comunicado, &#8220;se os pr\u00f3prios m\u00e9dicos n\u00e3o se atrevem a desnudar a um menor, ent\u00e3o por que a pol\u00edcia se sente com o direito de proceder dessa maneira&#8221;.<\/p>\n<p>O defensor Rodrigo Cabezas exigiu que &#8220;se ponha imediato fim \u00e0 pr\u00e1tica de desnudar as crian\u00e7as para seu registro por parte de funcion\u00e1rios dos Carabineiros, o que evidentemente violenta sua sa\u00fade psicol\u00f3gica e a de seus pais, e \u00e9 contr\u00e1ria \u00e0s leis nacionais e tratados internacionais sobre a mat\u00e9ria&#8221;.<\/p>\n<p>Tradu\u00e7\u00e3o: PCB \u2013 PARTIDO COMUNISTA BRASILEIRO<\/p>\n","protected":false},"excerpt":{"rendered":"\n\n\nCr\u00e9dito: Diarioliberdadet\n\n\n\n\n\n\n\n\nobrigaram as mulheres estudantes a ficarem nuas. Defensoria Penal disse que a pol\u00edcia atuou fora da lei. Uma jovem ficou ferida\n<a class=\"moretag\" href=\"https:\/\/pcb.org.br\/portal2\/3405\"> <\/a>","protected":false},"author":1,"featured_media":0,"comment_status":"open","ping_status":"open","sticky":false,"template":"","format":"standard","meta":{"jetpack_post_was_ever_published":false,"_jetpack_newsletter_access":"","_jetpack_dont_email_post_to_subs":false,"_jetpack_newsletter_tier_id":0,"_jetpack_memberships_contains_paywalled_content":false,"_jetpack_memberships_contains_paid_content":false,"footnotes":"","jetpack_publicize_message":"","jetpack_publicize_feature_enabled":true,"jetpack_social_post_already_shared":false,"jetpack_social_options":{"image_generator_settings":{"template":"highway","default_image_id":0,"font":"","enabled":false},"version":2}},"categories":[38],"tags":[],"class_list":["post-3405","post","type-post","status-publish","format-standard","hentry","category-c43-imperialismo"],"jetpack_publicize_connections":[],"jetpack_featured_media_url":"","jetpack_shortlink":"https:\/\/wp.me\/p659gw-SV","jetpack-related-posts":[],"jetpack_likes_enabled":true,"jetpack_sharing_enabled":true,"_links":{"self":[{"href":"https:\/\/pcb.org.br\/portal2\/wp-json\/wp\/v2\/posts\/3405","targetHints":{"allow":["GET"]}}],"collection":[{"href":"https:\/\/pcb.org.br\/portal2\/wp-json\/wp\/v2\/posts"}],"about":[{"href":"https:\/\/pcb.org.br\/portal2\/wp-json\/wp\/v2\/types\/post"}],"author":[{"embeddable":true,"href":"https:\/\/pcb.org.br\/portal2\/wp-json\/wp\/v2\/users\/1"}],"replies":[{"embeddable":true,"href":"https:\/\/pcb.org.br\/portal2\/wp-json\/wp\/v2\/comments?post=3405"}],"version-history":[{"count":0,"href":"https:\/\/pcb.org.br\/portal2\/wp-json\/wp\/v2\/posts\/3405\/revisions"}],"wp:attachment":[{"href":"https:\/\/pcb.org.br\/portal2\/wp-json\/wp\/v2\/media?parent=3405"}],"wp:term":[{"taxonomy":"category","embeddable":true,"href":"https:\/\/pcb.org.br\/portal2\/wp-json\/wp\/v2\/categories?post=3405"},{"taxonomy":"post_tag","embeddable":true,"href":"https:\/\/pcb.org.br\/portal2\/wp-json\/wp\/v2\/tags?post=3405"}],"curies":[{"name":"wp","href":"https:\/\/api.w.org\/{rel}","templated":true}]}}