{"id":3414,"date":"2012-08-24T14:32:46","date_gmt":"2012-08-24T14:32:46","guid":{"rendered":"http:\/\/pcb.org.br\/portal2\/?p=3414"},"modified":"2012-08-24T14:32:46","modified_gmt":"2012-08-24T14:32:46","slug":"o-aposentado-joel-andrade-preso-e-torturado-relata-em-entrevista-a-experiencia-dos-anos-de-chumbo-no-brasil","status":"publish","type":"post","link":"https:\/\/pcb.org.br\/portal2\/3414","title":{"rendered":"O aposentado Joel Andrade, preso e torturado, relata, em entrevista, a experi\u00eancia dos anos de chumbo no Brasil"},"content":{"rendered":"\n<p><strong>O aposentado Joel Andrade, preso e torturado, relata, em entrevista, a experi\u00eancia dos anos de chumbo no Brasil.<\/strong><\/p>\n<p><strong>\u201cNo dia 12 de abril de 1975, eu estava na minha casa, dormindo, quando fui acordado \u00e0s 6h da manh\u00e3 e levado preso para o DOI-CODI, com capuz na cabe\u00e7a. L\u00e1, eu passei por momentos muito dif\u00edceis: fui colocado no pau de arara e na cadeira do drag\u00e3o\u201d.<\/strong><\/p>\n<p>O m\u00eas de abril foi marcado por v\u00e1rias manifesta\u00e7\u00f5es que lembraram os 48 anos do golpe militar. O Sintrajud, em respeito \u00e0 mem\u00f3ria dos trabalhadores que tamb\u00e9m foram presos e torturados pelo regime, publica a entrevista com aposentado da Justi\u00e7a Federal, Joel de Andrade Teixeira.<\/p>\n<p><strong>Jornal do judici\u00e1rio \u2013 Como o senhor lembra o cen\u00e1rio brasileiro que culminou no golpe?<\/strong><\/p>\n<p>Joel \u2013 A Ditadura foi um ato de for\u00e7a utilizado e todos foram pegos de surpresa, apesar das movimenta\u00e7\u00f5es dos militares para que o golpe avan\u00e7asse. Est\u00e1vamos \u201cdormindo\u201d, pensando que o golpe n\u00e3o iria acontecer e que n\u00e3o atacariam t\u00e3o violentamente a popula\u00e7\u00e3o. Al\u00e9m das a\u00e7\u00f5es de repress\u00e3o, eles ( militares ) tiveram o apoio do imperialismo norte-americano, inclusive com o refor\u00e7o da esquadra norte-americana.<\/p>\n<p><strong>JJ \u2013 Qual a organiza\u00e7\u00e3o que o senhor militava e como foi a pris\u00e3o?<\/strong><\/p>\n<p>Joel \u2013 Era militante do PCB e atuava nos movimentos populares. Estava na categoria de aerovi\u00e1rios. \u00c9ramos poucos. Fizemos a luta de massas dentro dos sindicatos e das organiza\u00e7\u00f5es de base, mas, no dia 12 de abril, eu estava na minha casa dormindo, quando fui acordado \u00e0s 6h da manh\u00e3 e levado preso para o DOI-CODI, com capuz na cabe\u00e7a. L\u00e1, eu passei por momentos muito dif\u00edceis: fui colocado no pau de arara, na cadeira do drag\u00e3o e tomei choque nos ouvidos. Hoje, tenho problema de audi\u00e7\u00e3o.<\/p>\n<p><strong>JJ \u2013 O senhor ficou quanto tempo nas m\u00e3os dos torturadores?<\/strong><\/p>\n<p>Joel \u2013 Fiquei aproximadamente um m\u00eas e era torturado todos os dias. Trabalhava na Transbrasil e, quando eu voltei para o meu posto, fui mandado embora devido \u00e0 pris\u00e3o. Devido \u00e0 demiss\u00e3o, hoje, recebo uma indeniza\u00e7\u00e3o. Desde a ditadura, sempre militei em prol do movimento social, como milito hoje no sindicato, para que a classe trabalhadora deixe de ser explorada e criarmos um novo sistema onde n\u00e3o haja a explora\u00e7\u00e3o do homem pelo homem.<\/p>\n<p><strong>JJ \u2013 Qual o sentimento do senhor com a comemora\u00e7\u00e3o dos militares nos 48 anos do Golpe?<\/strong><\/p>\n<p>Joel \u2013 Foi de repulsa, porque eles se fazem de \u201ccoisa morta\u201d daquela barbaridade que cometeram. Eles devem ser punidos. Sabemos que o Brasil est\u00e1 sendo condenado pela OEA, por n\u00e3o ter condenado os torturadores do jornalista Vladimir Herzog e de muitos outros brasileiros que foram torturados nas m\u00e3os destes mesmos militares que hoje est\u00e3o se dizendo inocentes.<\/p>\n<p><strong>JJ \u2013 Sobre a Comiss\u00e3o da verdade, qual \u00e9 a avalia\u00e7\u00e3o do senhor?<\/strong><\/p>\n<p>Joel \u2013 Na Comiss\u00e3o, devem estar pessoas de valores e que realmente compreendam os direitos de quem foi torturado e precisa repara\u00e7\u00e3o. Eu tenho d\u00favidas quanto ao papel da Comiss\u00e3o da Verdade, mas vamos aguardar.<\/p>\n<p><strong>JJ \u2013 E a rela\u00e7\u00e3o do governo Dilma Roussef com os torturadores da Ditadura?<\/strong><\/p>\n<p>Joel \u2013 Nos sistema capitalista, o governo \u00e9 o administrador da burguesia e Dilma est\u00e1 administrando os interesses e a economia para fortalecer os mecanismos da burguesia. Por isso, ela est\u00e1 sendo um instrumento deste setor contra os trabalhadores.<\/p>\n<p>Fonte: Jornal do Judici\u00e1rio \u2013 26 abr 2012 \u2013 \u00d3rg\u00e3o Oficial do Sindicato dos Trabalhadores do Judici\u00e1rio Federal no Estado de S\u00e3o Paulo.<\/p>\n","protected":false},"excerpt":{"rendered":"\n\n\nCr\u00e9dito: add\n\n\n\n\n\n\n\n\nDITADURA MILITAR\n<a class=\"moretag\" href=\"https:\/\/pcb.org.br\/portal2\/3414\"> <\/a>","protected":false},"author":1,"featured_media":0,"comment_status":"open","ping_status":"open","sticky":false,"template":"","format":"standard","meta":{"jetpack_post_was_ever_published":false,"_jetpack_newsletter_access":"","_jetpack_dont_email_post_to_subs":false,"_jetpack_newsletter_tier_id":0,"_jetpack_memberships_contains_paywalled_content":false,"_jetpack_memberships_contains_paid_content":false,"footnotes":"","jetpack_publicize_message":"","jetpack_publicize_feature_enabled":true,"jetpack_social_post_already_shared":false,"jetpack_social_options":{"image_generator_settings":{"template":"highway","default_image_id":0,"font":"","enabled":false},"version":2}},"categories":[53],"tags":[],"class_list":["post-3414","post","type-post","status-publish","format-standard","hentry","category-c64-ditadura"],"jetpack_publicize_connections":[],"jetpack_featured_media_url":"","jetpack_shortlink":"https:\/\/wp.me\/p659gw-T4","jetpack-related-posts":[],"jetpack_likes_enabled":true,"jetpack_sharing_enabled":true,"_links":{"self":[{"href":"https:\/\/pcb.org.br\/portal2\/wp-json\/wp\/v2\/posts\/3414","targetHints":{"allow":["GET"]}}],"collection":[{"href":"https:\/\/pcb.org.br\/portal2\/wp-json\/wp\/v2\/posts"}],"about":[{"href":"https:\/\/pcb.org.br\/portal2\/wp-json\/wp\/v2\/types\/post"}],"author":[{"embeddable":true,"href":"https:\/\/pcb.org.br\/portal2\/wp-json\/wp\/v2\/users\/1"}],"replies":[{"embeddable":true,"href":"https:\/\/pcb.org.br\/portal2\/wp-json\/wp\/v2\/comments?post=3414"}],"version-history":[{"count":0,"href":"https:\/\/pcb.org.br\/portal2\/wp-json\/wp\/v2\/posts\/3414\/revisions"}],"wp:attachment":[{"href":"https:\/\/pcb.org.br\/portal2\/wp-json\/wp\/v2\/media?parent=3414"}],"wp:term":[{"taxonomy":"category","embeddable":true,"href":"https:\/\/pcb.org.br\/portal2\/wp-json\/wp\/v2\/categories?post=3414"},{"taxonomy":"post_tag","embeddable":true,"href":"https:\/\/pcb.org.br\/portal2\/wp-json\/wp\/v2\/tags?post=3414"}],"curies":[{"name":"wp","href":"https:\/\/api.w.org\/{rel}","templated":true}]}}