{"id":3416,"date":"2012-08-24T14:55:45","date_gmt":"2012-08-24T14:55:45","guid":{"rendered":"http:\/\/pcb.org.br\/portal2\/?p=3416"},"modified":"2012-08-24T14:55:45","modified_gmt":"2012-08-24T14:55:45","slug":"o-pcv-apoia-a-luta-dos-trabalhadores-das-fabricas-de-cimento-e-insta-o-governo-a-reorientar-sua-gestao-da-empresa","status":"publish","type":"post","link":"https:\/\/pcb.org.br\/portal2\/3416","title":{"rendered":"O PCV apoia a luta dos trabalhadores das f\u00e1bricas de cimento e insta o governo a reorientar sua gest\u00e3o da empresa"},"content":{"rendered":"\n<p><em><strong>\u00abEsta situa\u00e7\u00e3o coloca em relevo como uma c\u00fapula administrativa pretende manejar uma empresa com o mesmo m\u00e9todo capitalista tradicional, e est\u00e3o sabotando sistematicamente a Miss\u00e3o Vivenda Venezuela e o processo revolucion\u00e1rio\u00bb,<\/strong><\/em><\/p>\n<p><em><strong>Bir\u00f3 Pol\u00edtico do Partido Comunista da Venezuela (PCV) (Foto: Tribuna Popular)<\/strong><\/em><\/p>\n<p><em><strong>Caracas, 20 ago. 2012, Tribuna Popular TP (VIDEO) .- <\/strong><\/em>O Bir\u00f3 Pol\u00edtico do Partido Comunista daVenezuela (PCV) expressou sua plena solidariedade com a luta que v\u00eam desenvolvendo ossindicatos agrupados na Alian\u00e7a Nacional dos Trabalhadores do Cimento (ANTRACEM) queresolveram iniciar um processo de Conflito Coletivo e instaram o Governo Nacional a interferir naproblem\u00e1tica e reorientar a administra\u00e7\u00e3o da empresa at\u00e9 uma gest\u00e3o socialista com participa\u00e7\u00e3oprotagon\u00edstica das e dos trabalhadores.<\/p>\n<p>Assim se manifestou Pedro Eusse, Secret\u00e1rio Nacional do Movimento Obreiro e Sindical do Comit\u00ea Central do PCV, que informou que no dia 17 de agosto os sindicatos de trabalhadores do cimento decidiram iniciar um processo de conflito coletivo e que, se n\u00e3o chegar-se a uma solu\u00e7\u00e3o do problema no pr\u00f3ximo dia 27 de agosto, poder\u00e3o decidir por uma greve nacional da ind\u00fastria de cimento.<\/p>\n<p>\u00abN\u00f3s queremos manifestar nossa solidariedade com a ANTRACEM e denunciamos a administra\u00e7\u00e3o da ind\u00fastria de cimento nacionalizada como os respons\u00e1veis desta situa\u00e7\u00e3o pelas cont\u00ednuas viola\u00e7\u00f5es aos direitos dos trabalhadores\u00bb, declarou Eusse.<\/p>\n<p>No marco das viola\u00e7\u00f5es aos direitos laborais dos trabalhadores em que incorre a empresa, se encontram: demiss\u00f5es ilegais e desacato \u00e0s provid\u00eancias administrativas que ordenaram a recontrata\u00e7\u00e3o dos demitidos; a viola\u00e7\u00e3o \u00e0s atuais conven\u00e7\u00f5es coletivas e a negativa de discutir uma Conven\u00e7\u00e3o Coletiva Nacional dos trabalhadores de cimento, detalhou o dirigente comunista.<\/p>\n<p>Os trabalhadores tamb\u00e9m denunciaram uma falta de investimentos e a deteriora\u00e7\u00e3o nas plantas produtoras de cimento, \u00absitua\u00e7\u00e3o que est\u00e1 produzindo um descr\u00e9dito da decis\u00e3o acertada de nacionalizar a ind\u00fastria de cimento e que est\u00e1 favorecendo a estrat\u00e9gia das empresas transnacionais cimenteiras em fun\u00e7\u00e3o de recuperar o mercado nacional\u00bb, enfatizou Eusse.<\/p>\n<p>O PCV tamb\u00e9m denunciou ao Minist\u00e9rio do Poder Popular para o Trabalho e a Seguran\u00e7a Social, especificamente \u00e0s Inspetorias do Trabalho que se negaram a receber a demanda conflitiva, \u00abo que levou a uma maior complexidade do problema\u00bb, assinalou.<\/p>\n<p>Neste marco, o Partido Comunista da Venezuela (PCV) exortou \u00e0s autoridades do Executivo Nacional para iniciar uma mesa de di\u00e1logo com as trabalhadores e que se busque uma sa\u00edda negociada do problema com pleno respeito aos direitos dos trabalhadores.<\/p>\n<p>\u00abQueremos DIZER que os trabalhadores dos sindicatos agrupados na ANTRACEM est\u00e3o com o processo revolucion\u00e1rio e, precisamente por isso se levantaram em p\u00e9 de luta\u00bb, enfatizou Eusse.<\/p>\n<p><strong>IND\u00daSTRIA DE CIMENTO MANEJADA COM CRIT\u00c9RIO CAPITALISTA<\/strong><\/p>\n<p>Para o PCV, seguindo muito de perto a problem\u00e1tica dos trabalhadores cimenteiros e da empresa, afirmou que \u00abesta situa\u00e7\u00e3o coloca de relevo como uma c\u00fapula administrativa pretende manejar uma empresa com o mesmo m\u00e9todo capitalista tradicional, e est\u00e3o sabotando sistematicamente \u00e0 Miss\u00e3o Vivenda Venezuela e o processo revolucion\u00e1rio\u00bb, destacou o dirigente.<\/p>\n<p>Os comunistas tamb\u00e9m exortaram a todos os setores envolvidos e, em particular, ao governo nacional, a mudar o modelo de gest\u00e3o que existe nestas empresas, \u00ab\u00c9 necess\u00e1rio que nas empresas nacionalizadas e todas as empresas sob propriedade estatal se estabele\u00e7a um modelo de gest\u00e3o com participa\u00e7\u00e3o protagonista dos trabalhadores, com seus Conselhos Socialistas de Trabalhadores e seus movimentos sindicais classistas para que exer\u00e7am um papel dirigente destas empresas e o controle social da comunidade\u00bb, precisou Eusse.<\/p>\n<p><strong>SOLIDARIEDADE COM OS TRABALHADORES DE PORTOS<\/strong><\/p>\n<p>O Partido Comunista tamb\u00e9m manifestou sua solidariedade com os trabalhadores em portos de todo o pa\u00eds que tamb\u00e9m atravessam uma situa\u00e7\u00e3o de dificuldades e que lutam pelo reconhecimento pleno de seus direitos.<\/p>\n<p><strong>D\u00cdVIDAS COM OS TRABALHADORES DEMITIDOS DAS EMPRESAS POLAR<\/strong><\/p>\n<p>O PCV tamb\u00e9m denunciou que s\u00e3o milhares os ex-trabalhadores das Empresas Polar nas m\u00e3os da oligarquia, que est\u00e3o demandando milh\u00f5es de bol\u00edvares por conceito das presta\u00e7\u00f5es sociais, roubadas por esta empresa privada.<\/p>\n<p>\u00abAs empresas do Grupo Polar n\u00e3o reconhecem a condi\u00e7\u00e3o de trabalhadores assalariados de muitos de seus trabalhadores que est\u00e3o iniciando um processo de luta que estamos acompanhando, contra o grupo olig\u00e1rquico que conspira contra o processo de mudan\u00e7as\u00bb, assinalou finalmente o dirigente comunista, que \u00e9 tamb\u00e9m Coordenador da Corrente Classista de Trabalhadores Cruz Villegas e membro da Uni\u00e3o Nacional de Trabalhadores (UNETE).<\/p>\n<p>VIDEO: <a href=\"http:\/\/bit.ly\/TQpqMp\" target=\"_blank\">http:\/\/bit.ly\/TQpqMp<\/a><\/p>\n<p>Fonte: <a href=\"http:\/\/www.tribuna-popular.org\/\" target=\"_blank\">http:\/\/www.tribuna-popular.org<\/a><\/p>\n<p>Tradu\u00e7\u00e3o: PCB \u2013 PARTIDO COMUNISTA BRASILEIRO<\/p>\n<p> <object width=\"480\" height=\"385\"><param name=\"movie\" value=\"http:\/\/www.youtube.com\/v\/IQL53nOKmrE\" \/><param name=\"allowFullScreen\" value=\"true\" \/><param name=\"allowscriptaccess\" value=\"always\" \/><\/object> <\/p>\n","protected":false},"excerpt":{"rendered":"\n\n\n  Cr\u00e9dito: PCB\n\n\n\n\n\n\n\n\nTribuna Popular TP\n<a class=\"moretag\" href=\"https:\/\/pcb.org.br\/portal2\/3416\"> <\/a>","protected":false},"author":1,"featured_media":0,"comment_status":"open","ping_status":"open","sticky":false,"template":"","format":"standard","meta":{"jetpack_post_was_ever_published":false,"_jetpack_newsletter_access":"","_jetpack_dont_email_post_to_subs":false,"_jetpack_newsletter_tier_id":0,"_jetpack_memberships_contains_paywalled_content":false,"_jetpack_memberships_contains_paid_content":false,"footnotes":"","jetpack_publicize_message":"","jetpack_publicize_feature_enabled":true,"jetpack_social_post_already_shared":false,"jetpack_social_options":{"image_generator_settings":{"template":"highway","default_image_id":0,"font":"","enabled":false},"version":2}},"categories":[45],"tags":[],"class_list":["post-3416","post","type-post","status-publish","format-standard","hentry","category-c54-venezuela"],"jetpack_publicize_connections":[],"jetpack_featured_media_url":"","jetpack_shortlink":"https:\/\/wp.me\/p659gw-T6","jetpack-related-posts":[],"jetpack_likes_enabled":true,"jetpack_sharing_enabled":true,"_links":{"self":[{"href":"https:\/\/pcb.org.br\/portal2\/wp-json\/wp\/v2\/posts\/3416","targetHints":{"allow":["GET"]}}],"collection":[{"href":"https:\/\/pcb.org.br\/portal2\/wp-json\/wp\/v2\/posts"}],"about":[{"href":"https:\/\/pcb.org.br\/portal2\/wp-json\/wp\/v2\/types\/post"}],"author":[{"embeddable":true,"href":"https:\/\/pcb.org.br\/portal2\/wp-json\/wp\/v2\/users\/1"}],"replies":[{"embeddable":true,"href":"https:\/\/pcb.org.br\/portal2\/wp-json\/wp\/v2\/comments?post=3416"}],"version-history":[{"count":0,"href":"https:\/\/pcb.org.br\/portal2\/wp-json\/wp\/v2\/posts\/3416\/revisions"}],"wp:attachment":[{"href":"https:\/\/pcb.org.br\/portal2\/wp-json\/wp\/v2\/media?parent=3416"}],"wp:term":[{"taxonomy":"category","embeddable":true,"href":"https:\/\/pcb.org.br\/portal2\/wp-json\/wp\/v2\/categories?post=3416"},{"taxonomy":"post_tag","embeddable":true,"href":"https:\/\/pcb.org.br\/portal2\/wp-json\/wp\/v2\/tags?post=3416"}],"curies":[{"name":"wp","href":"https:\/\/api.w.org\/{rel}","templated":true}]}}