{"id":3420,"date":"2012-08-24T15:28:27","date_gmt":"2012-08-24T15:28:27","guid":{"rendered":"http:\/\/pcb.org.br\/portal2\/?p=3420"},"modified":"2015-04-10T16:51:54","modified_gmt":"2015-04-10T16:51:54","slug":"pcb-cria-a-sua-comissao-da-verdade","status":"publish","type":"post","link":"https:\/\/pcb.org.br\/portal2\/3420","title":{"rendered":"PCB cria a sua Comiss\u00e3o da Verdade"},"content":{"rendered":"<p><img decoding=\"async\" class=\"imagem\" src=\"https:\/\/lh4.googleusercontent.com\/vZ55midwxkohadS250j3Xl2o_R1fM_cFofSCec4rgL4=w1310-h1581-no\" alt=\"\" \/>O Comit\u00ea Central do PCB decidiu compor uma Comiss\u00e3o da Verdade pr\u00f3pria para pesquisar, organizar e produzir um relat\u00f3rio sobre os crimes cometidos pelo Estado e seus agentes durante a ditadura militar-empresarial que tomou de assalto de forma golpista o poder no pa\u00eds no per\u00edodo entre 1964 e 1985.<\/p>\n<p>O \u00f3rg\u00e3o ter\u00e1 seu funcionamento e trabalhos organizados de forma coletiva pelo pr\u00f3prio Comit\u00ea Central. De acordo com o secret\u00e1rio-geral do PCB, Ivan Pinheiro, a medida visa garantir que todos os atos cometidos contra o Partido e seus militantes durante aqueles anos dram\u00e1ticos sejam levados ao conhecimento p\u00fablico.<\/p>\n<p>&#8220;Temos raz\u00f5es para suspeitar que a Comiss\u00e3o da Verdade criada pelo Governo Federal possa n\u00e3o trazer resultados que contemplem os anseios por informa\u00e7\u00e3o dos familiares de mortos, desaparecidos e torturados por aquele regime ditatorial. O Partido toma como sua a luta dessas pessoas; o arb\u00edtrio cometido a todo e qualquer militante de nossas fileiras \u00e9 o arb\u00edtrio contra o PCB, seu ide\u00e1rio e sua pr\u00e1tica cotidiana de organiza\u00e7\u00e3o do povo em prol de sua liberta\u00e7\u00e3o. Nosso Comit\u00ea Central assume como das maiores responsabilidades e principais tarefas do presente esclarecer o que precisa ser trazido ao conhecimento da popula\u00e7\u00e3o&#8221;, ressaltou Ivan.<\/p>\n<p>A iniciativa prev\u00ea a pesquisa e coleta de informa\u00e7\u00f5es e documentos, al\u00e9m de entrevistas e a produ\u00e7\u00e3o de um relat\u00f3rio que dever\u00e1 ser encaminhado \u00e0 Comiss\u00e3o da Verdadecriada pelo governo.<\/p>\n<p>&#8220;Fomos a organiza\u00e7\u00e3o que mais teve militantes sofrendo as agruras da Ditadura. Mais de uma dezena de nossos camaradas continuam desaparecidos, outras dezenas foram assassinados, centenas, qui\u00e7\u00e1 milhares, sofreram torturas, outros milhares foram prejudicados em seus empregos, em sua vida familiar&#8221;, comentou o secret\u00e1rio-geral.<\/p>\n<p>Dessa forma, o PCB conclama os militantes daquele per\u00edodo que ainda se encontram em nossas fileiras, aos familiares, amigos e colegas de nossos militantes que foram prejudicados pela ditadura, a entrarem em contato com o Partido para que possamos organizar um relat\u00f3rio o mais completo poss\u00edvel.<\/p>\n<p>Solicitamos a qualquer cidad\u00e3o que tiver informa\u00e7\u00f5es a respeito do tema, e desde j\u00e1 lhe agradecemos por isso, que entre em contato com o PCB.<\/p>\n<p>PCB \u2013 Partido Comunista Brasileiro<\/p>\n<p>Secretariado Nacional<\/p>\n<p>&#8220;O recebimento de informa\u00e7\u00f5es e materiais ser\u00e1 centralizado pelo Secretariado Nacional do PCB, que \u00e9 contactado atrav\u00e9s do e-mail <a href=\"mailto:pcb@pcb.org.br\" target=\"_blank\">pcb@pcb.org.br<\/a> e\/ou do telefone <a>(21) 2262-0855<\/a>.&#8221;<\/p>\n<p>\n","protected":false},"excerpt":{"rendered":"\n\n\nCr\u00e9dito: lh6\n\n\n\n\n\n\n\n\n(Nota Pol\u00edtica do PCB)\n<a class=\"moretag\" href=\"https:\/\/pcb.org.br\/portal2\/3420\"> <\/a>","protected":false},"author":1,"featured_media":0,"comment_status":"open","ping_status":"open","sticky":false,"template":"","format":"standard","meta":{"jetpack_post_was_ever_published":false,"_jetpack_newsletter_access":"","_jetpack_dont_email_post_to_subs":false,"_jetpack_newsletter_tier_id":0,"_jetpack_memberships_contains_paywalled_content":false,"_jetpack_memberships_contains_paid_content":false,"footnotes":"","jetpack_publicize_message":"","jetpack_publicize_feature_enabled":true,"jetpack_social_post_already_shared":false,"jetpack_social_options":{"image_generator_settings":{"template":"highway","default_image_id":0,"font":"","enabled":false},"version":2}},"categories":[26],"tags":[],"class_list":["post-3420","post","type-post","status-publish","format-standard","hentry","category-c25-notas-politicas-do-pcb"],"jetpack_publicize_connections":[],"jetpack_featured_media_url":"","jetpack_shortlink":"https:\/\/wp.me\/p659gw-Ta","jetpack-related-posts":[],"jetpack_likes_enabled":true,"jetpack_sharing_enabled":true,"_links":{"self":[{"href":"https:\/\/pcb.org.br\/portal2\/wp-json\/wp\/v2\/posts\/3420","targetHints":{"allow":["GET"]}}],"collection":[{"href":"https:\/\/pcb.org.br\/portal2\/wp-json\/wp\/v2\/posts"}],"about":[{"href":"https:\/\/pcb.org.br\/portal2\/wp-json\/wp\/v2\/types\/post"}],"author":[{"embeddable":true,"href":"https:\/\/pcb.org.br\/portal2\/wp-json\/wp\/v2\/users\/1"}],"replies":[{"embeddable":true,"href":"https:\/\/pcb.org.br\/portal2\/wp-json\/wp\/v2\/comments?post=3420"}],"version-history":[{"count":0,"href":"https:\/\/pcb.org.br\/portal2\/wp-json\/wp\/v2\/posts\/3420\/revisions"}],"wp:attachment":[{"href":"https:\/\/pcb.org.br\/portal2\/wp-json\/wp\/v2\/media?parent=3420"}],"wp:term":[{"taxonomy":"category","embeddable":true,"href":"https:\/\/pcb.org.br\/portal2\/wp-json\/wp\/v2\/categories?post=3420"},{"taxonomy":"post_tag","embeddable":true,"href":"https:\/\/pcb.org.br\/portal2\/wp-json\/wp\/v2\/tags?post=3420"}],"curies":[{"name":"wp","href":"https:\/\/api.w.org\/{rel}","templated":true}]}}