{"id":3486,"date":"2012-09-05T16:26:49","date_gmt":"2012-09-05T16:26:49","guid":{"rendered":"http:\/\/pcb.org.br\/portal2\/?p=3486"},"modified":"2012-09-05T16:26:49","modified_gmt":"2012-09-05T16:26:49","slug":"o-partido-do-povo-do-panama-sauda-a-aproximacao-entre-o-governo-colombiano-e-as-farc-ep","status":"publish","type":"post","link":"https:\/\/pcb.org.br\/portal2\/3486","title":{"rendered":"O Partido do Povo do Panam\u00e1 sa\u00fada a aproxima\u00e7\u00e3o entre o governo Colombiano e as FARC-EP"},"content":{"rendered":"\n<p>O Partido do Povo recebeu com entusiasmo e otimismo o an\u00fancio que o Presidente da Col\u00f4mbia, Juan Manuel Santos, fez sobre os gestos de aproxima\u00e7\u00e3o com o Estado Maior das FARC-EP, cujo prop\u00f3sito \u00e9 iniciar um processo de negocia\u00e7\u00e3o para buscar uma sa\u00edda pol\u00edtica ao conflito armado que vem arrasando o povo colombiano h\u00e1 mais de 40 anos e que \u00e9 a causa de mais de 50.000 mortes.<\/p>\n<p>Este fato demonstra que a classe governante na Col\u00f4mbia e o imperialismo chegaram \u00e0 conclus\u00e3o de que n\u00e3o \u00e9 poss\u00edvel uma vit\u00f3ria militar sobre as FARC-EP e \u00e9 necess\u00e1rio dar os passos adequados para estabilizar esta regi\u00e3o do continente. Diante desta decis\u00e3o, os setores mais reacion\u00e1rios da oligarquia colombiana, vinculados aos grupos guerreristas norte-americanos e ao paramilitarismo, sob a lideran\u00e7a de Alvaro Uribe, apresentam-se contr\u00e1rios a esta iniciativa pol\u00edtica do Presidente Santos, que se afastou da pol\u00edtica belicista de Alvaro Uribe.<\/p>\n<p>\u00c9 importante chamar a aten\u00e7\u00e3o de que este personagem, Alvaro Uribe, se caracteriza por ser um raivoso conspirador contra os processos revolucion\u00e1rios que se desenvolvem no continente. \u00c9 o mesmo que a oligarquia panamenha ao se converter em orador oficial dos eventos importantes realizados no pa\u00eds.<\/p>\n<p>\u00c9 necess\u00e1rio ressaltar o fato de que as FARC-EP sempre defenderam com dignidade o caminho da negocia\u00e7\u00e3o pol\u00edtica, uma vez que abre as possibilidades de atacar as causas sociais que alimentam o conflito.<\/p>\n<p>A partir desta perspectiva, nosso Partido faz um apelo a todas as for\u00e7as progressistas de nosso pa\u00eds e do continente para que se solidarizem com este passo inicial para a paz na Col\u00f4mbia e se afastem das manobras da rea\u00e7\u00e3o colombiana, encabe\u00e7adas por Alvaro Uribe e seus aliados no continente.<\/p>\n<p>Rub\u00e9n Dar\u00edo Sousa B.<\/p>\n<p>Coordenador Geral<\/p>\n<p>Presid\u00eancia do Partido do Povo<\/p>\n<p>Tradu\u00e7\u00e3o: Partido Comunista Brasileiro (PCB)<\/p>\n","protected":false},"excerpt":{"rendered":"\n\n\nCr\u00e9dito: PPP\n\n\n\n\n\n\n\n\nPartido do Povo do Panam\u00e1\n<a class=\"moretag\" href=\"https:\/\/pcb.org.br\/portal2\/3486\"> <\/a>","protected":false},"author":1,"featured_media":0,"comment_status":"open","ping_status":"open","sticky":false,"template":"","format":"standard","meta":{"jetpack_post_was_ever_published":false,"_jetpack_newsletter_access":"","_jetpack_dont_email_post_to_subs":false,"_jetpack_newsletter_tier_id":0,"_jetpack_memberships_contains_paywalled_content":false,"_jetpack_memberships_contains_paid_content":false,"footnotes":"","jetpack_publicize_message":"","jetpack_publicize_feature_enabled":true,"jetpack_social_post_already_shared":false,"jetpack_social_options":{"image_generator_settings":{"template":"highway","default_image_id":0,"font":"","enabled":false},"version":2}},"categories":[67],"tags":[],"class_list":["post-3486","post","type-post","status-publish","format-standard","hentry","category-c80-panama"],"jetpack_publicize_connections":[],"jetpack_featured_media_url":"","jetpack_shortlink":"https:\/\/wp.me\/p659gw-Ue","jetpack-related-posts":[],"jetpack_likes_enabled":true,"jetpack_sharing_enabled":true,"_links":{"self":[{"href":"https:\/\/pcb.org.br\/portal2\/wp-json\/wp\/v2\/posts\/3486","targetHints":{"allow":["GET"]}}],"collection":[{"href":"https:\/\/pcb.org.br\/portal2\/wp-json\/wp\/v2\/posts"}],"about":[{"href":"https:\/\/pcb.org.br\/portal2\/wp-json\/wp\/v2\/types\/post"}],"author":[{"embeddable":true,"href":"https:\/\/pcb.org.br\/portal2\/wp-json\/wp\/v2\/users\/1"}],"replies":[{"embeddable":true,"href":"https:\/\/pcb.org.br\/portal2\/wp-json\/wp\/v2\/comments?post=3486"}],"version-history":[{"count":0,"href":"https:\/\/pcb.org.br\/portal2\/wp-json\/wp\/v2\/posts\/3486\/revisions"}],"wp:attachment":[{"href":"https:\/\/pcb.org.br\/portal2\/wp-json\/wp\/v2\/media?parent=3486"}],"wp:term":[{"taxonomy":"category","embeddable":true,"href":"https:\/\/pcb.org.br\/portal2\/wp-json\/wp\/v2\/categories?post=3486"},{"taxonomy":"post_tag","embeddable":true,"href":"https:\/\/pcb.org.br\/portal2\/wp-json\/wp\/v2\/tags?post=3486"}],"curies":[{"name":"wp","href":"https:\/\/api.w.org\/{rel}","templated":true}]}}