{"id":3526,"date":"2012-09-12T16:01:08","date_gmt":"2012-09-12T16:01:08","guid":{"rendered":"http:\/\/pcb.org.br\/portal2\/?p=3526"},"modified":"2012-09-12T16:01:08","modified_gmt":"2012-09-12T16:01:08","slug":"uruguaio-daniel-viglietti-lembra-ditaduras-critica-impunidade-e-diz-que-faz-cancoes-humanas","status":"publish","type":"post","link":"https:\/\/pcb.org.br\/portal2\/3526","title":{"rendered":"Uruguaio Daniel Viglietti lembra ditaduras, critica impunidade e diz que faz \u2018can\u00e7\u00f5es humanas\u2019"},"content":{"rendered":"\n<p>Ao se apresentar em S\u00e3o Paulo, o m\u00fasico uruguaio reafirmou a necessidade urgente de se acabar com a impunidade na Am\u00e9rica Latina. Ele citou o caso do \u201ctraidor\u201d Cabo Anselmo, que entregou a militante Soledad Barret, a quem dedicou uma can\u00e7\u00e3o intercalada com um poema de Mario Benedetti.<\/p>\n<p>Carta Maior<\/p>\n<p>S\u00e3o Paulo \u2013 N\u00e3o s\u00e3o muitos os m\u00fasicos que atravessaram as ditaduras na Am\u00e9rica Latina e ainda reservam para si a tarefa de divulgar a mem\u00f3ria das lutas populares. O uruguaio Daniel Viglietti \u00e9 uma dessas poucas figuras que utiliza as can\u00e7\u00f5es como interpreta\u00e7\u00e3o po\u00e9tica do passado e do presente, \u201ccomo um pequeno passarinho que pousa no ombro das pessoas para lhes falar verdades\u201d, como ele mesmo definiu.<\/p>\n<p>Aos 73 anos, o m\u00fasico veio ao Brasil para fazer duas apresenta\u00e7\u00f5es no Sesc Santana, na cidade de S\u00e3o Paulo, nos dias 24 e 25 de agosto. Muito simp\u00e1tico e sol\u00edcito, Daniel concedeu uma\u00a0<a href=\"http:\/\/www.youtube.com\/watch?v=7dY4-t8OHmo&amp;list=UUey_hGlr_R3mr9EScrSkJUw&amp;feature=plcp\" target=\"_blank\">entrevista<\/a> \u00e0\u00a0<strong>Carta Maior<\/strong> e falou sobre a import\u00e2ncia da arte para manuten\u00e7\u00e3o da mem\u00f3ria.<\/p>\n<p>Livrando de si o peso de ser parte desta mem\u00f3ria viva da m\u00fasica latinoamericana, a todo tempo reivindicou outras influ\u00eancias, de todas as gera\u00e7\u00f5es, sejam elas de artistas \u2013 como os chilenos Victor Jara e Violeta Parra \u2013, sejam elas os her\u00f3is da luta popular, como o Capit\u00e3o Lamarca e Carlos Mariguella.<\/p>\n<p>Durante a pr\u00f3pria apresenta\u00e7\u00e3o, Viglietti reafirmou a necessidade urgente de se acabar com a impunidade na Am\u00e9rica Latina. Citou o caso do \u201ctraidor\u201d Cabo Anselmo, que entregou a militante Soledad Barret, a quem o m\u00fasico dedicou uma can\u00e7\u00e3o intercalada com um poema de Mario Benedetti.<\/p>\n<p>Viglietti elogiou a mescla de ritmos e sons utilizados pelas novas gera\u00e7\u00f5es, citando o rap, e diz preferir chamar o tipo de can\u00e7\u00e3o que faz como \u201ccan\u00e7\u00f5es humanas\u201d. Mostrou, assim, representar com muita abertura a transi\u00e7\u00e3o para a \u201cnova mem\u00f3ria que est\u00e1 se editando\u201d no continente. Assista a entrevista em\u00a0<a href=\"http:\/\/www.youtube.com\/watch?v=7dY4-t8OHmo&amp;list=UUey_hGlr_R3mr9EScrSkJUw&amp;feature=plcp\" target=\"_blank\">nosso canal no Youtube<\/a>.<\/p>\n<p><a href=\"http:\/\/www.youtube.com\/watch?v=7dY4-t8OHmo&amp;list=UUey_hGlr_R3mr9EScrSkJUw&amp;feature=plcp\" target=\"_blank\">http:\/\/www.youtube.com\/watch?v=7dY4-t8OHmo<\/a><\/p>\n<p> <object width=\"480\" height=\"385\"><param name=\"movie\" value=\"http:\/\/www.youtube.com\/v\/7dY4-t8OHmo\" \/><param name=\"allowFullScreen\" value=\"true\" \/><param name=\"allowscriptaccess\" value=\"always\" \/><\/object> <\/p>\n<p>http:\/\/www.cartamaior.com.br\/templates\/materiaMostrar.cfm?materia_id=20835&#038;boletim_id=1363<\/p>\n","protected":false},"excerpt":{"rendered":"\n\n\n  Cr\u00e9dito: CM\n\n\n\n\n\n\n\n\nF\u00e1bio Nassif\n6.9.2012\n<a class=\"moretag\" href=\"https:\/\/pcb.org.br\/portal2\/3526\"> <\/a>","protected":false},"author":1,"featured_media":0,"comment_status":"open","ping_status":"open","sticky":false,"template":"","format":"standard","meta":{"jetpack_post_was_ever_published":false,"_jetpack_newsletter_access":"","_jetpack_dont_email_post_to_subs":false,"_jetpack_newsletter_tier_id":0,"_jetpack_memberships_contains_paywalled_content":false,"_jetpack_memberships_contains_paid_content":false,"footnotes":"","jetpack_publicize_message":"","jetpack_publicize_feature_enabled":true,"jetpack_social_post_already_shared":false,"jetpack_social_options":{"image_generator_settings":{"template":"highway","default_image_id":0,"font":"","enabled":false},"version":2}},"categories":[76],"tags":[],"class_list":["post-3526","post","type-post","status-publish","format-standard","hentry","category-c89-uruguai"],"jetpack_publicize_connections":[],"jetpack_featured_media_url":"","jetpack_shortlink":"https:\/\/wp.me\/p659gw-US","jetpack-related-posts":[],"jetpack_likes_enabled":true,"jetpack_sharing_enabled":true,"_links":{"self":[{"href":"https:\/\/pcb.org.br\/portal2\/wp-json\/wp\/v2\/posts\/3526","targetHints":{"allow":["GET"]}}],"collection":[{"href":"https:\/\/pcb.org.br\/portal2\/wp-json\/wp\/v2\/posts"}],"about":[{"href":"https:\/\/pcb.org.br\/portal2\/wp-json\/wp\/v2\/types\/post"}],"author":[{"embeddable":true,"href":"https:\/\/pcb.org.br\/portal2\/wp-json\/wp\/v2\/users\/1"}],"replies":[{"embeddable":true,"href":"https:\/\/pcb.org.br\/portal2\/wp-json\/wp\/v2\/comments?post=3526"}],"version-history":[{"count":0,"href":"https:\/\/pcb.org.br\/portal2\/wp-json\/wp\/v2\/posts\/3526\/revisions"}],"wp:attachment":[{"href":"https:\/\/pcb.org.br\/portal2\/wp-json\/wp\/v2\/media?parent=3526"}],"wp:term":[{"taxonomy":"category","embeddable":true,"href":"https:\/\/pcb.org.br\/portal2\/wp-json\/wp\/v2\/categories?post=3526"},{"taxonomy":"post_tag","embeddable":true,"href":"https:\/\/pcb.org.br\/portal2\/wp-json\/wp\/v2\/tags?post=3526"}],"curies":[{"name":"wp","href":"https:\/\/api.w.org\/{rel}","templated":true}]}}