{"id":3527,"date":"2012-09-12T16:06:29","date_gmt":"2012-09-12T16:06:29","guid":{"rendered":"http:\/\/pcb.org.br\/portal2\/?p=3527"},"modified":"2012-09-12T16:06:29","modified_gmt":"2012-09-12T16:06:29","slug":"intersindical-realiza-manifestacoes-e-paralisacoes-em-varias-regioes-do-pais","status":"publish","type":"post","link":"https:\/\/pcb.org.br\/portal2\/3527","title":{"rendered":"INTERSINDICAL REALIZA MANIFESTA\u00c7\u00d5ES E PARALISA\u00c7\u00d5ES EM V\u00c1RIAS REGI\u00d5ES DO PA\u00cdS"},"content":{"rendered":"\n<p>11 de Setembro de 2012<\/p>\n<p>A madrugada do 11 de setembro come\u00e7ou quente em v\u00e1rias regi\u00f5es do pa\u00eds. O inicio de mais uma grande luta para quem n\u00e3o se rende a parceria com os patr\u00f5es e seus governos.<\/p>\n<p><strong>S\u00e3o Paulo: <\/strong><\/p>\n<p>Na regi\u00e3o de Campinas 5 mil metal\u00fargicos decidiram parar a produ\u00e7\u00e3o por 24 horas sendo parte do Dia Nacional de Luta contra o projeto de lei sobre o Acordo Coletivo Especial (ACE), que tem por objetivo legalizar a parceria dos patr\u00f5es e dos sindicatos pelegos em acordos que liberam a redu\u00e7\u00e3o de sal\u00e1rios e direitos.<\/p>\n<p id=\"attachment_585\"><img data-recalc-dims=\"1\" loading=\"lazy\" decoding=\"async\" src=\"http:\/\/intersindical.files.wordpress.com\/2012\/09\/complexo_maxion_05.jpg?w=614&#038;h=410&#038;fit=614%2C410&#038;resize=614%2C410\" border=\"0\" title=\"Complexo_Maxion_05\" width=\"614\" height=\"410\" \/><\/p>\n<p>Trabalhadores parados no Complexo Maxion contra a retirada de direitos.<\/p>\n<p>Ainda em SP houveram atividades junto aos trabalhadores da Rede TV, metal\u00fargicos de Guarulhos, Metal\u00fargicos de Limeira e petroleiros de S\u00e3o Jos\u00e9 dos Campos.<\/p>\n<p id=\"attachment_625\"><a href=\"http:\/\/intersindical.files.wordpress.com\/2012\/09\/dsc00184.jpg\"><img data-recalc-dims=\"1\" loading=\"lazy\" decoding=\"async\" src=\"http:\/\/intersindical.files.wordpress.com\/2012\/09\/dsc00184.jpg?w=614&#038;h=461&#038;fit=614%2C461&#038;resize=614%2C461\" border=\"0\" title=\"DSC00184\" width=\"614\" height=\"461\" \/><\/a><\/p>\n<p>Panfletagem junto aos trabalhadores Metal\u00fargicos de Guarulhos.<\/p>\n<p id=\"attachment_642\"><a href=\"http:\/\/intersindical.files.wordpress.com\/2012\/09\/whirlpool-15-08-2012.jpg\"><img data-recalc-dims=\"1\" loading=\"lazy\" decoding=\"async\" src=\"http:\/\/intersindical.files.wordpress.com\/2012\/09\/whirlpool-15-08-2012.jpg?w=614&#038;h=411&#038;fit=614%2C411&#038;resize=614%2C411\" border=\"0\" title=\"Whirlpool - 15-08-2012\" width=\"614\" height=\"411\" \/><\/a><\/p>\n<p>Assembleia da Campanha salarial dos dos Metal\u00fargicos de Limeira e regi\u00e3o na Whirpool em que denunciamos a proposta do ACE feito pelos pelegos.<\/p>\n<p id=\"attachment_599\"><a href=\"http:\/\/intersindical.files.wordpress.com\/2012\/09\/dsc_6142.jpg\"><img data-recalc-dims=\"1\" decoding=\"async\" src=\"http:\/\/intersindical.files.wordpress.com\/2012\/09\/dsc_6142.jpg?w=747\" border=\"0\" title=\"DSC_6142\" \/><\/a><\/p>\n<p>Manifesta\u00e7\u00e3o na Rede TV organizada pelo Sindicato dos Radialistas e Intersindical.<\/p>\n<p id=\"attachment_648\"><a href=\"http:\/\/intersindical.files.wordpress.com\/2012\/09\/imgp0015.jpg\"><img data-recalc-dims=\"1\" loading=\"lazy\" decoding=\"async\" src=\"http:\/\/intersindical.files.wordpress.com\/2012\/09\/imgp0015.jpg?w=614&#038;h=461&#038;fit=614%2C461&#038;resize=614%2C461\" border=\"0\" title=\"IMGP0015\" width=\"614\" height=\"461\" \/><\/a><\/p>\n<p><em>Panfletagem da Intersindical conjunta com os Petroleiros de S\u00e3o Jos\u00e9 dos Campos.<\/em><\/p>\n<p><strong>Santa Catarina: <\/strong><\/p>\n<p>Na cidade de Blumenau os companheiros organizados na Intersindical realizaram protesto no centro da cidade, com paralisa\u00e7\u00e3o do Banco Santander e junto aos trabalhadores demitidos da Teka, que lutam por seus direitos. Na pauta a den\u00fancia do ACE e as lutas de cada categoria.<\/p>\n<p id=\"attachment_610\"><img data-recalc-dims=\"1\" loading=\"lazy\" decoding=\"async\" src=\"http:\/\/intersindical.files.wordpress.com\/2012\/09\/2012-09-11-10-25-53.jpg?w=614&#038;h=461&#038;fit=614%2C461&#038;resize=614%2C461\" border=\"0\" title=\"2012-09-11 10.25.53\" width=\"614\" height=\"461\" \/><\/p>\n<p><em>Paralisa\u00e7\u00e3o dos Banc\u00e1rios de Blumenau<\/em><\/p>\n<p><strong>Paran\u00e1: <\/strong><\/p>\n<p>Em Curitiba ocorreu panfletagem que reuniu v\u00e1rias categorias no Hospital do Trabalhador junto com os companheiros do Sindsa\u00fade. Al\u00e9m da den\u00fancia sobre o ACE, a luta contra a terceiriza\u00e7\u00e3o que precariza ainda mais as condi\u00e7\u00f5es de trabalho.<\/p>\n<p id=\"attachment_567\"><img data-recalc-dims=\"1\" loading=\"lazy\" decoding=\"async\" src=\"http:\/\/intersindical.files.wordpress.com\/2012\/09\/img_4141.jpg?w=614&#038;h=461&#038;fit=614%2C461&#038;resize=614%2C461\" border=\"0\" title=\"IMG_4141\" width=\"614\" height=\"461\" \/><\/p>\n<p><em>No Paran\u00e1, o Dia Nacional de Lutas promovido pela Intersindical foi marcado por uma panfletagem no Hospital do Trabalhador (Curitiba\/PR).<\/em><\/p>\n<p><strong>Minas Gerais: <\/strong><\/p>\n<p>Panfletagens na base dos Metal\u00fargicos de Belo Horizonte, Contagem e Betim, denunciando o que a CUT e seus parceiros tentam ocultar sobre a proposta do Acordo Coletivo Especial e seu ataque ao conjunto da classe trabalhadora.<\/p>\n<p id=\"attachment_604\"><img data-recalc-dims=\"1\" loading=\"lazy\" decoding=\"async\" src=\"http:\/\/intersindical.files.wordpress.com\/2012\/09\/photo3.jpg?w=614&#038;h=458&#038;fit=614%2C458&#038;resize=614%2C458\" border=\"0\" title=\"photo(3)\" width=\"614\" height=\"458\" \/><\/p>\n<p><em>Panfletagem junto aos trabalhadores da Aethra em Contagem<\/em><\/p>\n<p><strong>Rio Grande do Sul <\/strong><\/p>\n<p>Assembleias nas fabricas do ramo pl\u00e1stico de Novo Hamburgo e panfletagens na GM de Gravata\u00ed.<\/p>\n<p id=\"attachment_628\"><img data-recalc-dims=\"1\" loading=\"lazy\" decoding=\"async\" src=\"http:\/\/intersindical.files.wordpress.com\/2012\/09\/prisma-2.jpg?w=560&#038;h=420&#038;fit=560%2C420&#038;resize=560%2C420\" border=\"0\" title=\"Prisma 2\" width=\"560\" height=\"420\" \/><\/p>\n<p><em>Mobiliza\u00e7\u00e3o da Campanha Salarial dos trabalhadores do ramo pl\u00e1stico de Campo Bom em que foi debatido o ACE.<\/em><\/p>\n<p id=\"attachment_635\"><a href=\"http:\/\/intersindical.files.wordpress.com\/2012\/09\/gm-2.jpg\"><img data-recalc-dims=\"1\" loading=\"lazy\" decoding=\"async\" src=\"http:\/\/intersindical.files.wordpress.com\/2012\/09\/gm-2.jpg?w=600&#038;h=450&#038;fit=600%2C450&#038;resize=600%2C450\" border=\"0\" title=\"GM 2\" width=\"600\" height=\"450\" \/><\/a><\/p>\n<p><em>Panfletagem do jornal sobre ACE na GM no RS<\/em><\/p>\n<p>Aqui uma parte do muito que estamos fazendo nesse 11 de Setembro, Dia Nacional de Luta contra todas as formas de ataque aos direitos da classe trabalhadora.<\/p>\n<p>EM LUTA CONTRA O ACE E TODAS AS OUTRAS FORMAS DE PRECARIZA\u00c7\u00c3O<\/p>\n<p>FIRMES, EM MOVIMENTO POR NENHUM DIREITO A MENOS E PARA AVAN\u00c7AR RUMO \u00c0 NOVAS CONQUISTAS.<\/p>\n<p><a href=\"http:\/\/intersindical.wordpress.com\/2012\/09\/11\/intersindical-realiza-manifestacoes-e-paralisacoes-em-varias-regioes-do-pais\/\">INTERSINDICAL REALIZA MANIFESTA\u00c7\u00d5ES E PARALISA\u00c7\u00d5ES EM V\u00c1RIAS REGI\u00d5ES DO&nbsp;PA\u00cdS<\/a><\/p>\n","protected":false},"excerpt":{"rendered":"\n\n\nCr\u00e9dito: Intersindical\n\n\n\n\n\n\n\n\nIntersindical\n<a class=\"moretag\" href=\"https:\/\/pcb.org.br\/portal2\/3527\"> <\/a>","protected":false},"author":1,"featured_media":0,"comment_status":"open","ping_status":"open","sticky":false,"template":"","format":"standard","meta":{"jetpack_post_was_ever_published":false,"_jetpack_newsletter_access":"","_jetpack_dont_email_post_to_subs":false,"_jetpack_newsletter_tier_id":0,"_jetpack_memberships_contains_paywalled_content":false,"_jetpack_memberships_contains_paid_content":false,"footnotes":"","jetpack_publicize_message":"","jetpack_publicize_feature_enabled":true,"jetpack_social_post_already_shared":false,"jetpack_social_options":{"image_generator_settings":{"template":"highway","default_image_id":0,"font":"","enabled":false},"version":2}},"categories":[24],"tags":[],"class_list":["post-3527","post","type-post","status-publish","format-standard","hentry","category-c28-intersindical"],"jetpack_publicize_connections":[],"jetpack_featured_media_url":"","jetpack_shortlink":"https:\/\/wp.me\/p659gw-UT","jetpack-related-posts":[],"jetpack_likes_enabled":true,"jetpack_sharing_enabled":true,"_links":{"self":[{"href":"https:\/\/pcb.org.br\/portal2\/wp-json\/wp\/v2\/posts\/3527","targetHints":{"allow":["GET"]}}],"collection":[{"href":"https:\/\/pcb.org.br\/portal2\/wp-json\/wp\/v2\/posts"}],"about":[{"href":"https:\/\/pcb.org.br\/portal2\/wp-json\/wp\/v2\/types\/post"}],"author":[{"embeddable":true,"href":"https:\/\/pcb.org.br\/portal2\/wp-json\/wp\/v2\/users\/1"}],"replies":[{"embeddable":true,"href":"https:\/\/pcb.org.br\/portal2\/wp-json\/wp\/v2\/comments?post=3527"}],"version-history":[{"count":0,"href":"https:\/\/pcb.org.br\/portal2\/wp-json\/wp\/v2\/posts\/3527\/revisions"}],"wp:attachment":[{"href":"https:\/\/pcb.org.br\/portal2\/wp-json\/wp\/v2\/media?parent=3527"}],"wp:term":[{"taxonomy":"category","embeddable":true,"href":"https:\/\/pcb.org.br\/portal2\/wp-json\/wp\/v2\/categories?post=3527"},{"taxonomy":"post_tag","embeddable":true,"href":"https:\/\/pcb.org.br\/portal2\/wp-json\/wp\/v2\/tags?post=3527"}],"curies":[{"name":"wp","href":"https:\/\/api.w.org\/{rel}","templated":true}]}}