{"id":358,"date":"2010-03-24T15:27:24","date_gmt":"2010-03-24T15:27:24","guid":{"rendered":"http:\/\/pcb.org.br\/portal2\/?p=358"},"modified":"2010-03-24T15:27:24","modified_gmt":"2010-03-24T15:27:24","slug":"por-que-o-pcb-vai-apresentar-candidatura-propria-nas-eleicoes-presidenciais","status":"publish","type":"post","link":"https:\/\/pcb.org.br\/portal2\/358","title":{"rendered":"POR QUE O PCB VAI APRESENTAR CANDIDATURA PR\u00d3PRIA NAS ELEI\u00c7\u00d5ES PRESIDENCIAIS"},"content":{"rendered":"\n<p>2 \u2013 Em programa institucional no pr\u00f3ximo dia 25 de mar\u00e7o, em cadeia nacional de r\u00e1dio e televis\u00e3o, informamos ao povo brasileiro a determina\u00e7\u00e3o de nos apresentarmos nas elei\u00e7\u00f5es presidenciais deste ano com identidade pr\u00f3pria, sem preju\u00edzo de coliga\u00e7\u00f5es, no campo da oposi\u00e7\u00e3o de esquerda, em algumas elei\u00e7\u00f5es estaduais. A data do an\u00fancio coincide com o anivers\u00e1rio de 88 anos do PCB, fundado em 25 de mar\u00e7o de 1922.<\/p>\n<p>3 \u2013 Esta atitude \u00e9 conseq\u00fcente com nossa postura desde o in\u00edcio de 2006, quando j\u00e1 deix\u00e1vamos claro que n\u00e3o est\u00e1vamos procurando uma mera coliga\u00e7\u00e3o eleitoral e muito menos candidaturas, mas a constru\u00e7\u00e3o de um bloco na perspectiva de uma frente anti-imperialista e anticapitalista permanente, para al\u00e9m do PCB, PSOL e PSTU (incluindo movimentos e organiza\u00e7\u00f5es populares) e para al\u00e9m das elei\u00e7\u00f5es.<\/p>\n<p>4 \u2013 Em 2006, a coliga\u00e7\u00e3o eleitoral ent\u00e3o denominada \u201cFrente de Esquerda\u201d dissolveu-se, na pr\u00e1tica, dois meses antes das elei\u00e7\u00f5es. Suas \u00fanicas reuni\u00f5es, at\u00e9 junho de 2006, tiveram como pauta exclusiva os acordos em torno de candidaturas. Desde ent\u00e3o, n\u00e3o houve qualquer reuni\u00e3o trilateral e, no caso pelo menos do PCB, nem bilateral, al\u00e9m de epis\u00f3dicos e superficiais contatos regionais.<\/p>\n<p>5 \u2013 Para o PCB, foi equivocado o desinteresse em discuss\u00f5es sobre a conjuntura, a t\u00e1tica e estrat\u00e9gia dos caminhos ao socialismo, que gerassem consensos program\u00e1ticos. Fizemos em 2006 uma campanha presidencial sem programa, abrindo espa\u00e7o para a ent\u00e3o candidata da coliga\u00e7\u00e3o expor suas opini\u00f5es pessoais que, em muitos casos, n\u00e3o correspondiam nem \u00e0s do seu pr\u00f3prio partido.<\/p>\n<p>6 \u2013 Jamais, enquanto partidos, confrontamos nossos pontos de vista sobre qualquer tema, sendo que em alguns temos diverg\u00eancias importantes, algumas inconcili\u00e1veis. Entre estas, h\u00e1 quest\u00f5es que nos s\u00e3o muito caras, como a necessidade de cria\u00e7\u00e3o de uma organiza\u00e7\u00e3o intersindical classista que seja baseada na centralidade da luta do trabalho contra o capital, a atualidade da constru\u00e7\u00e3o de uma frente anticapitalista e anti-imperialista para al\u00e9m do economicismo e das elei\u00e7\u00f5es e o internacionalismo prolet\u00e1rio, com a solidariedade firme e inequ\u00edvoca \u00e0 Revolu\u00e7\u00e3o Socialista cubana, aos processos de mudan\u00e7as na Venezuela e na Bol\u00edvia, ao povo palestino e aos demais povos em luta.<\/p>\n<p>7 \u2013 Sempre defendemos a necessidade de uma constru\u00e7\u00e3o program\u00e1tica que envolvesse muito mais que os tr\u00eas partidos da Frente de Esquerda, com vistas \u00e0 formula\u00e7\u00e3o de uma alternativa de poder que venha a se contrapor ao bloco conservador, como ponto de partida de poss\u00edveis coliga\u00e7\u00f5es eleitorais, evitando que a disputa e decis\u00e3o sobre os nomes e candidatos ocorra antes e, na maioria das vezes, no lugar da discuss\u00e3o program\u00e1tica de eixos m\u00ednimos que possam representar a reorganiza\u00e7\u00e3o de um bloco revolucion\u00e1rio do proletariado.<\/p>\n<p>8 \u2013 No entanto, estamos no final de mar\u00e7o de 2010 e at\u00e9 agora s\u00f3 temos not\u00edcias das inten\u00e7\u00f5es dos partidos que compuseram aquela coliga\u00e7\u00e3o pelos meios de comunica\u00e7\u00e3o ou por informes que nos chegam sobre o processo de escolha de candidatura presidencial no PSOL, que come\u00e7ou com a op\u00e7\u00e3o de Helo\u00edsa Helena por disputar o Senado, depois o desencontro previs\u00edvel com Marina Silva e agora com a disputa interna ainda em curso.<\/p>\n<p>9 &#8211; N\u00e3o podemos deixar de registrar tamb\u00e9m nossa contrariedade com os rumos tomados pela ent\u00e3o Frente de Esquerda, no que tange aos parlamentares eleitos com a soma de votos de dezenas de candidatos dos tr\u00eas partidos que a compuseram. Os mandatos, em especial os de \u00e2mbito nacional, n\u00e3o contribu\u00edram para a unidade e a continuidade da mesma. Como acontece com os partidos convencionais, foram tratados como de propriedade dos eleitos, sem qualquer intera\u00e7\u00e3o ou mesmo consulta pol\u00edtica aos partidos que os elegeram. A preocupa\u00e7\u00e3o principal desses mandatos foi garantir a pr\u00f3pria reelei\u00e7\u00e3o.<\/p>\n<p>10 \u2013 Queremos manter com os partidos, organiza\u00e7\u00f5es e movimentos classistas que, como n\u00f3s, v\u00eaem a ruptura do capitalismo como a \u00fanica possibilidade de transi\u00e7\u00e3o para o socialismo, uma rela\u00e7\u00e3o independente, baseada em consensos program\u00e1ticos e na a\u00e7\u00e3o unit\u00e1ria no movimento de massas, o que n\u00e3o significa necessariamente estarmos juntos nas mesmas entidades, organiza\u00e7\u00f5es e coliga\u00e7\u00f5es.<\/p>\n<p>PCB \u2013 Partido Comunista Brasileiro<\/p>\n<p>Comit\u00ea Central<\/p>\n<p>22 de mar\u00e7o de 2010<\/p>\n","protected":false},"excerpt":{"rendered":"\n\n\nCr\u00e9dito: PCB\n\n\n\n\n(Nota Pol\u00edtica do PCB)\nO PCB julga-se no dever de esclarecer:\n1 \u2013 N\u00e3o nos imiscu\u00edmos em assuntos internos de outros partidos. Assim sendo, como partido, n\u00e3o temos nem prefer\u00eancias nem vetos em rela\u00e7\u00e3o aos dignos e valorosos companheiros do PSOL que disputam internamente a indica\u00e7\u00e3o como candidato \u00e0 Presid\u00eancia da Rep\u00fablica.\n<a class=\"moretag\" href=\"https:\/\/pcb.org.br\/portal2\/358\"> <\/a>","protected":false},"author":1,"featured_media":0,"comment_status":"open","ping_status":"open","sticky":false,"template":"","format":"standard","meta":{"jetpack_post_was_ever_published":false,"_jetpack_newsletter_access":"","_jetpack_dont_email_post_to_subs":false,"_jetpack_newsletter_tier_id":0,"_jetpack_memberships_contains_paywalled_content":false,"_jetpack_memberships_contains_paid_content":false,"footnotes":"","jetpack_publicize_message":"","jetpack_publicize_feature_enabled":true,"jetpack_social_post_already_shared":false,"jetpack_social_options":{"image_generator_settings":{"template":"highway","default_image_id":0,"font":"","enabled":false},"version":2}},"categories":[26],"tags":[],"class_list":["post-358","post","type-post","status-publish","format-standard","hentry","category-c25-notas-politicas-do-pcb"],"jetpack_publicize_connections":[],"jetpack_featured_media_url":"","jetpack_shortlink":"https:\/\/wp.me\/p659gw-5M","jetpack-related-posts":[],"jetpack_likes_enabled":true,"jetpack_sharing_enabled":true,"_links":{"self":[{"href":"https:\/\/pcb.org.br\/portal2\/wp-json\/wp\/v2\/posts\/358","targetHints":{"allow":["GET"]}}],"collection":[{"href":"https:\/\/pcb.org.br\/portal2\/wp-json\/wp\/v2\/posts"}],"about":[{"href":"https:\/\/pcb.org.br\/portal2\/wp-json\/wp\/v2\/types\/post"}],"author":[{"embeddable":true,"href":"https:\/\/pcb.org.br\/portal2\/wp-json\/wp\/v2\/users\/1"}],"replies":[{"embeddable":true,"href":"https:\/\/pcb.org.br\/portal2\/wp-json\/wp\/v2\/comments?post=358"}],"version-history":[{"count":0,"href":"https:\/\/pcb.org.br\/portal2\/wp-json\/wp\/v2\/posts\/358\/revisions"}],"wp:attachment":[{"href":"https:\/\/pcb.org.br\/portal2\/wp-json\/wp\/v2\/media?parent=358"}],"wp:term":[{"taxonomy":"category","embeddable":true,"href":"https:\/\/pcb.org.br\/portal2\/wp-json\/wp\/v2\/categories?post=358"},{"taxonomy":"post_tag","embeddable":true,"href":"https:\/\/pcb.org.br\/portal2\/wp-json\/wp\/v2\/tags?post=358"}],"curies":[{"name":"wp","href":"https:\/\/api.w.org\/{rel}","templated":true}]}}