{"id":3599,"date":"2012-09-25T04:20:23","date_gmt":"2012-09-25T04:20:23","guid":{"rendered":"http:\/\/pcb.org.br\/portal2\/?p=3599"},"modified":"2012-09-25T04:20:23","modified_gmt":"2012-09-25T04:20:23","slug":"levantes-muculmanos","status":"publish","type":"post","link":"https:\/\/pcb.org.br\/portal2\/3599","title":{"rendered":"LEVANTES MU\u00c7ULMANOS:"},"content":{"rendered":"\n<p>Uma an\u00e1lise de James Petras.<\/p>\n<p>Em primeiro lugar, devemos reconhecer que quando existem levantes em 20 pa\u00edses, em dois continentes, em seis regi\u00f5es, obviamente n\u00e3o \u00e9 uma simples manifesta\u00e7\u00e3o de protesto por conta de um filme feito por alguns med\u00edocres de Los Angeles. \u00c9 o c\u00famulo da superficialidade.<\/p>\n<p>Temos que analisar o que vem ocorrendo nos \u00faltimos dez anos nos pa\u00edses mu\u00e7ulmanos, onde os Estados Unidos e a Europa, com o respaldo dos despotismos mon\u00e1rquicos do Golfo, e Israel, Estado judeu sionista, destroem um arco de pa\u00edses, come\u00e7ando pelo Iraque, Afeganist\u00e3o, Som\u00e1lia, I\u00eamen, L\u00edbia, S\u00edria, com bombas caindo em v\u00e1rios pa\u00edses que n\u00e3o possuem nenhuma rela\u00e7\u00e3o com as amea\u00e7as dos Estados Unidos; tudo isso deslocou milh\u00f5es de mu\u00e7ulmanos, destruiu o tecido da economia e da sociedade. Diante de toda esta destrui\u00e7\u00e3o, existe o surgimento e cultivo de um imenso \u00f3dio e sentimento anti-EUA em todos os aspectos: cultural, pol\u00edtico e militar.<\/p>\n<p>Al\u00e9m disso, temos o fato de que Washington interveio durante a \u2018primavera \u00e1rabe\u2019. Quando as massas populares se levantaram no I\u00eamen, Egito, Tun\u00edsia e em outras partes, Washington interveio para abortar o processo, apoiando a escalada ao poder dos mais reacion\u00e1rios mu\u00e7ulmanos pr\u00f3-EUA, dispostos a servir a seus interesses. Como exemplo, podemos citar o senhor Mohamed Morsi, no Egito, o governo direitista mu\u00e7ulmano Hamadi Jebali, na Tun\u00edsia, uma pseudotransi\u00e7\u00e3o no I\u00eamen, onde perpetua a ditadura, a interven\u00e7\u00e3o com o aux\u00edlio de terceiros na Som\u00e1lia e a interven\u00e7\u00e3o no Sud\u00e3o, para dividir a regi\u00e3o petrol\u00edfera do Jartum. Tudo isto converteu a \u2018primavera \u00e1rabe\u2019 em um \u2018inverno norte-americano\u2019.<\/p>\n<p>Portanto, temos que entender que a frustra\u00e7\u00e3o que isso deixou \u00e9 impressionante. As pessoas sentem que tinham nas m\u00e3os a possibilidade de democratizar seus pa\u00edses, cresciam os movimentos democr\u00e1ticos. Por\u00e9m, o que aconteceu? Entrou um senhor Morsi pactuando com o fundo Monet\u00e1rio, fazendo o trabalho sujo em apoio \u00e0 interven\u00e7\u00e3o na S\u00edria, condenando os palestinos, fechando as fronteiras e servindo aos interesses de Israel. Isso n\u00e3o \u00e9 primavera. Isso se chama contrarrevolu\u00e7\u00e3o.<\/p>\n<p>O mesmo ocorre na Tun\u00edsia, com um governo que recebe subs\u00eddios da Fran\u00e7a, um regime mu\u00e7ulmano que busca simplesmente continuar a velha pol\u00edtica do governo anterior, sem nenhuma mudan\u00e7a, com uma infinidade de desempregados caminhando pelas pra\u00e7as.<\/p>\n<p>Isso reflete nesta grande onda de novos protestos.<\/p>\n<p>Falamos do Paquist\u00e3o que mobilizou mais de cem mil pessoas protestando e queimando bandeiras. O Paquist\u00e3o sofreu mais de quinhentos bombardeios dos drones, que mataram fam\u00edlias inteiras, supostamente atacando os talib\u00e3s e for\u00e7ando o governo fantoche paquistan\u00eas de Zardari a lan\u00e7ar grandes campanhas nas fronteiras, deslocando mais de dois milh\u00f5es de paquistaneses. Esses paquistaneses voltaram a assentar-se nos sub\u00farbios das grandes cidades. \u00c9 poss\u00edvel ver os resultados dessas a\u00e7\u00f5es nos grandes novos protestos.<\/p>\n<p>Em outras palavras: sim, de fato o estopim pode ser o infeliz filme contra o Profeta. Dada a profundidade da extens\u00e3o dos protestos, n\u00e3o \u00e9 poss\u00edvel explicar apenas pelo filme todo esse \u00f3dio. A explica\u00e7\u00e3o \u00e9 mais complexa, j\u00e1 que adv\u00e9m da continuidade das agress\u00f5es, da viol\u00eancia. Ou seja, t\u00eam suas ra\u00edzes na destrui\u00e7\u00e3o promovida pela interven\u00e7\u00e3o imperial. E \u00e9 preciso dizer isso.<\/p>\n<p>A interven\u00e7\u00e3o norte-americana e europeia tem como objetivo destruir. Eles n\u00e3o est\u00e3o colonizando estes pa\u00edses. N\u00e3o existem petroleiras que estejam ingressando em grande escala e extraindo riquezas. N\u00e3o. Os conflitos internos s\u00e3o incentivados, as economias s\u00e3o destru\u00eddas, os deslocamentos de todo um setor cient\u00edfico profissional produtivo s\u00e3o promovidos. Restam no Iraque e na L\u00edbia grupos armados, fundamentalistas, criminosos, traidores que vem da Fran\u00e7a, Inglaterra, pessoas que possuem poucas ra\u00edzes com o pa\u00eds. Por isso, a situa\u00e7\u00e3o \u00e9 um caos total. Os per\u00edodos de governo de Mohamed Gadafi e de Al Assad parecem para\u00edsos frente ao que fica agora como produto da interven\u00e7\u00e3o europeia e norte-americana. E, diante desta situa\u00e7\u00e3o de remo\u00e7\u00f5es, de armas circulando por todos os lados, temos um caos total, um mundo de todos contra todos. E, nesse contexto, obviamente existem pessoas que utilizam as armas emprestadas ou presenteadas pelos europeus e norte-americanos e disparam contra eles, disparam contra seus pr\u00f3prios mentores.<\/p>\n<p>As pessoas sabem que este filme possui alguma relev\u00e2ncia em sua luta. N\u00e3o \u00e9 simplesmente um filme realizado por uns med\u00edocres, por um punhado de idiotas. Todo o mundo mu\u00e7ulmano e os inteligentes de fora do mundo \u00e1rabe entendem que existe uma cultura profunda e extensa nos Estados Unidos, que se prolifera entre os mais altos n\u00edveis, a islamofobia. Hollywood nunca apresenta os \u00e1rabes atrav\u00e9s de imagens positivas. Sempre s\u00e3o playboys, assassinos, pessoas superficiais, monarcas corruptos, milion\u00e1rios. Essa \u00e9 a imagem que sai da principal f\u00e1brica de cinema. Al\u00e9m disso, tamb\u00e9m temos a Pol\u00edcia Federal americana intervindo em centenas de institui\u00e7\u00f5es religiosas, observando se aparece algum suspeito. E agora aparecem manifesta\u00e7\u00f5es contra a constru\u00e7\u00e3o da Igreja mu\u00e7ulmana na cidade de Nova York, com uma multid\u00e3o promovendo protestos para impedir a constru\u00e7\u00e3o de um centro cultural.<\/p>\n<p>Ou seja, este filme imbecil foi lan\u00e7ado e est\u00e1 nutrido por uma cultura dominante antimu\u00e7ulmana, de uma Presid\u00eancia e um Congresso que sempre tomam partido de Israel contra todos os pa\u00edses mu\u00e7ulmanos atacados pelo mesmo, come\u00e7ando pela Palestina. Ent\u00e3o, a pergunta n\u00e3o deve ser por que ocorrem as manifesta\u00e7\u00f5es, mas por que demoraram tanto tempo para recome\u00e7arem com elas.<\/p>\n<p>Devemos reconhecer que, ultimamente, existe um ciclo. At\u00e9 2010, existiam ditaduras pr\u00f3-EUA: Ben-Ali na Tun\u00edsia, Mubarak no Egito e toda a m\u00e1fia pr\u00f3-EUA. Depois, temos o primeiro levante, chamado de \u2018primavera\u2019, buscando a democracia como epicentro de seus anseios pol\u00edticos, reivindica\u00e7\u00f5es democr\u00e1ticas sociais e de bem-estar social. Por\u00e9m, os Estados Unidos intervieram, o Fundo Monet\u00e1rio interveio e, ent\u00e3o, a \u2018primavera\u2019 se frustrou, as aspira\u00e7\u00f5es populares foram impedidas de serem alcan\u00e7adas.<\/p>\n<p>Agora, veio a rea\u00e7\u00e3o atual, o segundo round, onde o povo volta com suas baterias recarregadas contra os novos fantoches, os corruptos que entraram no poder, contra aqueles que est\u00e3o comprados. Neste segundo round, a primeira resposta de Obama foi mandar marines para proteger as embaixadas e mais uma dezena de navios de guerra. Ou seja, mais uma vez uma resposta militar.<\/p>\n<p>Tradu\u00e7\u00e3o: Partido Comunista Brasileiro (PCB)<\/p>\n","protected":false},"excerpt":{"rendered":"\n\n\nCr\u00e9dito: p2.trrsf\n\n\n\n\n\n\n\n\n\u201cT\u00eam suas ra\u00edzes na destrui\u00e7\u00e3o promovida pela interven\u00e7\u00e3o imperial\u201d.\n<a class=\"moretag\" href=\"https:\/\/pcb.org.br\/portal2\/3599\"> <\/a>","protected":false},"author":1,"featured_media":0,"comment_status":"open","ping_status":"open","sticky":false,"template":"","format":"standard","meta":{"jetpack_post_was_ever_published":false,"_jetpack_newsletter_access":"","_jetpack_dont_email_post_to_subs":false,"_jetpack_newsletter_tier_id":0,"_jetpack_memberships_contains_paywalled_content":false,"_jetpack_memberships_contains_paid_content":false,"footnotes":"","jetpack_publicize_message":"","jetpack_publicize_feature_enabled":true,"jetpack_social_post_already_shared":false,"jetpack_social_options":{"image_generator_settings":{"template":"highway","default_image_id":0,"font":"","enabled":false},"version":2}},"categories":[38],"tags":[],"class_list":["post-3599","post","type-post","status-publish","format-standard","hentry","category-c43-imperialismo"],"jetpack_publicize_connections":[],"jetpack_featured_media_url":"","jetpack_shortlink":"https:\/\/wp.me\/p659gw-W3","jetpack-related-posts":[],"jetpack_likes_enabled":true,"jetpack_sharing_enabled":true,"_links":{"self":[{"href":"https:\/\/pcb.org.br\/portal2\/wp-json\/wp\/v2\/posts\/3599","targetHints":{"allow":["GET"]}}],"collection":[{"href":"https:\/\/pcb.org.br\/portal2\/wp-json\/wp\/v2\/posts"}],"about":[{"href":"https:\/\/pcb.org.br\/portal2\/wp-json\/wp\/v2\/types\/post"}],"author":[{"embeddable":true,"href":"https:\/\/pcb.org.br\/portal2\/wp-json\/wp\/v2\/users\/1"}],"replies":[{"embeddable":true,"href":"https:\/\/pcb.org.br\/portal2\/wp-json\/wp\/v2\/comments?post=3599"}],"version-history":[{"count":0,"href":"https:\/\/pcb.org.br\/portal2\/wp-json\/wp\/v2\/posts\/3599\/revisions"}],"wp:attachment":[{"href":"https:\/\/pcb.org.br\/portal2\/wp-json\/wp\/v2\/media?parent=3599"}],"wp:term":[{"taxonomy":"category","embeddable":true,"href":"https:\/\/pcb.org.br\/portal2\/wp-json\/wp\/v2\/categories?post=3599"},{"taxonomy":"post_tag","embeddable":true,"href":"https:\/\/pcb.org.br\/portal2\/wp-json\/wp\/v2\/tags?post=3599"}],"curies":[{"name":"wp","href":"https:\/\/api.w.org\/{rel}","templated":true}]}}