{"id":3600,"date":"2012-09-25T04:29:38","date_gmt":"2012-09-25T04:29:38","guid":{"rendered":"http:\/\/pcb.org.br\/portal2\/?p=3600"},"modified":"2012-09-25T04:29:38","modified_gmt":"2012-09-25T04:29:38","slug":"pcb-presente-em-ato-a-favor-da-reeleicao-de-chavez","status":"publish","type":"post","link":"https:\/\/pcb.org.br\/portal2\/3600","title":{"rendered":"PCB presente em ato a favor da reelei\u00e7\u00e3o de Ch\u00e1vez"},"content":{"rendered":"\n<p>O PCB esteve presente, na manh\u00e3 dessa segunda-feira (24\/09), em ato em frente ao Consulado da Venezuela no Rio de Janeiro durante o qual militantes e for\u00e7as pol\u00edticas e sociais anti-imperialistas entregaram ao c\u00f4nsul daquele pa\u00eds, Edgar Gonz\u00e1lez, o manifesto\u00a0<strong>&#8220;Brasileiros com Ch\u00e1vez, pela Venezuela e Am\u00e9rica Latina!&#8221;<\/strong>, em apoio \u00e0 reelei\u00e7\u00e3o de Hugo Ch\u00e1vez nas elei\u00e7\u00f5es de 7 de outubro.<\/p>\n<p>De acordo com o secret\u00e1rio-geral do PCB, Ivan Pinheiro, a perman\u00eancia de Ch\u00e1vez no Pal\u00e1cio de Miraflores &#8220;deve servir \u00e0 perspectiva do avan\u00e7o do processo de constru\u00e7\u00e3o do socialismo&#8221;, o que s\u00f3 ocorrer\u00e1 &#8220;com a mobiliza\u00e7\u00e3o e organiza\u00e7\u00e3o dos trabalhadores na constru\u00e7\u00e3o do Poder Popular&#8221;.<\/p>\n<p>Participaram ainda do evento a Uni\u00e3o da Juventude Comunista (UJC), as Brigadas Populares, a FIST, a Marcha Patri\u00f3tica &#8211; que tamb\u00e9m encaminhou ao c\u00f4nsul manifesto espec\u00edfico -, a Casa da Am\u00e9rica Latina e o deputado estadual do Rio de Janeiro Paulo Ramos.<\/p>\n<p>No manifesto, as entidades e militantes afirmam que\u00a0<em>&#8220;A Venezuela \u00e9 um dos raros pa\u00edses do mundo em que os trabalhadores conquistaram novos direitos, ao inv\u00e9s de perd\u00ea-los. No lugar de privatiza\u00e7\u00e3o, promovem-se grandes investimentos estatais na sa\u00fade, educa\u00e7\u00e3o, habita\u00e7\u00e3o popular e servi\u00e7os p\u00fablicos. Foi o segundo pa\u00eds da Am\u00e9rica da Am\u00e9rica Latina a erradicar o analfabetismo, com a valiosa contribui\u00e7\u00e3o da pioneira Cuba&#8221;<\/em>, al\u00e9m de o pa\u00eds estar sendo tamb\u00e9m\u00a0<em>&#8220;o maior obst\u00e1culo aos objetivos hegemonistas dos Estados Unidos na Am\u00e9rica Latina&#8221;<\/em>, tendo se &#8220;<em>colocado na defesa de todos os povos agredidos pelo imperialismo&#8221;<\/em>.<\/p>\n<p>Por isso, a reelei\u00e7\u00e3o de Ch\u00e1vez ser\u00e1 importante para todos os revolucion\u00e1rios e progressistas do mundo.<\/p>\n<p><strong>Brasileiros com Ch\u00e1vez, pela Venezuela e Am\u00e9rica Latina!<\/strong><\/p>\n<p>As elei\u00e7\u00f5es presidenciais na Venezuela neste 7 de outubro ser\u00e3o decisivas para os rumos dos processos de mudan\u00e7as na Am\u00e9rica Latina e balizar\u00e3o a correla\u00e7\u00e3o de for\u00e7as na regi\u00e3o, com impacto em \u00e2mbito mundial.<\/p>\n<p>Uma eventual derrota de Ch\u00e1vez significaria um grande retrocesso, a come\u00e7ar pelo pr\u00f3prio povo venezuelano, que poderia perder as conquistas pol\u00edticas e sociais j\u00e1 asseguradas at\u00e9 aqui pelo processo bolivariano.<\/p>\n<p>Para avaliarmos estas mudan\u00e7as, basta constatar alguns fatos objetivos. A Venezuela \u00e9 um dos raros pa\u00edses do mundo em que os trabalhadores conquistaram novos direitos, ao inv\u00e9s de perd\u00ea-los. No lugar de privatiza\u00e7\u00e3o, promovem-se grandes investimentos estatais na sa\u00fade, educa\u00e7\u00e3o, habita\u00e7\u00e3o popular e servi\u00e7os p\u00fablicos. Foi o segundo pa\u00eds da Am\u00e9rica da Am\u00e9rica Latina a erradicar o analfabetismo, com a valiosa contribui\u00e7\u00e3o da pioneira Cuba.<\/p>\n<p>Para confirmar os avan\u00e7os sociais do governo Ch\u00e1vez, recente relat\u00f3rio da ONU aponta a Venezuela como o pa\u00eds da Am\u00e9rica Latina com menos desigualdade, obviamente depois de Cuba, que n\u00e3o entrou no relat\u00f3rio certamente para n\u00e3o revelar as virtudes do socialismo.<\/p>\n<p>A Venezuela tem sido tamb\u00e9m o maior obst\u00e1culo aos objetivos hegemonistas dos Estados Unidos na Am\u00e9rica Latina e se tem colocado na defesa de todos os povos agredidos pelo imperialismo.<\/p>\n<p>A derrota de Ch\u00e1vez traria preju\u00edzos para outros povos, a come\u00e7ar pelo cubano, com quem a Venezuela hoje mant\u00e9m estreitos la\u00e7os de interc\u00e2mbio baseado na complementaridade e na solidariedade. Seria ainda uma amea\u00e7a para os processos de mudan\u00e7as no Equador e na Bol\u00edvia e um fortalecimento da direita em todo o nosso continente, com reflexos at\u00e9 no Brasil.<\/p>\n<p>Uma situa\u00e7\u00e3o dram\u00e1tica viveriam as for\u00e7as populares colombianas, que lutam por uma solu\u00e7\u00e3o pol\u00edtica para o conflito interno, que t\u00eam origem em profundas injusti\u00e7as sociais. E exatamente no momento em que emerge com for\u00e7a a Marcha Patri\u00f3tica, o maior movimento de massas das \u00faltimas d\u00e9cadas na Am\u00e9rica Latina.<\/p>\n<p>Nesse contexto, cabe a todas as for\u00e7as progressistas e anti-imperialistas expressar inequ\u00edvoco apoio pol\u00edtico militante \u00e0 reelei\u00e7\u00e3o de Hugo Ch\u00e1vez, para que possam avan\u00e7ar as mudan\u00e7as sociais na Venezuela e na Am\u00e9rica Latina, rumo ao socialismo.<\/p>\n<p>Brasil, 4 de setembro de 2012<\/p>\n<p>BRASILEIROS COM CH\u00c1VEZ<\/p>\n<p>Anita Leoc\u00e1dia Prestes \u2013 Presidente do Instituto Luiz Carlos Prestes<\/p>\n<p>Jo\u00e3o Luiz Pinaud \u2013 Presid. da Casa da Am\u00e9rica Latina- CPF:\u00a0<a href=\"tel:031987077-49\" target=\"_blank\">031987077-49<\/a><\/p>\n<p>Modesto da Silveira \u2013 1\u00ba Vice- Presidente CAL \u2013 CPF: 125845417-34<\/p>\n<p>Ivan Pinheiro \u2013 Secret\u00e1rio Geral do PCB<\/p>\n<p>F\u00e1tima Gabriela S. de Azevedo\u00a0\u00a0&#8211; Instituto dos Def. dos Direitos Humanos<\/p>\n<p>Jo\u00e3o Tancredo \u2013 Inst. Defensores dos Direitos Humanos- CPF: 434652347-15<\/p>\n<p>Raymundo de Oliveira \u2013 Engenheiro \u2013 CPF: 023630207-82<\/p>\n<p>Claudia Coelho Soares &#8211;\u00a0\u00a0advogada \u2013 CPF: 907551037-37<\/p>\n<p>Olga Am\u00e9lia Tellles \u2013 Advogada &#8211; TV comunit\u00e1ria- RJ \u2013 CPF: 592464567-34<\/p>\n<p>Severino Batista Cabral \u2013 Metal\u00fargico \u2013CPF: 06123097-53<\/p>\n<p>Sebasti\u00e3o Jos\u00e9 e Silva \u2013 Professor\/Sindicalista \u2013CPF: 023713677-53<\/p>\n<p>Eraldo Bulh\u00f5es Marins \u2013 Sindicato dos M\u00e9dicos- CPF:\u00a0<a href=\"tel:061948095-34\" target=\"_blank\">061948095-34<\/a><\/p>\n<p>Carmem Xantre- 1\u00ba secr. da Casa da Am\u00e9rica Latina \u2013CPF: 329696197-68<\/p>\n<p>Luiz Ragon \u2013 Vice- Pres. do Inst. Luiz Carlos Prestes- CPF: 649329747-87<\/p>\n<p>Katia da Matta Pinheiro \u2013 dir. da Casa da Am\u00e9rica Latina-CPF: 837025397-00<\/p>\n<p>Dilymes P. Nascimento \u2013 Levante Pop. da Juventude.-RJ- CPF:058946817-07<\/p>\n<p>Beatriz Bissio \u2013prof\u00aa \u2013 dir. do Inst. Cultural Brasil\/Uruguay- CPF: 871134147-53<\/p>\n<p>Jos\u00e9 Antonio Sim\u00f5es- Petroleiro \u2013 CPF: 255999687-15<\/p>\n<p>Fl\u00e1vio C. Henriques \u2013 Soltec\/UFRJ \u2013 CPF:\u00a0<a href=\"tel:051764597-10\" target=\"_blank\">051764597-10<\/a><\/p>\n<p>Felipe Addor \u2013 professor e pesquisador\/ UFRJ \u2013 CPF:\u00a0<a href=\"tel:083333287-25\" target=\"_blank\">083333287-25<\/a><\/p>\n<p>Eduardo M. Mu\u00f1uz \u2013 Dir.Sind.Petroleiros- CPF: 560914261- 52<\/p>\n<p>M\u00e1rcia V. Vasconcelos \u2013 Pres.da Fed. das Assoc. de Morad. do Rio de Janeiro<\/p>\n<p>Maria Antonieta Sim\u00f5es \u2013 Ativista Social \u2013 CPF: 046021457-87<\/p>\n<p>Vicente Nepomuceno \u2013 Servidor P\u00fablico Federal<\/p>\n<p>Cesar Duarte Pereira \u2013 Advogado<\/p>\n<p>Br\u00e1ulio Magalh\u00e3es Castro \u2013 Servidor p\u00fablico Federal<\/p>\n<p>Milton Barbosa- Aposentado<\/p>\n<p>Pasqual J. Macariello \u2013 Dir.da Associa\u00e7\u00e3o Jos\u00e9 Mart\u00ed-RJ- CPF:<a href=\"tel:054925647-49\" target=\"_blank\">054925647-49<\/a><\/p>\n<p>Zuleide F. de Melo \u2013 Presidente da Assoc.Jos\u00e9 Mart\u00ed- RJ- CPF:025700847-00<\/p>\n<p>Iucinara da C. Braga de Queiroz \u2013 aposentada<\/p>\n<p>Marcos R. Valadares \u2013 Cinegrafista<\/p>\n<p>Cleuza Deveza- Servidora p\u00fablica federal<\/p>\n<p>Lenira de Araujo Pinheiro- Servidora p\u00fablica federal<\/p>\n<p>Leovegildo p. Leal \u2013 Petroleiro<\/p>\n<p>Victor Medeiros do Pa\u00e7o<\/p>\n<p>L\u00edcia Maciel Hauer \u2013 Professora<\/p>\n<p>Marco Antonio V. Santos \u2013CECAC- Jornal Arma da Cr\u00edtica-<\/p>\n<p>Bernardo Martinez \u2013 Rep\u00fablica Dominicana<\/p>\n<p>Licio Caetano \u2013 Professor<\/p>\n<p>Carlos Eduardo Santos &#8211;<\/p>\n<p>Agildo S. Arag\u00e3o &#8211; Apoosentado<\/p>\n<p>Angel Ramos Garcia \u2013 Consul Adjunto da Venezuela- RJ<\/p>\n<p>Maria Luiza Franco Busse- Jornalista \u2013 CPF: 507400597-34<\/p>\n<p>Zenith Alves \u2013 Professora &#8211;\u00a0\u00a0CPF: 100888817-68<\/p>\n<p>Josete Cavalcante Bezerra \u2013 Ativista Mov. Social<\/p>\n<p>Leda Acquarone de S\u00e1 \u2013 Conselho ABI (Assoc. Brasileira de Imprensa)<\/p>\n<p>Denise Acquarone \u2013 Professora<\/p>\n<p>Pedro Castilho- Petroleiro aposentado- CPF:\u00a0<a href=\"tel:037735158-04\" target=\"_blank\">037735158-04<\/a><\/p>\n<p>Rosa Roldan \u2013 Rede Alerta Contra o Deserto Verde<\/p>\n<p>Guilherme Danilo Monteiro<\/p>\n<p>Gustavo Marun \u2013 Diretor da Casa da Am\u00e9rica Latina- CPF:\u00a0<a href=\"tel:081707687-56\" target=\"_blank\">081707687-56<\/a><\/p>\n<p>Jo\u00e3o Costa \u2013 Grupo Tortura Nunca Mais<\/p>\n<p>Julieta Maria Buoro \u2013 Pesquisadora<\/p>\n<p>Iracema Branco<\/p>\n<p>Sylvia Grabois<\/p>\n<p>Rosa Domeni \u2013 Sindicato dos M\u00e9dicos\/ CAL &#8212; CPF: 512351967-04<\/p>\n<p>Creusa Pereira S. Gomes<\/p>\n<p>Sabino Barroso \u2013 Arquiteto\/ Casa da Am\u00e9rica Latina- CPF: 004447827-53<\/p>\n<p>Mar\u00edlia C. Macedo Barroso \u2013 Professora \u2013 CPF: 199829427-04<\/p>\n<p>Fernando Luiz Silva<\/p>\n<p>Vladimir Filgueiras de Lima \u2013 PCB\/ Mov. Popular- CPF: 693131217-00<\/p>\n<p>Marco Antonio G. de Andrade \u2013 Serv. P\u00fablico Estadual \u2013 CPF:\u00a0<a href=\"tel:88857492-53\" target=\"_blank\">88857492-53<\/a><\/p>\n<p>Sandro Pena \u2013 Comerci\u00e1rio<\/p>\n<p>K\u00e1tia do Prado Valladares \u2013 Centro de Mem\u00f3ria Osny Duate Pereira<\/p>\n<p>Luis Claudio Oliveira<\/p>\n<p>Moyses Ajhemblat \u2013 Instituto Casa Grande \u2013CPF: 001257188-17<\/p>\n<p>Joba Alves \u2013 Movimento dos Sem Terra- dire\u00e7\u00e3o Nacional<\/p>\n<p>Jos\u00e9 Carlos dos Santos \u2013Petroleiro<\/p>\n<p>Ricardo Pinheiro \u2013Dir. Estadual do PCB &#8211; CPF: 815149307-06<\/p>\n<p>Murilo Alves \u2013 N\u00facleo da D\u00edvida Cidad\u00e3 &#8211; RJ- CPF: 039508167-04<\/p>\n<p>Luiz Carlos Santos- Engenheiro<\/p>\n<p>Carmen Diniz \u2013Comit\u00ea dos Cinco Cubanos- MST<\/p>\n<p>Valmiria Guida- CAL\/PCB\/ C. de Mulheres Ana Montenegro- CPF:434605007-78<\/p>\n<p>Andr\u00e9 Borges \u2013 Poeta\/jornalista \u2013CPF: 648395837&#8211;49<\/p>\n<p>In\u00e1 Meirelles- M\u00e9dica- ex.Presidente da Central \u00danica dos Trabalhadores<\/p>\n<p>Gisele Rodrigues \u2013 Diretora da Casa da Am\u00e9rica Latina &#8211;<\/p>\n<p>Jorge Carpio \u2013\u00a0\u00a0Casa da Am\u00e9rica Latina\/advogado- CPF:174173687-00<\/p>\n<p>Nilza Goulart Carpio \u2013<\/p>\n<p>Ivete Marisa Cassali \u2013 PCB\/ Movimento Social<\/p>\n<p>Paulo Roberto Moreira \u00b4- PCB\/ Servidor P\u00fablico Federal \u2013CPF: 405949987-00<\/p>\n<p>Carlos Telles \u2013 Partido Comunista Brasileiro \u2013CPF:008042742-20<\/p>\n<p>Rosangela Ascen\u00e7\u00e3o \u2013 Servidora P\u00fablica Federal- CPF: 399895857-68<\/p>\n<p>Ronald Santos Barata \u2013 Mov. De Resist\u00eancia Leonel Brizola \u2013RJ<\/p>\n<p>Renato D. Fialho Martins \u2013 Ge\u00f3grafo\/ Professor- ID:11726.730-2 IFP-RJ<\/p>\n<p>Carlos G. Tamm \u2013Vice- Pres. da Assoc. Jos\u00e9 Mart\u00ed\u2013 RJ- CPF: 01674756-39<\/p>\n<p>Nadia Christino \u2013 Casa da Am\u00e9rica Latina- PCB \u2013 CPF: 824510307-30<\/p>\n<p>Geraldo C\u00e2ndido da Silva \u2013 Ferrovi\u00e1rio- ex. Senador da Rep\u00fablica do Brasil<\/p>\n<p>Carlos Luiz G. de Souza-<\/p>\n<p>Nilma Lopes- CPF: 524549227-98<\/p>\n<p>Regina Oliveira \u2013 CPF: 839426617-72<\/p>\n<p>Sueli S. Branco \u2013 CPF: 370829497-15<\/p>\n<p>Alberto Francilio M. Filho \u2013 CPF: 268394747-04<\/p>\n<p>Carlos Potengy-\u00a0\u00a0Banc\u00e1rio<\/p>\n<p>Edilson Neves Gomes- Sec. Organiza\u00e7\u00e3o PCB- CPF: 496399197-72<\/p>\n<p>Vanessa Guida Cardoso \u2013 Estudante \u2013Artista Pl\u00e1stica &#8211; CPF: 092149877-26<\/p>\n<p>Zola Xavier \u2013 Jornalista \u2013 mat. 1003 SRT\/RJ<\/p>\n<p>Vito Giannotti \u2013 Coordenador do NPC\/Escritor-\u00a0\u00a0CPF:\u00a0\u00a0428346788-04<\/p>\n<p>Alexandre Von Der Way da Silva \u2013Mov. Popular\/PCB\u00a0\u00a0&#8211; CPF: 967014637-20<\/p>\n<p>Daniel Reis \u2013 Arquivista- Mov. Social-PCB- CPF: 082007147-13<\/p>\n<p>Lenin Novaes \u2013 Jornalista\/ Assoc. Bras. De Imprensa \u2013CPF: 369187337-53<\/p>\n<p>Paulo R. Moreira- Func.P\u00fablico Federa\/PCB- CPF: 405949987-00<\/p>\n<p>Jo\u00e3o Luiz D. Pinaud Neto- Estudante- CPF: 105452407-60<\/p>\n<p>Abel Torres \u2013 Trab. Sindicato dos Banc\u00e1rios- RJ \u2013 CPF: 607073057-72<\/p>\n<p>Edimir Cort\u00eas \u2013 Ativista Social \u2013<\/p>\n<p>Jorge Folena \u2013 Advogado \u2013 IAB (Instituto dos Advogados Brasileiros)<\/p>\n<p>Heitor Cesar de Oliveira \u2013Historiador \u2013 CPF: 102761024-70<\/p>\n<p>Paulo Schueler \u2013 Jornalista \u2013 PCB &#8211; CPF:\u00a0<a href=\"tel:044509836-88\" target=\"_blank\">044509836-88<\/a><\/p>\n<p>Hiran Roedel \u2013 Historiador \u2013CPF: 636751967-04<\/p>\n<p>Virginia Fontes \u2013 Professora\/Historiadora \u2013CPF: 270389397-34<\/p>\n<p>Almir Paulo \u2013 Jornalista<\/p>\n<p>Luna L\u00facia \u2013 Estudante \u2013 Coletivo de Estudantes Afrocolombiano- Col\u00f4mbia<\/p>\n<p>Dinarco Reios Filho \u2013 Petroleiro \u2013CPF:\u00a0<a href=\"tel:035316888-87\" target=\"_blank\">035316888-87<\/a><\/p>\n<p>N\u00fabia Galeno \u2013 Ativista Movimento Negro<\/p>\n<p>Luiz Felipe Oiticica \u2013 M\u00fasico &#8211;\u00a0\u00a0CPF: 304406887-87<\/p>\n<p>Francisco Isnard Barrocas \u2013 Petroleiro-\u00a0\u00a0CPF: 028098777-34<\/p>\n<p>Aiman Franco \u2013 Petroleiro \u2013<\/p>\n<p>Marta Maria Bar\u00e7ante \u2013 Serv. P\u00fablica Estadual \u2013 CPF: 672686927-49<\/p>\n<p>Luis M. Ferndandes \u2013 Estudante- Uni\u00e3o da Juventude Comunista-<\/p>\n<p>Mauricio Azedo \u2013 Presidente Associa\u00e7\u00e3o Brasileira de Imprensa (ABI)<\/p>\n<p>Ana Am\u00e9lia R.Ribeiro \u2013 Artista Pl\u00e1stica\u00a0\u00a0-CPF:\u00a0<a href=\"tel:068552177-02\" target=\"_blank\">068552177-02<\/a><\/p>\n<p>Carmen Ponte- Aposentada \u2013 CPF: 238076527-87<\/p>\n<p>Jos\u00e9 Renato A. Rodrigues \u2013 Professor\/ PCB \u2013 CPF:\u00a0<a href=\"tel:019242517-01\" target=\"_blank\">019242517-01<\/a><\/p>\n<p>Fernando Chagas- Produtor Cultural \u2013 Cabo Frio-RJ<\/p>\n<p>Alfonso Albarracin \u2013 Coletivo de Pando- Bol\u00edvia<\/p>\n<p>Aluizio Palmar \u2013 Jornalista \/ Pesquisador<\/p>\n<p>Ana Claudia Garcia- Coletivo-RJ &#8211; Rede Democracia<\/p>\n<p>Carlos Pronzato \u2013 Cineasta\/Argentino<\/p>\n<p>Euclides Lopes \u2013 Movimento Resist\u00eancia Leonel Brizola (MRLB)<\/p>\n<p>Luiz Romero \u2013 Cineasta \u2013 Panam\u00e1<\/p>\n<p>Maria Lucia Fattorelli \u2013 Auditoria Cidad\u00e3<\/p>\n<p>Marta Almeida \u2013 Movimento Negro Unificado \u2013 Recife\/Pernambuco<\/p>\n<p>Martin Almada- Jurista \u2013 Pesquisador \u2013 Paraguai<\/p>\n<p>Hemaly Rebeca C. Chacon \u2013ID 10499333-8- Centro de Est. Pol\u00edtico Salvador Allende \u2013S\u00e3o Paulo<\/p>\n<p>Antonio Montenegro \u2013 Pesquisador da Cultural Afro<\/p>\n<p>Leila Miccolis \u2013 Escritora \u2013 Professora UFRJ<\/p>\n<p>APAP- Anistiados Pol\u00edticos de Pernambuco<\/p>\n<p>Maria Antonieta Rubio Tyrrel \u2013 Professora-\u00a0\u00a0UFRJ<\/p>\n<p>Antonio C. Conrado \u2013 Ativista Social<\/p>\n<p>Andr\u00e9 de Paula- Advogado \u2013 CPF:310945707-53\/ OAB-RJ 33926<\/p>\n<p>Frente Internacional dos Sem Teto (FIST)<\/p>\n<p>Pedro Castro \u2013Professor \u2013Historiador \u2013 CPF: 001861635-68<\/p>\n<p>Margarida Nepomuceno \u2013 Critica de Artes da USP (Universidade de S\u00e3o Paulo)<\/p>\n<p>Irun San\u2019tanna \u2013 M\u00e9dico- PCB<\/p>\n<p>Eduardo Motta Esteves \u2013 Corretor \u2013 CPF: 977789077-04<\/p>\n<p>Edmilson Costa- Rela\u00e7\u00f5es Internacionais do PCB \u2013 CPF: 044976433-87<\/p>\n<p>Paulo Jorge P. da Silva \u2013 Banc\u00e1rio<\/p>\n<p>Elvira de S. Cavalcanti \u2013 Militante do PCB\/ Pernambuco- CPF: 898883834-34<\/p>\n<p>Agenda Col\u00f4mbia Rio de Janeiro<\/p>\n<p>Marcha Patri\u00f3tica- Capitulo Brasil<\/p>\n<p>Adelino Ribeiro Chaves \u2013 Petroleiro \u2013 CPF: 116549887-15<\/p>\n<p>Guillhermo G. S. Vera \u2013ID 5265224-3- Centro Estudo Pol\u00edtico Salvador Allende<\/p>\n<p>Reginaldo Aravena Parada \u2013 Centro de Estudo Pol\u00edtico Salvador Allende<\/p>\n<p>Emanuel Cancella \u2013 Petroleiro<\/p>\n<p>Francisco Soriano \u2013 Petroleiro<\/p>\n<p>Coordena\u00e7\u00e3o do Sindicato dos Petroleiros \u2013RJ<\/p>\n<p>Tamina Rody \u2013 Estudante \u2013 UJC<\/p>\n<p>Gisele\u00a0\u00a0Rodrigues \u2013 Economista \u2013 Dir. Cultural da CAL \u2013 CPF: 955322267-68<\/p>\n<p>Paulo Ramos- Deputado Estadual \u2013 CPF: 032739707-15<\/p>\n<p>Geraldo Martins A. Filho \u2013Editora Express\u00e3o Popular e Educador<\/p>\n<p>Andreia Donadon Leal \u2013 Mestre em Literatura- Univ.Fed. de Vi\u00e7osa- MG<\/p>\n<p>Aquiles Wezel Bravo \u2013 ID- 6051992-7 \u2013 Centro Estudo Salvador Allende)<\/p>\n<p>Ester de jesuas Gaete Urbano- ID- 2808038-7 \u2013CEPSAG- S\u00e3o Paulo<\/p>\n<p>Diafama Luz Del Carmen \u2013 ID- 4694018-0 \u2013CEPSAG \u2013S\u00e3o Paulo<\/p>\n<p>Cipriano Alejandro Aravena- ID- W645295-F \u2013CEPSAG \u2013S\u00e3o Paulo<\/p>\n<p>Juan H. Cifuentes \u2013ID- 6039842-9 \u2013 CEPSAG \u2013 S\u00e3o Paulo<\/p>\n<p>Efrain Del Carmen Medina Tapia \u2013 CEPSAG- S\u00e3o Paulo<\/p>\n<p>Rigoberto F. A. Marinquez \u2013 ID- 5015173-5- CEPSAG \u2013S\u00e3o Paulo<\/p>\n<p>Hector T. Baeza Zavala \u2013 ID- 7873868-5 \u2013 CEPSAG- S\u00e3o Paulo<\/p>\n<p>Humberto Enrique Q. Rojas \u2013ID 2743760-5 \u2013CEPSAG \u2013S\u00e3o Paulo<\/p>\n<p>Alejandro Fuentes Fredes \u2013 ID 5372832-4 \u2013CEPSAG \u2013 S\u00e3o Paulo<\/p>\n<p>Carlos F. B. Quilodran \u2013ID 7117158-2 \u2013 CEPSAG \u2013S\u00e3o Paulo<\/p>\n<p>Fredy S. Bahamondes Barria \u2013 ID 7087129-7<\/p>\n<p>Martin Segundo Vivanco Lagos \u2013ID 7362860-2<\/p>\n<p>Osvaldo Andres Estay Cortes \u2013 ID 4852226-2<\/p>\n<p>Gustavo A. Antognini Chacana \u2013 ID 5608079-0- CEPSAG- S\u00e3o Paulo<\/p>\n<p>M\u00aa Eugenia Lopez Marin- ID 4398301-6 \u2013CEPSAG- S\u00e3o Paulo<\/p>\n<p>Guilhermo Mella Valespin \u2013ID 5007553-2 \u2013 CEPSAG- S\u00e3o Paulo<\/p>\n<p>Luz Dias Castro \u2013 ID 5170377-4 \u2013 CEPSAG \u2013 S\u00e3o Paulo<\/p>\n<p>Pablo Elgueta Riffo \u2013 ID 5608074-0 \u2013 CEPSAG \u2013 S\u00e3o Paulo<\/p>\n<p>Alonso Orellana Diaz \u2013 ID 4947637-K- CEPSAG- S\u00e3o Paulo<\/p>\n<p>Lucio\u00a0\u00a0Amable C. Olivarez \u2013 ID 5255412-8 \u2013S\u00e3o Paulo<\/p>\n<p>Reinaldo V. Bermedo Perez \u2013 ID 6048092-3- CEPSAG- S\u00e3o Paulo<\/p>\n<p>Nilo Ortiz Pizarro \u2013 ID 5718798-0 \u2013CEPSAG \u2013S\u00e3o Paulo<\/p>\n<p>Isabel Ayancan Quezada- ID 6576579-9 \u2013CEPSAG \u2013<\/p>\n<p>Waldo Lobo Castillo \u2013 ID 4556790-7 \u2013CEPSAG<\/p>\n<p>Emilio Del Transito C. Lopez \u2013ID 6581864-4<\/p>\n<p>Roberto Pacheco Negrete \u2013 ID 5165290-8 \u2013CEPSAG<\/p>\n<p>Hilda L. Ortega Gatica \u2013ID 5568474-K \u2013CEPSAG<\/p>\n<p>Sergio Sanchez Bahamondes \u2013 ID 4182329-1<\/p>\n<p>Eduardo Saez Maldonado \u2013 ID 4626548-3<\/p>\n<p>Marcos Ant\u00ba Encina Sunara \u2013 Centro de Estudo Pol\u00edtico Salvador Allende-<\/p>\n<p>M\u00aa Del Carmen Benevente Rojas \u2013 ID 5993589-2<\/p>\n<p>Arturo S. Guerrero Cisterna \u2013 ID 4544175 -K\u00a0\u00a0-CEPSAG<\/p>\n<p>Manuel J. Guerrero Cisterna \u2013 ID 4596198-K \u2013 CEPSAG<\/p>\n<p>Ruben Ernesto Pezo Padilla- ID 7334503-0<\/p>\n<p>Berta E. Morales Figueroa \u2013ID 5096048-K<\/p>\n<p>Juan Carlos M. Perez\u00a0\u00a0-ID 5313666-4<\/p>\n<p>Remigia Nahuelpan Huaquimil \u2013ID 6572623-3<\/p>\n<p>Maunel J. Guerra Sep\u00falveda \u2013ID 5741973-3<\/p>\n","protected":false},"excerpt":{"rendered":"\n\n\nCr\u00e9dito: PCB\n\n\n\n\n\n\n\n\n<a class=\"moretag\" href=\"https:\/\/pcb.org.br\/portal2\/3600\"> <\/a>","protected":false},"author":1,"featured_media":0,"comment_status":"open","ping_status":"open","sticky":false,"template":"","format":"standard","meta":{"jetpack_post_was_ever_published":false,"_jetpack_newsletter_access":"","_jetpack_dont_email_post_to_subs":false,"_jetpack_newsletter_tier_id":0,"_jetpack_memberships_contains_paywalled_content":false,"_jetpack_memberships_contains_paid_content":false,"footnotes":"","jetpack_publicize_message":"","jetpack_publicize_feature_enabled":true,"jetpack_social_post_already_shared":false,"jetpack_social_options":{"image_generator_settings":{"template":"highway","default_image_id":0,"font":"","enabled":false},"version":2}},"categories":[45],"tags":[],"class_list":["post-3600","post","type-post","status-publish","format-standard","hentry","category-c54-venezuela"],"jetpack_publicize_connections":[],"jetpack_featured_media_url":"","jetpack_shortlink":"https:\/\/wp.me\/p659gw-W4","jetpack-related-posts":[],"jetpack_likes_enabled":true,"jetpack_sharing_enabled":true,"_links":{"self":[{"href":"https:\/\/pcb.org.br\/portal2\/wp-json\/wp\/v2\/posts\/3600","targetHints":{"allow":["GET"]}}],"collection":[{"href":"https:\/\/pcb.org.br\/portal2\/wp-json\/wp\/v2\/posts"}],"about":[{"href":"https:\/\/pcb.org.br\/portal2\/wp-json\/wp\/v2\/types\/post"}],"author":[{"embeddable":true,"href":"https:\/\/pcb.org.br\/portal2\/wp-json\/wp\/v2\/users\/1"}],"replies":[{"embeddable":true,"href":"https:\/\/pcb.org.br\/portal2\/wp-json\/wp\/v2\/comments?post=3600"}],"version-history":[{"count":0,"href":"https:\/\/pcb.org.br\/portal2\/wp-json\/wp\/v2\/posts\/3600\/revisions"}],"wp:attachment":[{"href":"https:\/\/pcb.org.br\/portal2\/wp-json\/wp\/v2\/media?parent=3600"}],"wp:term":[{"taxonomy":"category","embeddable":true,"href":"https:\/\/pcb.org.br\/portal2\/wp-json\/wp\/v2\/categories?post=3600"},{"taxonomy":"post_tag","embeddable":true,"href":"https:\/\/pcb.org.br\/portal2\/wp-json\/wp\/v2\/tags?post=3600"}],"curies":[{"name":"wp","href":"https:\/\/api.w.org\/{rel}","templated":true}]}}