{"id":3602,"date":"2012-09-26T01:20:59","date_gmt":"2012-09-26T01:20:59","guid":{"rendered":"http:\/\/pcb.org.br\/portal2\/?p=3602"},"modified":"2012-09-26T01:20:59","modified_gmt":"2012-09-26T01:20:59","slug":"98-das-vitimas-de-ataques-de-avioes-nao-tripulados-dos-eua-sao-civis-indefesos","status":"publish","type":"post","link":"https:\/\/pcb.org.br\/portal2\/3602","title":{"rendered":"98% das v\u00edtimas de ataques de avi\u00f5es n\u00e3o-tripulados dos EUA s\u00e3o civis indefesos"},"content":{"rendered":"<br \/>\n<hr \/>\n<p>O levantamento p\u00f5e por terra os argumentos de que estas opera\u00e7\u00f5es s\u00e3o de car\u00e1ter \u201ccir\u00fargico\u201d e de que seu uso em \u00e1reas onde supostamente se concentram grupos como os Talib\u00e3s e a Al Qaeda, como no Afeganist\u00e3o, fazem do mundo um lugar mais seguro.<\/p>\n<p>De acordo com o jornal <em>The Independent<\/em>, os pesquisadores mostram que os efeitos dos ataques v\u00e3o al\u00e9m das mortes de vivis e afetam psicologicamente a popula\u00e7\u00e3o e destruindo a economia local.<\/p>\n<p>A pesquisa, em suas conclus\u00f5es, pede ao governo dos EUA reavalie o programa de uso desses equipamentos, que vem se expandindo nos \u00faltimos dois anos em pa\u00edses como Som\u00e1lia, I\u00eamen e Paquist\u00e3o.<\/p>\n<p>Os bombardeios v\u00eam sendo questionados nos tribunais por diversas organiza\u00e7\u00f5es, como a <em>Reprieve<\/em>, que luta contra os ataques de avi\u00f5es n\u00e3o tripulados em tribunais brit\u00e2nicos, paquistaneses e americanos.<\/p>\n<p>As chamadas a\u00e7\u00f5es \u201ccir\u00fargicas\u201d foram inauguradas na Guerra do Iraque, a primeira, comandada pelo presidente Bush, o pai. Fazem parte de um extenso estoque de meios de interven\u00e7\u00e3o dos pa\u00edses imperialistas nos pa\u00edses menos desenvolvidos para a garantia de seus interesses, como a espionagem, a sabotagem, os assassinatos pol\u00edticos e outros mais.<\/p>\n<p>S\u00e3o um triste corol\u00e1rio de uma escalada de desespero do sistema capitalista apoiado pelos Estados mais fortes, que n\u00e3o suporta o conv\u00edvio com as lutas dos povos por sua autodetermina\u00e7\u00e3o e por justi\u00e7a social.<\/p>\n<p>Os bombardeios partem do princ\u00edpio de que todos os cidad\u00e3os de pa\u00edses pobres s\u00e3o suspeitos de serem \u201cterroristas\u201d, ao mesmo tempo em que imp\u00f5em o medo como forma \u00faltima de domina\u00e7\u00e3o.<\/p>\n<p>Os bombardeios t\u00eam que cessar. Merecem o total rep\u00fadio e exigem a den\u00fancia e a mobiliza\u00e7\u00e3o militante de todos os que lutam por liberdade e justi\u00e7a.<\/p>\n","protected":false},"excerpt":{"rendered":" O Olhar Comunista dessa ter\u00e7a destaca pesquisa realizada pelas Universidades norte-americanas de Stanford e Nova York sobre o uso de avi\u00f5es n\u00e3o tripulados (os drones) em opera\u00e7\u00e3o \u201canti-terror\u201d.\n<a class=\"moretag\" href=\"https:\/\/pcb.org.br\/portal2\/3602\"> <\/a>","protected":false},"author":1,"featured_media":0,"comment_status":"open","ping_status":"open","sticky":false,"template":"","format":"standard","meta":{"jetpack_post_was_ever_published":false,"_jetpack_newsletter_access":"","_jetpack_dont_email_post_to_subs":false,"_jetpack_newsletter_tier_id":0,"_jetpack_memberships_contains_paywalled_content":false,"_jetpack_memberships_contains_paid_content":false,"footnotes":"","jetpack_publicize_message":"","jetpack_publicize_feature_enabled":true,"jetpack_social_post_already_shared":false,"jetpack_social_options":{"image_generator_settings":{"template":"highway","default_image_id":0,"font":"","enabled":false},"version":2}},"categories":[100],"tags":[],"class_list":["post-3602","post","type-post","status-publish","format-standard","hentry","category-c113-a-semana-no-olhar-comunista"],"jetpack_publicize_connections":[],"jetpack_featured_media_url":"","jetpack_shortlink":"https:\/\/wp.me\/p659gw-W6","jetpack-related-posts":[],"jetpack_likes_enabled":true,"jetpack_sharing_enabled":true,"_links":{"self":[{"href":"https:\/\/pcb.org.br\/portal2\/wp-json\/wp\/v2\/posts\/3602","targetHints":{"allow":["GET"]}}],"collection":[{"href":"https:\/\/pcb.org.br\/portal2\/wp-json\/wp\/v2\/posts"}],"about":[{"href":"https:\/\/pcb.org.br\/portal2\/wp-json\/wp\/v2\/types\/post"}],"author":[{"embeddable":true,"href":"https:\/\/pcb.org.br\/portal2\/wp-json\/wp\/v2\/users\/1"}],"replies":[{"embeddable":true,"href":"https:\/\/pcb.org.br\/portal2\/wp-json\/wp\/v2\/comments?post=3602"}],"version-history":[{"count":0,"href":"https:\/\/pcb.org.br\/portal2\/wp-json\/wp\/v2\/posts\/3602\/revisions"}],"wp:attachment":[{"href":"https:\/\/pcb.org.br\/portal2\/wp-json\/wp\/v2\/media?parent=3602"}],"wp:term":[{"taxonomy":"category","embeddable":true,"href":"https:\/\/pcb.org.br\/portal2\/wp-json\/wp\/v2\/categories?post=3602"},{"taxonomy":"post_tag","embeddable":true,"href":"https:\/\/pcb.org.br\/portal2\/wp-json\/wp\/v2\/tags?post=3602"}],"curies":[{"name":"wp","href":"https:\/\/api.w.org\/{rel}","templated":true}]}}